{"id":228059,"date":"2025-07-05T12:08:11","date_gmt":"2025-07-05T12:08:11","guid":{"rendered":"https:\/\/www.europesays.com\/fr\/228059\/"},"modified":"2025-07-05T12:08:11","modified_gmt":"2025-07-05T12:08:11","slug":"apres-avoir-perdu-lusage-de-sa-main-mathys-golfeur-de-21-ans-vise-le-plus-haut-niveau","status":"publish","type":"post","link":"https:\/\/www.europesays.com\/fr\/228059\/","title":{"rendered":"apr\u00e8s avoir perdu l&rsquo;usage de sa main, Mathys, golfeur de 21 ans, vise le plus haut niveau"},"content":{"rendered":"<p class=\"article__intro\">Trois ans apr\u00e8s un accident de moto qui lui a co\u00fbt\u00e9 l\u2019usage de sa main droite, Mathys Mausole s\u2019impose comme l\u2019un des talents prometteurs du handigolf fran\u00e7ais. \u00c0 21 ans, son ascension impressionne autant que sa d\u00e9termination inspire.<\/p>\n<p>\n      Soci\u00e9t\u00e9\n    <\/p>\n<p>\n      De la vie quotidienne aux grands enjeux, d\u00e9couvrez les sujets qui font la soci\u00e9t\u00e9 locale, comme la justice, l\u2019\u00e9ducation, la sant\u00e9 et la famille.\n    <\/p>\n<p>    France T\u00e9l\u00e9visions utilise votre adresse e-mail afin de vous envoyer la newsletter \u00ab\u00a0Soci\u00e9t\u00e9\u00a0\u00bb. Vous pouvez vous d\u00e9sinscrire \u00e0 tout moment via le lien en bas de cette newsletter. <a target=\"_blank\" href=\"https:\/\/www.francetelevisions.fr\/groupe\/confidentialite\/politique-de-confidentialite\/politique-de-confidentialite-de-france-televisions-6503\" rel=\"nofollow noopener\">Notre politique de confidentialit\u00e9<\/a><\/p>\n<p>Tout commence par un choc. Celui du bitume. Le 25 juin 2022 \u00e0 Bordeaux, Mathys est passager \u00e0 moto quand l&rsquo;accident survient. Le bilan est lourd : fracture ouverte du coude, de l\u2019avant-bras et de la pommette. Mais surtout, un syndrome des loges aigu, qui impacte gravement la vascularisation de sa main droite, pouvant aller jusqu\u2019\u00e0 l\u2019amputation. Vingt-deux op\u00e9rations suivront.<\/p>\n<p>Ses projets volent en \u00e9clats. Fini le rugby, qu\u2019il pratiquait depuis l\u2019enfance. Fini aussi, le r\u00eave de devenir infirmier : \u00ab\u00a0j\u2019ai d\u00fb accepter que ma motricit\u00e9 ne me permettait plus de poursuivre une carri\u00e8re dans le param\u00e9dical, un domaine qui m\u2019\u00e9tait cher\u00a0\u00bb, regrette-t-il.<\/p>\n<p><a data-article-figure=\"\" href=\"https:\/\/france3-regions.franceinfo.fr\/image\/B9aafNPn93tnnd47E51dPDb8fxA\/1368x1824\/regions\/2025\/06\/26\/19085398-549e-4885-ba14-52830641b8b9-2-685d49165d730914178130.jpg\" data-pswp-width=\"1368\" data-pswp-height=\"1824\" target=\"_blank\" rel=\"nofollow noopener\"><\/p>\n<p>          <img width=\"600\" height=\"400\" class=\"article-image lazy\" data-src=\"https:\/\/www.europesays.com\/fr\/wp-content\/uploads\/2025\/07\/19085398-549e-4885-ba14-52830641b8b9-2-685d49165d730914178130.jpg\" alt=\"Mathys dans son lit d'h\u00f4pital en \u00e9t\u00e9 2022 \" fetchpriority=\"high\" as=\"image\"\/><\/p>\n<p>\n            Mathys dans son lit d&rsquo;h\u00f4pital en \u00e9t\u00e9 2022<br \/>\n                           \u2022<br \/>\n                                      \u00a9 France 3 Aquitaine\n                      <\/p>\n<p><\/a><\/p>\n<p>\u00c0 la rentr\u00e9e 2023, Mathys entame une r\u00e9orientation, dans des \u00e9tudes de finance dans l\u2019immobilier. Durant un stage dans une agence \u00e0 Bordeaux, il rejoint son directeur dans son bureau et aper\u00e7oit un tapis de putting au sol. Par jeu, il saisit un club : \u00a0\u00bb\u00a0Mathys s\u2019y est essay\u00e9, sans r\u00e9el succ\u00e8s. Alors je lui ai propos\u00e9 de venir essayer sur un vrai practice\u00a0\u00bb, se souvient Jean-Baptiste Josselin.<\/p>\n<p>Pouss\u00e9 par un m\u00e9lange de frustration et de d\u00e9fi personnel, Mathys se rend sur un terrain de golf le week-end suivant. Les premiers coups sont compliqu\u00e9s, mais l\u2019envie est l\u00e0. Tr\u00e8s vite, cela devient obsession. Le jeune Bordelais s\u2019entra\u00eene chaque jour, s\u2019\u00e9quipe d\u2019une attelle sur mesure pour pouvoir maintenir son club en main. Les sensations reviennent, le plaisir aussi : \u00ab\u00a0le golf a vraiment \u00e9merg\u00e9 comme un moyen de me d\u00e9passer \u00e0 nouveau, c&rsquo;est un sport compatible avec mon handicap\u00a0\u00bb.<\/p>\n<p>Peu \u00e0 peu, Mathys d\u00e9couvre l\u2019univers du handigolf, s\u2019inscrit \u00e0 des tournois dans sa cat\u00e9gorie, et se fait remarquer par ses performances. Son engagement, sa progression rapide et sa rage de vaincre attirent l\u2019attention.<\/p>\n<p>Jusqu\u2019au jour o\u00f9 B\u00e9atrice Pavon croise son chemin. Ancienne joueuse professionnelle, aujourd\u2019hui coach, elle est aussi la m\u00e8re du num\u00e9ro un fran\u00e7ais de golf, Matthieu Pavon. Leur premier \u00e9change a lieu par t\u00e9l\u00e9phone, apr\u00e8s qu\u2019un ami commun lui a parl\u00e9 du jeune Bordelais : \u00ab\u00a0je me souviens d\u2019un gar\u00e7on hyper motiv\u00e9, qui n\u2019attendait pas qu\u2019on le plaigne. Il avait une vision, une envie. J\u2019ai voulu le rencontrer, il m\u2019a bluff\u00e9e\u00a0\u00bb, se rappelle-t-elle.<br \/>Le rendez-vous est fix\u00e9 sur un practice. B\u00e9atrice observe, corrige, conseille. Rapidement, elle comprend qu\u2019il s\u2019agit plus qu\u2019un simple coup de c\u0153ur sportif.<\/p>\n<blockquote class=\"ftvi_content_quote\">\n<p class=\"ftvi_citation_quote\">Le projet, il est magnifique. Il est ambitieux. C\u2019est une fa\u00e7on \u00e0 lui de se sauver.\u00a0<\/p>\n<p>B\u00e9atrice Pavon <\/p>\n<p class=\"ftvi_citation_source\">Coach de Mathys Mausole<\/p>\n<\/blockquote>\n<p><a data-article-figure=\"\" href=\"https:\/\/france3-regions.franceinfo.fr\/image\/9MhRlJa3TqMilboEktqjitpC2iw\/1035x1837\/regions\/2025\/06\/26\/image-26-06-2025-a-15-11-685d493f6b1a8663309945.jpg\" data-pswp-width=\"1035\" data-pswp-height=\"1837\" target=\"_blank\" rel=\"nofollow noopener\"><\/p>\n<p>          <img width=\"600\" height=\"400\" class=\"article-image lazy\" data-src=\"https:\/\/www.europesays.com\/fr\/wp-content\/uploads\/2025\/07\/image-26-06-2025-a-15-11-685d493f6b1a8663309945.jpg\" alt=\"B\u00e9atrice Pavon, aupr\u00e8s de son \u00e9l\u00e8ve \" fetchpriority=\"high\" as=\"image\"\/><\/p>\n<p>\n            B\u00e9atrice Pavon, aupr\u00e8s de son \u00e9l\u00e8ve<br \/>\n                           \u2022<br \/>\n                                      \u00a9 France 3 Aquitaine\n                      <\/p>\n<p><\/a><\/p>\n<p>Si Mathys avance, c\u2019est aussi gr\u00e2ce aux siens. Ses amis proches ne l\u2019ont jamais l\u00e2ch\u00e9, pr\u00e9sents lors des r\u00e9\u00e9ducations, des premiers swings, et des premiers tournois. Et surtout, sa m\u00e8re, pilier ind\u00e9fectible depuis l\u2019accident. \u00ab\u00a0On \u00e9prouve une grande fiert\u00e9 en tant que parent. Ca a \u00e9t\u00e9 un chamboulement du jour au lendemain et le voir \u00e9panoui aujourd\u2019hui, apr\u00e8s cette \u00e9preuve, c\u2019est magnifique\u00a0\u00bb, confie-t-elle. Le golf a chang\u00e9 la trajectoire de son fils, mais c\u2019est sa force de caract\u00e8re qui l\u2019emm\u00e8ne, chaque jour un peu plus loin.<\/p>\n<p>Mathys Mausole ne compte pas s\u2019arr\u00eater l\u00e0. Son but est clair, rejoindre l\u2019\u00e9quipe de France de handigolf, et si la discipline est retenue, repr\u00e9senter la France aux Jeux paralympiques de Brisbane en 2032 : \u00ab\u00a0mon objectif est de devenir l\u2019un des meilleurs golfeurs handisport de haut niveau\u00a0\u00bb, affirme-t-il avec assurance.<br \/>En mai 2025, Mathys est devenu vice-champion de France dans sa cat\u00e9gorie en net. Son r\u00eave n&rsquo;est plus tr\u00e8s loin.<\/p>\n","protected":false},"excerpt":{"rendered":"Trois ans apr\u00e8s un accident de moto qui lui a co\u00fbt\u00e9 l\u2019usage de sa main droite, Mathys Mausole&hellip;\n","protected":false},"author":2,"featured_media":228060,"comment_status":"","ping_status":"","sticky":false,"template":"","format":"standard","meta":{"footnotes":""},"categories":[1418],"tags":[1011,27,1472,60],"class_list":{"0":"post-228059","1":"post","2":"type-post","3":"status-publish","4":"format-standard","5":"has-post-thumbnail","7":"category-golf","8":"tag-fr","9":"tag-france","10":"tag-golf","11":"tag-sports"},"share_on_mastodon":{"url":"https:\/\/pubeurope.com\/@fr\/114800551712263934","error":""},"_links":{"self":[{"href":"https:\/\/www.europesays.com\/fr\/wp-json\/wp\/v2\/posts\/228059","targetHints":{"allow":["GET"]}}],"collection":[{"href":"https:\/\/www.europesays.com\/fr\/wp-json\/wp\/v2\/posts"}],"about":[{"href":"https:\/\/www.europesays.com\/fr\/wp-json\/wp\/v2\/types\/post"}],"author":[{"embeddable":true,"href":"https:\/\/www.europesays.com\/fr\/wp-json\/wp\/v2\/users\/2"}],"replies":[{"embeddable":true,"href":"https:\/\/www.europesays.com\/fr\/wp-json\/wp\/v2\/comments?post=228059"}],"version-history":[{"count":0,"href":"https:\/\/www.europesays.com\/fr\/wp-json\/wp\/v2\/posts\/228059\/revisions"}],"wp:featuredmedia":[{"embeddable":true,"href":"https:\/\/www.europesays.com\/fr\/wp-json\/wp\/v2\/media\/228060"}],"wp:attachment":[{"href":"https:\/\/www.europesays.com\/fr\/wp-json\/wp\/v2\/media?parent=228059"}],"wp:term":[{"taxonomy":"category","embeddable":true,"href":"https:\/\/www.europesays.com\/fr\/wp-json\/wp\/v2\/categories?post=228059"},{"taxonomy":"post_tag","embeddable":true,"href":"https:\/\/www.europesays.com\/fr\/wp-json\/wp\/v2\/tags?post=228059"}],"curies":[{"name":"wp","href":"https:\/\/api.w.org\/{rel}","templated":true}]}}