{"id":228061,"date":"2025-07-05T12:10:09","date_gmt":"2025-07-05T12:10:09","guid":{"rendered":"https:\/\/www.europesays.com\/fr\/228061\/"},"modified":"2025-07-05T12:10:09","modified_gmt":"2025-07-05T12:10:09","slug":"de-gros-travaux-de-modernisation-sont-en-cours-au-stade-mayol","status":"publish","type":"post","link":"https:\/\/www.europesays.com\/fr\/228061\/","title":{"rendered":"De gros travaux de modernisation sont en cours au Stade Mayol !"},"content":{"rendered":"<p>Toulon ne passe pas l\u2019\u00e9t\u00e9 les bras crois\u00e9s. Alors que les projecteurs du rugby fran\u00e7ais se braquent r\u00e9guli\u00e8rement sur le RCT, un important chantier transforme actuellement le Stade Mayol. Objectif : moderniser les installations, am\u00e9liorer le confort du public\u2026 et faire taire certaines critiques.<\/p>\n<p>Depuis plusieurs semaines, les immenses \u00e9chafaudages dress\u00e9s dans la tribune Lafontan ont attir\u00e9 l\u2019\u0153il des fid\u00e8les supporters. C\u2019est que la Ville a lanc\u00e9 un programme ambitieux \u00e0 hauteur de 5 millions d\u2019euros pour r\u00e9nover le syst\u00e8me sonore et l\u2019\u00e9clairage du stade. Un d\u00e9fi technique colossal, men\u00e9 sous haute contrainte.<\/p>\n<p>Dans son \u00e9dition du jour, le journal <a href=\"https:\/\/www.varmatin.com\/rugby\/son-eclairage-securite-quoi-de-neuf-pour-mayol--993028\" rel=\"nofollow noopener\" target=\"_blank\">Var-matin<\/a> fait le point sur ces travaux.<\/p>\n<p>\u00ab Un vrai travail de fourmi \u00bb, explique Erick Mascaro, en charge des infrastructures municipales.<\/p>\n<p><strong>Une transformation en plusieurs phases<\/strong><\/p>\n<p>L\u2019enjeu est de taille : livrer un stade fonctionnel d\u00e8s le deuxi\u00e8me match \u00e0 domicile de la saison. \u00ab Si tout se passe bien, on devrait rendre le stade dans sa forme optimis\u00e9e pour le deuxi\u00e8me match de la saison. Nous aurons alors une exp\u00e9rience spectateur qui aura un peu \u00e9volu\u00e9 \u00bb, annonce Mascaro.<\/p>\n<p>Du c\u00f4t\u00e9 du RCT, Bernard Lemaitre n\u2019a jamais cach\u00e9 ses pr\u00e9occupations. Dans une r\u00e9cente interview, il \u00e9voquait m\u00eame un possible d\u00e9part du club vers un nouvel \u00e9crin, en mettant l\u2019accent sur une notion sensible : \u00ab la s\u00e9curit\u00e9 \u00bb.<\/p>\n<p><strong>La mairie monte au cr\u00e9neau<\/strong><\/p>\n<p>Une d\u00e9claration qui n\u2019a pas laiss\u00e9 les \u00e9lus locaux indiff\u00e9rents. \u00ab Il n\u2019y a pas de souci de s\u00e9curit\u00e9. Le stade est s\u00fbr, il faut se le mettre dans la t\u00eate \u00bb, assure Erick Mascaro.<\/p>\n<p><strong>Une position soutenue par Laurent Bonnet, adjoint aux sports :<\/strong><\/p>\n<p>\u00ab Il faut faire attention quand on emploie certains termes. \u00c9videmment qu\u2019il y a des exigences lorsqu\u2019on est exploitant. On l\u2019entend. Mais Mayol a d\u00e9j\u00e0 beaucoup \u00e9volu\u00e9 en vingt ans. Et il continuera d\u2019\u00e9voluer. Il y a des projets qui ont pu \u00eatre \u00e9voqu\u00e9s dans l\u2019article [\u2026] qui sont d\u00e9j\u00e0 dans les cartons \u00bb.<\/p>\n<p><strong>Sans entrer dans les d\u00e9tails, Bonnet insiste :<\/strong><\/p>\n<p>\u00ab Maintenant, \u00e7a se fait par tranches. Donc, \u00e0 moins de fermer le stade, on ne peut pas tout faire en m\u00eame temps. L\u2019\u00e9change entre le club et Madame le maire est d\u00e9sormais indispensable pour voir dans quelle position on se met. \u00bb<\/p>\n<p><strong>Quatre pyl\u00f4nes g\u00e9ants pour une nouvelle lumi\u00e8re<\/strong><\/p>\n<p>Parmi les op\u00e9rations visibles d\u00e8s cet \u00e9t\u00e9 : la pose de pyl\u00f4nes monumentaux aux quatre coins du stade. \u00ab Quatre griffes qui viendront enserrer le stade \u00bb, selon le vocabulaire des ing\u00e9nieurs. \u00c0 l\u2019ouest, deux d\u2019entre eux atteindront vingt m\u00e8tres de hauteur, avec des fondations creus\u00e9es jusqu\u2019\u00e0 21 m\u00e8tres de profondeur.<\/p>\n<p>\u00ab Les fondations sont d\u00e9j\u00e0 pr\u00eates. On est all\u00e9s chercher \u00e0 21 m\u00e8tres de profondeur \u00bb, pr\u00e9cise Mascaro. Ces structures porteront un \u00e9clairage LED de nouvelle g\u00e9n\u00e9ration, capable de s\u2019adapter aux besoins sc\u00e9niques et sportifs. En compl\u00e9ment, les tribunes lat\u00e9rales recevront aussi de nouveaux dispositifs lumineux fix\u00e9s sur les casquettes.<\/p>\n<p>L\u2019\u00e9chafaudage massif visible dans la tribune Lafontan sert \u00e0 renforcer la structure pour supporter simultan\u00e9ment l\u2019ancien et le futur syst\u00e8me, le temps que la transition soit compl\u00e8te.<\/p>\n<p><strong>Du son, du confort et une promesse de qualit\u00e9<\/strong><\/p>\n<p>Le chantier ne s\u2019arr\u00eate pas \u00e0 la lumi\u00e8re. Le syst\u00e8me de sonorisation, jusque-l\u00e0 d\u00e9faillant, va \u00eatre enti\u00e8rement refondu. Quatre coins du stade seront d\u00e9sormais \u00e9quip\u00e9s de puissantes enceintes. Et pour offrir un rendu optimal, la Ville a mis les moyens. \u00ab On aura une qualit\u00e9 concert \u00bb, promettent les \u00e9lus, qui pr\u00e9cisent avoir fait appel \u00e0 \u00ab l\u2019un des meilleurs ing\u00e9nieurs europ\u00e9ens en la mati\u00e8re \u00bb.<\/p>\n<p>\u00ab On a un engagement vis-\u00e0-vis du club et de la Ligue \u00bb, justifie Laurent Bonnet. \u00ab M\u00eame si les travaux ne sont pas finis pour le premier match de la saison, il faut qu\u2019on puisse activer le stade. Et, pour \u00e7a, il faut que l\u2019on garde les anciens \u00e9clairages jusqu\u2019\u00e0 ce qu\u2019on puisse les d\u00e9monter, lorsque les nouveaux seront pleinement op\u00e9rationnels. Encore une fois, il n\u2019y a donc pas du tout de dangerosit\u00e9 aujourd\u2019hui. \u00bb<\/p>\n<p><strong>Mayol entre pass\u00e9 et futur<\/strong><\/p>\n<p>En somme, si certains envisagent d\u00e9j\u00e0 l\u2019apr\u00e8s-Mayol, la Ville assure que l\u2019actuel stade continue de se transformer, \u00e9tape par \u00e9tape. Cette r\u00e9novation en profondeur n\u2019est qu\u2019un chapitre suppl\u00e9mentaire dans l\u2019histoire d\u2019un stade mythique, r\u00e9solument tourn\u00e9 vers l\u2019avenir.<\/p>\n","protected":false},"excerpt":{"rendered":"Toulon ne passe pas l\u2019\u00e9t\u00e9 les bras crois\u00e9s. Alors que les projecteurs du rugby fran\u00e7ais se braquent r\u00e9guli\u00e8rement&hellip;\n","protected":false},"author":2,"featured_media":222730,"comment_status":"","ping_status":"","sticky":false,"template":"","format":"standard","meta":{"footnotes":""},"categories":[1416],"tags":[1011,27,479,1468,60],"class_list":{"0":"post-228061","1":"post","2":"type-post","3":"status-publish","4":"format-standard","5":"has-post-thumbnail","7":"category-rugby","8":"tag-fr","9":"tag-france","10":"tag-rugby","11":"tag-rugby-football","12":"tag-sports"},"share_on_mastodon":{"url":"https:\/\/pubeurope.com\/@fr\/114800559647863702","error":""},"_links":{"self":[{"href":"https:\/\/www.europesays.com\/fr\/wp-json\/wp\/v2\/posts\/228061","targetHints":{"allow":["GET"]}}],"collection":[{"href":"https:\/\/www.europesays.com\/fr\/wp-json\/wp\/v2\/posts"}],"about":[{"href":"https:\/\/www.europesays.com\/fr\/wp-json\/wp\/v2\/types\/post"}],"author":[{"embeddable":true,"href":"https:\/\/www.europesays.com\/fr\/wp-json\/wp\/v2\/users\/2"}],"replies":[{"embeddable":true,"href":"https:\/\/www.europesays.com\/fr\/wp-json\/wp\/v2\/comments?post=228061"}],"version-history":[{"count":0,"href":"https:\/\/www.europesays.com\/fr\/wp-json\/wp\/v2\/posts\/228061\/revisions"}],"wp:featuredmedia":[{"embeddable":true,"href":"https:\/\/www.europesays.com\/fr\/wp-json\/wp\/v2\/media\/222730"}],"wp:attachment":[{"href":"https:\/\/www.europesays.com\/fr\/wp-json\/wp\/v2\/media?parent=228061"}],"wp:term":[{"taxonomy":"category","embeddable":true,"href":"https:\/\/www.europesays.com\/fr\/wp-json\/wp\/v2\/categories?post=228061"},{"taxonomy":"post_tag","embeddable":true,"href":"https:\/\/www.europesays.com\/fr\/wp-json\/wp\/v2\/tags?post=228061"}],"curies":[{"name":"wp","href":"https:\/\/api.w.org\/{rel}","templated":true}]}}