{"id":22807,"date":"2025-04-13T18:28:08","date_gmt":"2025-04-13T18:28:08","guid":{"rendered":"https:\/\/www.europesays.com\/fr\/22807\/"},"modified":"2025-04-13T18:28:08","modified_gmt":"2025-04-13T18:28:08","slug":"smartphones-chinois-exemptes-de-surtaxe-par-trump-frappe-meurtriere-en-ukraine-pauline-ferrand-prevot-premiere-francaise-a-remporter-le-paris-roubaix-lactu-de-ce-week-end-des-12-et","status":"publish","type":"post","link":"https:\/\/www.europesays.com\/fr\/22807\/","title":{"rendered":"Smartphones chinois exempt\u00e9s de surtaxe par Trump, frappe meurtri\u00e8re en Ukraine, Pauline Ferrand-Pr\u00e9vot premi\u00e8re Fran\u00e7aise \u00e0 remporter le Paris-Roubaix\u2026 L\u2019actu de ce week-end des 12 et 13\u00a0avril \u2013 Lib\u00e9ration"},"content":{"rendered":"<p class=\"sc-cPiKLX AiZTS text-element\">Chaque soir, la r\u00e9daction de Lib\u00e9 s\u00e9lectionne les actualit\u00e9s du jour qu\u2019il ne fallait pas rater en France et dans le reste du monde.<\/p>\n<p class=\"sc-cPiKLX AiZTS text-element\">Les Etats-Unis, <a href=\"https:\/\/www.liberation.fr\/economie\/guerre-commerciale-les-bourses-asiatiques-rechutent-emmanuel-macron-appelle-leurope-a-se-montrer-forte-20250411_TH3S36IADZGTFH6EAEFR5JMICE\/\" rel=\"nofollow noopener\" target=\"_blank\">en pleine guerre commerciale avec la Chine,<\/a> ont d\u00e9cid\u00e9 <a href=\"https:\/\/www.liberation.fr\/economie\/economie-numerique\/droits-de-douane-les-smartphones-et-ordinateurs-exemptes-des-surtaxes-de-trump-20250412_NSWLN64FWNGCXDZBQ23ADIUMCQ\/\" target=\"_blank\" rel=\"nofollow noopener\">d\u2019exempter les smartphones et les ordinateurs des r\u00e9centes surtaxes douani\u00e8res<\/a>, selon une notice du service des douanes \u00e9mise samedi. Ces exemptions s\u2019appliquent notamment \u00e0 des produits \u00e9lectroniques import\u00e9s aux Etats-Unis depuis la Chine, \u00e0 laquelle <a href=\"https:\/\/www.liberation.fr\/international\/asie-pacifique\/entre-les-etats-unis-et-la-chine-linterminable-surenchere-tarifaire-20250409_N5II2Z6YNRDLJLHII6DXAZAJ5I\/\" rel=\"nofollow noopener\" target=\"_blank\">Donald Trump a inflig\u00e9 des droits de douane de 145\u00a0%<\/a>. Au lendemain de cette d\u00e9cision, la P\u00e9kin a appel\u00e9 ce dimanche les Etats-Unis \u00e0 \u00abannuler compl\u00e8tement\u00bb <a href=\"https:\/\/www.liberation.fr\/international\/amerique\/marches-financiers-donald-trump-poursuit-sa-bourse-folle-20250407_LQVOZPBIERANDJEVTXY7REH2C4\/\" target=\"_blank\" rel=\"nofollow noopener\">les droits de douane r\u00e9ciproques<\/a> et \u00e0 \u00abrevenir sur le droit chemin du respect mutuel\u00bb, selon les mots du porte-parole du minist\u00e8re chinois du Commerce dans un communiqu\u00e9. <a href=\"https:\/\/www.liberation.fr\/politique\/la-gauche-francaise-assume-son-propre-protectionnisme-face-a-celui-de-donald-trump-20250412_WMMWKD24OFA3HC7MK4LWG7WY4I\/\" target=\"_blank\" rel=\"nofollow noopener\">A lire aussi\u00a0: La gauche fran\u00e7aise assume son propre \u00abprotectionnisme\u00bb face \u00e0 celui de Donald Trump<\/a>.<\/p>\n<p class=\"sc-cPiKLX AiZTS text-element\">L\u2019attaque men\u00e9e par la Russie ce dimanche 13\u00a0avril dans la ville ukrainienne de Soumy par la Russie,<a href=\"https:\/\/www.liberation.fr\/international\/europe\/ukraine-au-moins-21-morts-dans-une-frappe-russe-sur-soumy-selon-les-secours-20250413_OWMFQMNTVFGQ3MZARNUFH7LYMI\/\" target=\"_blank\" rel=\"nofollow noopener\"> est la plus meurtri\u00e8re enregistr\u00e9e depuis des mois dans le pays<\/a>. Au moins 34 personnes ont \u00e9t\u00e9 tu\u00e9es dans ces deux frappes cons\u00e9cutives, dont 2 enfants, et une centaine d\u2019autres ont \u00e9t\u00e9 bless\u00e9es. L\u2019attaque a eu lieu \u00abun jour o\u00f9 les gens vont \u00e0 l\u2019\u00e9glise\u00a0: le dimanche des Rameaux\u2026 Seuls des salauds peuvent faire cela\u00bb, a l\u00e2ch\u00e9 Volodymyr Zelensky. Le pr\u00e9sident ukrainien a imm\u00e9diatement appel\u00e9 \u00e0 \u00abfaire pression\u00bb sur la Russie pour \u00abarr\u00eater la guerre\u00bb.<\/p>\n<p class=\"sc-cPiKLX AiZTS text-element\">Une frappe isra\u00e9lienne a s\u00e9v\u00e8rement endommag\u00e9 <a href=\"https:\/\/www.liberation.fr\/international\/moyen-orient\/gaza-un-des-rares-hopitaux-operationnels-severement-endommage-par-un-raid-israelien-20250413_ZV74IF7I3ZBJRIG4LYPRLVS3HM\/\" target=\"_blank\" rel=\"nofollow noopener\">l\u2019un des rares h\u00f4pitaux encore en fonction<\/a> dans la bande de Gaza, l\u2019h\u00f4pital Baptiste dans la ville de Gaza, Isra\u00ebl affirmant avoir cibl\u00e9 un \u00abcentre de commandement\u00bb du mouvement islamiste palestinien Hamas. En d\u00e9but de soir\u00e9e ce dimanche, le chef de l\u2019Organisation mondiale de la sant\u00e9 (OMS) annon\u00e7ait qu\u2019un enfant est mort dans l\u2019h\u00f4pital al-Ahli \u00e0 cause de \u00abl\u2019interruption des soins\u00bb. L\u2019arm\u00e9e isra\u00e9lienne a annonc\u00e9 l\u2019interception d\u2019un projectile tir\u00e9 depuis la bande de Gaza vers le sud du territoire isra\u00e9lien, pr\u00e9cisant qu\u2019aucune victime n\u2019avait \u00e9t\u00e9 signal\u00e9e.<\/p>\n<p class=\"sc-cPiKLX AiZTS text-element\">L\u2019Exposition universelle 2025 a ouvert ses portes dimanche \u00e0 Osaka, o\u00f9 sont repr\u00e9sent\u00e9s quelque 160 pays et r\u00e9gions. Un rendez-vous plac\u00e9 par le Japon sous le signe des technologies d\u2019avenir et de la concorde dans un monde fractur\u00e9. Trois\u00a0ans apr\u00e8s l\u2019Exposition \u00e0 Duba\u00ef, Osaka a choisi pour th\u00e8me \u00abla soci\u00e9t\u00e9 du futur\u00bb, mettant l\u2019accent sur l\u2019intelligence artificielle (IA) et le spatial.<\/p>\n<p class=\"sc-cPiKLX AiZTS text-element\">La France va devoir<a href=\"https:\/\/www.liberation.fr\/politique\/40-a-50-milliards-deconomies-a-trouver-pour-2026-nouvelle-cure-de-rigueur-en-preparation-pour-le-gouvernement-20250413_PDRSRKJE7BENZAGHOTQEO2A6WE\/\" target=\"_blank\" rel=\"nofollow noopener\"> r\u00e9aliser \u00abun effort suppl\u00e9mentaire <\/a>de 40\u00a0milliards d\u2019euros\u00bb l\u2019an prochain. Un engagement \u00abtr\u00e8s consid\u00e9rable\u00bb, sous forme \u00abessentiellement\u00bb d\u2019\u00e9conomies, n\u00e9cessaire pour atteindre son objectif <a href=\"https:\/\/www.liberation.fr\/economie\/deficits-publics-excessifs-la-france-fait-partie-des-six-pays-epingles-par-la-commission-europeenne-20240619_4LN34CGK2ZCZNCPNA64CXKNSHM\/\" target=\"_blank\" rel=\"nofollow noopener\">de d\u00e9ficit public de 4,6\u00a0% du PIB en\u00a02026<\/a>, a annonc\u00e9 le ministre de l\u2019Economie Eric Lombard. Le pays s\u2019\u00e9tait d\u00e9j\u00e0 dot\u00e9 d\u2019un budget pour\u00a02025 pr\u00e9voyant une cinquantaine de milliards d\u2019euros d\u2019efforts, renforc\u00e9 cette semaine par cinq milliards suppl\u00e9mentaires puis\u00e9s dans des cr\u00e9dits mis en r\u00e9serve. La France est \u00aben \u00e9tat d\u2019alerte budg\u00e9taire\u00bb, a pr\u00e9venu Eric Lombard sur BFMTV, une situation qui n\u2019est pas li\u00e9e \u00e0 la guerre commerciale d\u00e9clench\u00e9e par les Etats-Unis mais bien aux \u00abd\u00e9ficits cumul\u00e9s\u00bb du pays.<\/p>\n<p class=\"sc-cPiKLX AiZTS text-element\">Coup d\u2019essai, coup de ma\u00eetre. Pauline Ferrand-Pr\u00e9vot, qui disputait \u00e0 33\u00a0ans son premier Paris-Roubaix, a sign\u00e9 samedi<a href=\"https:\/\/www.liberation.fr\/sports\/cyclisme\/paris-roubaix-2025-la-legende-pauline-ferrand-prevot-devient-la-premiere-francaise-a-dompter-le-pave-20250412_NTL6YJEIA5BYPC2BLULOVM2ZQE\/\" target=\"_blank\" rel=\"nofollow noopener\"> le premier succ\u00e8s d\u2019une Fran\u00e7aise<\/a> dans la Reine des classiques, signant son grand retour sur la route. Et quel succ\u00e8s\u00a0! Malade les deux jours pr\u00e9c\u00e9dant la course, victime d\u2019une chute \u00e0 53 kilom\u00e8tres la ligne la contraignant \u00e0 une longue course-poursuite, la R\u00e9moise a dompt\u00e9 les pav\u00e9s autant qu\u2019elle a d\u00e9go\u00fbt\u00e9 la concurrence, \u00e0 commencer par la favorite Lotte Kopecky. <a href=\"https:\/\/www.liberation.fr\/sports\/cyclisme\/paris-roubaix-2025-mathieu-van-der-poel-voit-triple-avec-les-tripes-20250413_E4BDHYBA2VBLZOATYV6W66ZZ7U\/#:~:text=Mathieu%20van%20der%20Poel%20(Alpecin,gras%20par%20une%20pluie%20nocturne.\" target=\"_blank\" rel=\"nofollow noopener\">C\u00f4t\u00e9 hommes, c\u2019est le N\u00e9erlandais Mathieu van der Poel qui a remport\u00e9 en sp\u00e9cialiste la course ce dimanche<\/a>, et ce pour la troisi\u00e8me fois d\u2019affil\u00e9e.<\/p>\n<p class=\"sc-cPiKLX AiZTS text-element\">L\u2019enqu\u00eate sur <a href=\"https:\/\/www.liberation.fr\/societe\/police-justice\/joggeuse-disparue-dans-la-vienne-une-zone-forestiere-de-100-km2-ratissee-par-les-enqueteurs-20250412_WR7QXYT76BHJFGA5Y6YLUXT4JY\/\" target=\"_blank\" rel=\"nofollow noopener\">la disparition d\u2019une joggeuse de 28\u00a0ans<\/a> jeudi dans la Vienne a bascul\u00e9 dimanche vers des op\u00e9rations \u00abplus cibl\u00e9es\u00bb. Apr\u00e8s trois jours de recherches actives mais vaines, toutes les hypoth\u00e8ses restant \u00abouvertes\u00bb selon une source proche de l\u2019enqu\u00eate. Quelque 40 gendarmes \u00e9taient mobilis\u00e9s dimanche matin pr\u00e8s de Vivonne, \u00e0 20\u00a0km au sud de Poitiers, l\u00e0 o\u00f9 Agathe Hilairet, coureuse exp\u00e9riment\u00e9e de fr\u00eale corpulence, n\u2019a plus donn\u00e9 signe de vie depuis jeudi matin. Des plongeurs des brigades nautiques de la gendarmerie d\u2019Arcachon et de La\u00a0Rochelle ont notamment sond\u00e9 un \u00e9tang, ont constat\u00e9 des journalistes. <a href=\"https:\/\/www.liberation.fr\/societe\/police-justice\/audition-de-temoins-pistes-privilegiees-moyens-mobilises-le-point-sur-la-disparition-dune-joggeuse-dans-la-vienne-20250413_M3AMRDZ53NH37KQOB74VOS3RTI\/\" target=\"_blank\" rel=\"nofollow noopener\">A lire aussi, le point sur la disparition et l\u2019enqu\u00eate.<\/a><\/p>\n<p class=\"sc-cPiKLX AiZTS text-element\"><a href=\"https:\/\/www.liberation.fr\/lifestyle\/on-assassine-une-culture-a-paris-les-teufeurs-se-mobilisent-contre-la-repression-des-rave-parties-20250412_TC2YRRDKTNEDBGTXX5PP6YYJHA\/\" target=\"_blank\" rel=\"nofollow noopener\">Plus de 20\u00a0000 personnes ont manifest\u00e9 samedi dans plusieurs villes de France pour d\u00e9fendre les free parties, <\/a>dont une proposition de loi veut \u00abrenforcer la p\u00e9nalisation\u00bb. Parmi les 23 cort\u00e8ges musicaux intitul\u00e9s \u00abManifestives\u00bb organis\u00e9s sur tout le territoire, les plus gros contingents de \u00abteufeurs\u00bb ont \u00e9t\u00e9 recens\u00e9s par la police \u00e0 Marseille (1\u00a0600), Nantes (au moins 2\u00a0000 personnes), Bordeaux (3\u00a0100 manifestants) et Paris (4\u00a0800). Outre des amendes, y compris pour les participants, la proposition de loi pr\u00e9voit jusqu\u2019\u00e0 six mois de prison pour toute personne \u00abparticipant \u00e0 l\u2019organisation\u00bb d\u2019une free party \u2013 de l\u2019\u00e9dification d\u2019un mur de son \u00e0 l\u2019installation d\u2019un food-truck \u2013 et la confiscation du mat\u00e9riel saisi.<\/p>\n<p class=\"sc-cPiKLX AiZTS text-element\"><b>50\u00a0ans du g\u00e9nocide cambodgien\u00a0: une terreur totalitaire de trois\u00a0ans, huit mois et vingt jours<\/b><\/p>\n<p class=\"sc-cPiKLX AiZTS text-element\">En prenant le pouvoir le 17\u00a0avril 1975, les Khmers rouges de Pol Pot ont verrouill\u00e9 le pays pour refonder une nouvelle soci\u00e9t\u00e9, r\u00e9\u00e9duquer le \u00abpeuple nouveau\u00bb et \u00e9liminer les \u00abd\u00e9chus\u00bb. Une utopie meurtri\u00e8re absolue qui a provoqu\u00e9 la mort de pr\u00e8s de deux millions de personnes.<a href=\"https:\/\/www.liberation.fr\/international\/asie-pacifique\/50-ans-du-genocide-cambodgien-une-terreur-totalitaire-de-trois-ans-huit-mois-et-vingt-jours-20250409_5MGPRMUIEFARDFXAFOTA2G7QNE\/\" target=\"_blank\" rel=\"nofollow noopener\"> Chronologie.<\/a><\/p>\n<p class=\"sc-cPiKLX AiZTS text-element\"><b>\u00ab\u00c7a m\u2019arrive de faire semblant de comprendre\u00bb\u00a0: apr\u00e8s Chido, la difficile int\u00e9gration des enfants de Mayotte dans les \u00e9coles en m\u00e9tropole<\/b><\/p>\n<p class=\"sc-cPiKLX AiZTS text-element\">Depuis le passage d\u00e9vastateur du cyclone en d\u00e9cembre, 1\u00a0384 enfants ont quitt\u00e9 l\u2019\u00eele pour continuer leur ann\u00e9e scolaire dans l\u2019Hexagone. Plusieurs d\u2019entre eux racontent \u00e0 \u00abLib\u00e9\u00bb leur nouvelle vie et le manque de leur archipel. <a href=\"https:\/\/www.liberation.fr\/societe\/education\/ca-marrive-de-faire-semblant-de-comprendre-apres-chido-la-difficile-integration-des-enfants-de-mayotte-dans-les-ecoles-en-metropole-20250413_ONFXUMDQMVHGFCP25VQDTGVZ2M\/\" target=\"_blank\" rel=\"nofollow noopener\">Reportage.<\/a><\/p>\n<p class=\"sc-cPiKLX AiZTS text-element\"><b>\u00abIls veulent tous \u00eatre flics\u00a0!\u00bb\u00a0: on a caus\u00e9 orientation professionnelle avec des enfants de maternelle<\/b><\/p>\n<p class=\"sc-cPiKLX AiZTS text-element\">Alors que la ministre de l\u2019Education nationale, Elisabeth Borne, a d\u00e9clar\u00e9 sur LCP mardi 8\u00a0avril qu\u2019il fallait \u00abpresque depuis la maternelle r\u00e9fl\u00e9chir \u00e0 la fa\u00e7on dont on se projette dans un m\u00e9tier\u00bb, \u00abLib\u00e9ration\u00bb est all\u00e9 consulter les travailleurs d\u2019apr\u00e8s-demain \u00e0 la sortie d\u2019un centre a\u00e9r\u00e9 aux Lilas, en Seine-Saint-Denis. <a href=\"https:\/\/www.liberation.fr\/societe\/education\/ils-veulent-tous-etre-flics-on-a-cause-orientation-professionnelle-avec-des-enfants-de-maternelle-20250411_SVP7I3HFMVAIPEDLRUG7KVWN2M\/\" target=\"_blank\" rel=\"nofollow noopener\">Reportage<\/a><\/p>\n","protected":false},"excerpt":{"rendered":"Chaque soir, la r\u00e9daction de Lib\u00e9 s\u00e9lectionne les actualit\u00e9s du jour qu\u2019il ne fallait pas rater en France&hellip;\n","protected":false},"author":2,"featured_media":22808,"comment_status":"","ping_status":"","sticky":false,"template":"","format":"standard","meta":{"footnotes":""},"categories":[1590],"tags":[11,1777,674,12,4702,220],"class_list":{"0":"post-22807","1":"post","2":"type-post","3":"status-publish","4":"format-standard","5":"has-post-thumbnail","7":"category-ukraine","8":"tag-actualites","9":"tag-eu","10":"tag-europe","11":"tag-news","12":"tag-recap-actu","13":"tag-ukraine"},"share_on_mastodon":{"url":"https:\/\/pubeurope.com\/@fr\/114332074295272482","error":""},"_links":{"self":[{"href":"https:\/\/www.europesays.com\/fr\/wp-json\/wp\/v2\/posts\/22807","targetHints":{"allow":["GET"]}}],"collection":[{"href":"https:\/\/www.europesays.com\/fr\/wp-json\/wp\/v2\/posts"}],"about":[{"href":"https:\/\/www.europesays.com\/fr\/wp-json\/wp\/v2\/types\/post"}],"author":[{"embeddable":true,"href":"https:\/\/www.europesays.com\/fr\/wp-json\/wp\/v2\/users\/2"}],"replies":[{"embeddable":true,"href":"https:\/\/www.europesays.com\/fr\/wp-json\/wp\/v2\/comments?post=22807"}],"version-history":[{"count":0,"href":"https:\/\/www.europesays.com\/fr\/wp-json\/wp\/v2\/posts\/22807\/revisions"}],"wp:featuredmedia":[{"embeddable":true,"href":"https:\/\/www.europesays.com\/fr\/wp-json\/wp\/v2\/media\/22808"}],"wp:attachment":[{"href":"https:\/\/www.europesays.com\/fr\/wp-json\/wp\/v2\/media?parent=22807"}],"wp:term":[{"taxonomy":"category","embeddable":true,"href":"https:\/\/www.europesays.com\/fr\/wp-json\/wp\/v2\/categories?post=22807"},{"taxonomy":"post_tag","embeddable":true,"href":"https:\/\/www.europesays.com\/fr\/wp-json\/wp\/v2\/tags?post=22807"}],"curies":[{"name":"wp","href":"https:\/\/api.w.org\/{rel}","templated":true}]}}