{"id":228096,"date":"2025-07-05T12:30:09","date_gmt":"2025-07-05T12:30:09","guid":{"rendered":"https:\/\/www.europesays.com\/fr\/228096\/"},"modified":"2025-07-05T12:30:09","modified_gmt":"2025-07-05T12:30:09","slug":"en-direct-tour-de-france-quatre-francais-dont-armirail-sechappent-en-tete","status":"publish","type":"post","link":"https:\/\/www.europesays.com\/fr\/228096\/","title":{"rendered":"EN DIRECT &#8211; Tour de France : quatre Fran\u00e7ais dont Armirail s\u2019\u00e9chappent en t\u00eate"},"content":{"rendered":"<p>\n        14:29\n            <\/p>\n<p class=\"fig-live-post__title\" role=\"heading\" aria-level=\"3\">Bient\u00f4t la premi\u00e8re c\u00f4te<\/p>\n<p class=\"fig-paragraph\">D\u2019ici 5 km, les premiers coureurs vont s\u2019attaquer \u00e0 la c\u00f4te de Notre-Dame de Lorette. Un d\u00e9nivel\u00e9 positif de 7,6 % sur un kilom\u00e8tre pour atteindre les 163 m\u00e8tres d\u2019altitude.<\/p>\n<p>\n        14:24\n            <\/p>\n<p class=\"fig-live-post__title\" role=\"heading\" aria-level=\"3\">Dark Vador soutient les coureurs<\/p>\n<p class=\"fig-paragraph\">Premi\u00e8re image amusante de ce Tour. Dark Vador est pr\u00e9sent en bord de route pour aider les coureurs. Plus que 152 km.<\/p>\n<p>\n        14:20\n            <\/p>\n<p class=\"fig-live-post__title\" role=\"heading\" aria-level=\"3\">154 km du but<\/p>\n<p class=\"fig-paragraph\">Le peloton a repris quelques secondes au groupe de t\u00eate emmen\u00e9 par Jonas Rutsch mais les \u00e9carts restent sensiblement les m\u00eames. 2 minutes 15 de retard<\/p>\n<p>\n        14:17\n            <\/p>\n<p class=\"fig-live-post__title\" role=\"heading\" aria-level=\"3\">Quel est votre pronostic ?<\/p>\n<p class=\"fig-paragraph\">Quel Fran\u00e7ais r\u00e9alisera la meilleure performance sur cette Grande Boucle 2025\u00a0? Plut\u00f4t K\u00e9vin Vauquelin, Lenny Martinez, Guillaume Martin-Guyonnet ou un autre\u00a0?<\/p>\n<p>\n        14:12\n            <\/p>\n<p class=\"fig-live-post__title\" role=\"heading\" aria-level=\"3\">160 km de l\u2019arriv\u00e9e<\/p>\n<p class=\"fig-paragraph\">L\u2019\u00e9quipe Red Bull Hora pr\u00e9vient ses coureurs qu\u2019\u00e0 chaque entr\u00e9e et sortie de village, des dos d\u2019\u00e2nes sont pr\u00e9sents et peuvent les surprendre..<\/p>\n<p>\n        14:09\n            <\/p>\n<p class=\"fig-live-post__title\" role=\"heading\" aria-level=\"3\">Les spectateurs sont nombreux<\/p>\n<p class=\"fig-paragraph\">Les 184 coureurs passent au milieu des villages pour le plus grand bonheur des habitants qui sont venus les saluer.<\/p>\n<p>\n        14:07\n            <\/p>\n<p class=\"fig-live-post__title\" role=\"heading\" aria-level=\"3\">Les coureurs se dirigent vers Lens<\/p>\n<p class=\"fig-paragraph\">Peu de changements en ce d\u00e9but de premi\u00e8re \u00e9tape. les \u00e9carts se stabilisent \u00e0 2 minutes 20 d\u2019avance pour les 5 hommes de t\u00eate. Plus que 164km<\/p>\n<p>\n        14:00\n            <\/p>\n<p class=\"fig-live-post__title\" role=\"heading\" aria-level=\"3\">Une belle \u00e9chapp\u00e9e \u00e0 168 km de l\u2019arriv\u00e9e<\/p>\n<p class=\"fig-paragraph\">Les hommes de t\u00eate m\u00e8nent de plus de deux minutes dix sur le peloton. Bryan Coquard s\u2019en est lui rapproch\u00e9 apr\u00e8s son changement de v\u00e9lo. Il y a un fort vent trois-quarts face en ce moment.<\/p>\n<p>\n        13:57\n            <\/p>\n<p class=\"fig-live-post__title\" role=\"heading\" aria-level=\"3\">Bardet accueilli comme il se doit<\/p>\n<p class=\"fig-paragraph\">Romain Bardet, retrait\u00e9 depuis le dernier Crit\u00e9rium du Dauphin\u00e9, est bien pr\u00e9sent au d\u00e9part du Tour de France. Il devrait \u00eatre sur la moto d\u2019Eurosport sur plusieurs \u00e9tapes.<\/p>\n<p>\n        13:53\n            <\/p>\n<p class=\"fig-live-post__title\" role=\"heading\" aria-level=\"3\">Coquard \u00e0 l\u2019arr\u00eat<\/p>\n<p class=\"fig-paragraph\">Le Fran\u00e7ais a eu un souci et a chang\u00e9 de v\u00e9lo. Il se retrouve \u00e0 40 secondes du peloton.<\/p>\n<p>\n        13:51\n            <\/p>\n<p class=\"fig-live-post__title\" role=\"heading\" aria-level=\"3\">177 km restants<\/p>\n<p class=\"fig-paragraph\">Le groupe de t\u00eate ne change pas mais continue d\u2019acc\u00e9l\u00e9rer, Armirail et les autres comptent maintenant 1 minute 50 d\u2019avance sur le peloton. \u00c0 noter qu\u2019il y a beaucoup de vent \u00e0 Lille aujourd\u2019hui, il pourrait avoir une grosse importance en fin d\u2019\u00e9tape.<\/p>\n<p>\n        13:44\n            <\/p>\n<p class=\"fig-live-post__title\" role=\"heading\" aria-level=\"3\">4 Fran\u00e7ais en t\u00eate<\/p>\n<p class=\"fig-paragraph\">Un groupe de 5 coureurs a d\u00e9cid\u00e9 d\u2019attaquer directement et de mener ce d\u00e9but de Grande Boucle de plus d\u2019une minute sur le peloton. L\u2019Allemand Jonas Rutsch ainsi que les quatre tricolores Mathis Le Berre, Bruno Armirail, Benjamin Thomas et Matt\u00e9o Vercher le composent.<\/p>\n<p>\n        13:41\n            <\/p>\n<p class=\"fig-live-post__title\" role=\"heading\" aria-level=\"3\">Le d\u00e9part r\u00e9el est lanc\u00e9 !<\/p>\n<p class=\"fig-paragraph\">C\u2019est le d\u00e9but de ce Tour de France 2025 et plusieurs coureurs tentent d\u00e9j\u00e0 de s\u2019\u00e9chapper, parmi eux le Fran\u00e7ais Bruno Armirail.<\/p>\n<p>\n        13:40\n            <\/p>\n<p class=\"fig-live-post__title\" role=\"heading\" aria-level=\"3\">Van der Poel pointe du doigt \u00abl\u2019erreur\u00bb d\u2019avoir invit\u00e9 une \u00e9quipe suppl\u00e9mentaire<\/p>\n<p>    Mathieu van der Poel<br \/>\n                Benoit Tessier \/ REUTERS<\/p>\n<p class=\"fig-paragraph\"><strong>Devant les m\u00e9dias ce jeudi, le triple vainqueur de Paris-Roubaix s\u2019est exprim\u00e9 sans langue de bois sur la s\u00e9curit\u00e9 des coureurs au sein du peloton.<\/strong><\/p>\n<p class=\"fig-paragraph\">Le N\u00e9erlandais\u00a0<a href=\"http:\/\/www.lefigaro.fr\/sports\/cyclisme\/cyclisme-mathieu-van-der-poel-sera-bien-au-depart-du-criterium-du-dauphine-20250605\" target=\"_blank\" data-fig-type=\"NewsFlash\" rel=\"noopener nofollow\" data-gtm-custom-categorie=\"navigation\" data-gtm-custom-action=\"crossclick\" data-gtm-custom-label=\"Contextuel\" data-gtm-event=\"customEventSPE\" data-fig-domain=\"LEFIGARO\">Mathieu van der Poel\u00a0<\/a>a estim\u00e9 jeudi que le passage de 22 \u00e0 23 \u00e9quipes sur le Tour de France \u00e9tait une \u00aberreur\u00bb puisque cela rendait la course plus dangereuse. Tr\u00e8s en forme sur le Dauphin\u00e9&#8230;<\/p>\n<p class=\"fig-paragraph\"><a href=\"http:\/\/www.lefigaro.fr\/sports\/cyclisme\/tour-de-france\/tour-de-france-van-der-poel-pointe-du-doigt-l-erreur-d-avoir-invite-une-equipe-supplementaire-20250703\" data-fig-type=\"NewsFlash\" data-gtm-custom-categorie=\"navigation\" data-gtm-custom-action=\"crossclick\" data-gtm-custom-label=\"Contextuel\" data-gtm-event=\"customEventSPE\" data-fig-domain=\"LEFIGARO\" rel=\"nofollow noopener\" target=\"_blank\">Retrouvez la suite de cet article en cliquant ici.<\/a><\/p>\n<p>\n        13:37\n            <\/p>\n<p class=\"fig-live-post__title\" role=\"heading\" aria-level=\"3\">Tour de France : avec Vingegaard, Evenepoel ou Lipowitz, la chasse \u00e0 l\u2019ogre slov\u00e8ne est ouverte<\/p>\n<p class=\"fig-paragraph\"><strong>Ils sont une poign\u00e9e, Jonas Vingegaard en t\u00eate, \u00e0 r\u00eaver de pouvoir contrarier Tadej Pogacar, le triple vainqueur du Tour et grand favori. Revue d\u2019effectifs.<\/strong><\/p>\n<p class=\"fig-paragraph\">Tadej Pogacar se pr\u00e9sente en grand favori de ce Tour de France 2025 mais d\u2019autres t\u00e9nors vont tenter de briser son \u00e9lan.<\/p>\n<p class=\"fig-body-link\">\n            \u00c0 lire aussi<br \/>\n        <a class=\"fig-body-link__link fig-premium-mark\" href=\"http:\/\/www.lefigaro.fr\/sports\/cyclisme\/tour-de-france\/tour-de-france-avec-vingegaard-evenepoel-ou-lipowitz-la-chasse-a-l-ogre-slovene-est-ouverte-20250704\" data-fig-type=\"Article\" rel=\"nofollow noopener\" data-gtm-custom-categorie=\"navigation\" data-gtm-custom-action=\"crossclick\" data-gtm-custom-label=\"Contextuel\" data-gtm-event=\"customEventSPE\" data-fig-domain=\"LEFIGARO\" target=\"_blank\">Tour de France\u00a0: avec Vingegaard, Evenepoel ou Lipowitz, la chasse \u00e0 l\u2019ogre slov\u00e8ne est ouverte<br \/>\n    <\/a>\n<\/p>\n<p>\n        13:33\n            <\/p>\n<p class=\"fig-live-post__title\" role=\"heading\" aria-level=\"3\">La belle image entre champions<\/p>\n<p class=\"fig-paragraph\">Jonas Vingegaard et Tadej Pogacar discutent avant le d\u00e9but annonc\u00e9 d\u2019un duel les opposant pour la victoire finale dans cette Grande Boucle. Le Slov\u00e8ne reste le favori.<\/p>\n<p>\n        13:28\n            <\/p>\n<p class=\"fig-live-post__title\" role=\"heading\" aria-level=\"3\">Primoz Roglic a \u00abjuste envie d\u2019arriver \u00e0 Paris et boire une coupe de champagne l\u00e0-bas\u00bb<\/p>\n<p>    Primoz Roglic<br \/>\n                Benoit Tessier \/ REUTERS<\/p>\n<p class=\"fig-paragraph\"><strong>Tr\u00e8s malheureux sur la Grande Boucle depuis 2020, le Slov\u00e8ne assure entamer la course, samedi \u00e0 Lille, sans pression particuli\u00e8re.<\/strong><\/p>\n<p class=\"fig-paragraph\">Malgr\u00e9 son \u00abhistoire inachev\u00e9e\u00bb avec le Tour de France,<a href=\"http:\/\/www.lefigaro.fr\/sports\/cyclisme\/tour-d-italie-abandon-du-favori-primoz-roglic-20250527\" target=\"_blank\" data-fig-type=\"NewsFlash\" rel=\"noopener nofollow\" data-gtm-custom-categorie=\"navigation\" data-gtm-custom-action=\"crossclick\" data-gtm-custom-label=\"Contextuel\" data-gtm-event=\"customEventSPE\" data-fig-domain=\"LEFIGARO\">\u00a0Primoz Roglic<\/a>, qui n\u2019a plus fini une Grande boucle depuis 2020, a expliqu\u00e9 jeudi, \u00e0 l\u2019avant-veille du d\u00e9part, qu\u2019il avait \u00abjuste envie d\u2019arriver \u00e0 Paris\u00bb.<\/p>\n<p class=\"fig-paragraph\"><a href=\"http:\/\/www.lefigaro.fr\/sports\/cyclisme\/tour-de-france\/tour-de-france-primoz-roglic-a-juste-envie-d-arriver-a-paris-et-boire-une-coupe-de-champagne-la-bas-20250703\" data-fig-type=\"NewsFlash\" data-gtm-custom-categorie=\"navigation\" data-gtm-custom-action=\"crossclick\" data-gtm-custom-label=\"Contextuel\" data-gtm-event=\"customEventSPE\" data-fig-domain=\"LEFIGARO\" rel=\"nofollow noopener\" target=\"_blank\">Vous pouvez lire la suite de cet article en cliquant ici.<\/a><\/p>\n<p>\n        13:22\n            <\/p>\n<p class=\"fig-live-post__title\" role=\"heading\" aria-level=\"3\">Le d\u00e9part r\u00e9el va \u00eatre lanc\u00e9 dans 8km<\/p>\n<p class=\"fig-paragraph\">En attendant, suivez cette cam\u00e9ra braqu\u00e9e sur le Slov\u00e8ne Tadej Pogacar lors du d\u00e9part fictif.<\/p>\n<p>\n        13:15\n            <\/p>\n<p class=\"fig-live-post__title\" role=\"heading\" aria-level=\"3\">L\u2019ovation pour Pogacar<\/p>\n<p class=\"fig-paragraph\">La star du Tour de France est bien l\u00e0. Juste avant le d\u00e9part, le tenant du titre a pu tester sa popularit\u00e9, elle est toujours au rendez-vous.<\/p>\n<p>\n        13:11\n            <\/p>\n<p class=\"fig-live-post__title\" role=\"heading\" aria-level=\"3\">Le Tour de France 2025, c\u2019est parti !<\/p>\n<p class=\"fig-paragraph\">La 112e \u00e9dition de la Grand Boucle vient d\u2019\u00eatre lanc\u00e9e \u00e0 Lille. C\u2019est le d\u00e9part fictif dans la ville avant que les 184 coureurs commencent r\u00e9ellement ce Tour dans 10 kilom\u00e8tres.<\/p>\n<p>\n        13:10\n            <\/p>\n<p class=\"fig-live-post__title\" role=\"heading\" aria-level=\"3\">Les 21 \u00e9tapes du Tour en vid\u00e9o<\/p>\n<p class=\"fig-paragraph\">Si vous ne vous rappelez plus du parcours de la Grande Boucle cette ann\u00e9e, voici ce qu\u2019il vous faut.<\/p>\n<p>\n        13:08\n            <\/p>\n<p class=\"fig-live-post__title\" role=\"heading\" aria-level=\"3\">Un ambitieux Biniam Girmay<\/p>\n<p class=\"fig-paragraph\">L\u2019\u00c9rythr\u00e9en esp\u00e8re se v\u00eatir du Maillot Jaune ce soir \u00e0 Lille.<\/p>\n<p>\n        13:05\n            <\/p>\n<p class=\"fig-live-post__title\" role=\"heading\" aria-level=\"3\">Tour de France 2025 : parcours, horaires, favoris et curiosit\u00e9s de la premi\u00e8re \u00e9tape<\/p>\n<p class=\"fig-paragraph\">(Re)d\u00e9couvrez tout ce qu\u2019il faut savoir sur la course et ses \u00e0-c\u00f4t\u00e9s avec la premi\u00e8re \u00e9tape du Tour de France partant et arrivant \u00e0 Lille.<\/p>\n<p class=\"fig-paragraph\"><a href=\"http:\/\/www.lefigaro.fr\/sports\/cyclisme\/tour-de-france\/tour-de-france-2025-parcours-horaires-favoris-et-curiosites-de-la-premiere-etape-20250705\" data-fig-type=\"NewsFlash\" data-gtm-custom-categorie=\"navigation\" data-gtm-custom-action=\"crossclick\" data-gtm-custom-label=\"Contextuel\" data-gtm-event=\"customEventSPE\" data-fig-domain=\"LEFIGARO\" rel=\"nofollow noopener\" target=\"_blank\">Retrouvez la suite de cet article en cliquant ici.<\/a><\/p>\n<p>\n        13:02\n            <\/p>\n<p class=\"fig-live-post__title\" role=\"heading\" aria-level=\"3\">Moment souvenir<\/p>\n<p class=\"fig-paragraph\">La derni\u00e8re fois que le Tour de France avait fait \u00e9tape \u00e0 Lille, c\u2019\u00e9tait&#8230; en 2014.<\/p>\n<p>\n        12:58\n            <\/p>\n<p class=\"fig-live-post__title\" role=\"heading\" aria-level=\"3\">Le d\u00e9part approche<\/p>\n<p class=\"fig-paragraph\">Pendant ce temps-l\u00e0, Julian Alaphilippe est toujours aussi populaire.<\/p>\n<p>\n        12:55\n            <\/p>\n<p class=\"fig-live-post__title\" role=\"heading\" aria-level=\"3\">Tour de France : \u00abBeaucoup de respect\u00bb pour Vingegaard, le passage \u00e0 Montmartre&#8230; Pogacar s\u2019exprime avant le grand d\u00e9part<\/p>\n<p>    Tadej Pogacar (UAE-Emirates)<br \/>\n                Benoit Tessier \/ REUTERS<\/p>\n<p class=\"fig-paragraph\"><strong>Le tenant du titre de la Grande Boucle, Tadej Pogacar, a r\u00e9pondu aux questions des m\u00e9dias \u00e0 48 heures du d\u00e9part de la 112e \u00e9dition \u00e0 Lille.<\/strong><\/p>\n<p class=\"fig-paragraph\">Principal favori du Tour de France,\u00a0<a href=\"http:\/\/www.lefigaro.fr\/sports\/cyclisme\/tour-de-france\/tour-de-france-2025-tous-contre-pogacar-la-jeune-garde-bleue-prete-a-mordre-montmartre-fausse-bonne-idee-la-112e-edition-en-dix-questions-20250702\" target=\"_blank\" data-fig-type=\"Article\" rel=\"noopener nofollow\" data-gtm-custom-categorie=\"navigation\" data-gtm-custom-action=\"crossclick\" data-gtm-custom-label=\"Contextuel\" data-gtm-event=\"customEventSPE\" data-fig-domain=\"LEFIGARO\">Tadej Pogacar<\/a>\u00a0assure \u00e9prouver \u00abun grand respect\u00bb pour Jonas Vingegaard, son grand rival, malgr\u00e9 quelques frictions \u00abdans le feu de l\u2019action\u00bb l\u2019an dernier&#8230;<\/p>\n<p class=\"fig-paragraph\"><a href=\"http:\/\/www.lefigaro.fr\/sports\/cyclisme\/tour-de-france\/tour-de-france-beaucoup-de-respect-pour-vingegaard-le-passage-a-montmartre-pogacar-s-exprime-avant-le-grand-depart-20250703\" data-fig-type=\"NewsFlash\" data-gtm-custom-categorie=\"navigation\" data-gtm-custom-action=\"crossclick\" data-gtm-custom-label=\"Contextuel\" data-gtm-event=\"customEventSPE\" data-fig-domain=\"LEFIGARO\" rel=\"nofollow noopener\" target=\"_blank\">Vous pouvez lire la suite de l\u2019article en cliquant ici.<\/a><\/p>\n<p>\n        12:51\n            <\/p>\n<p class=\"fig-live-post__title\" role=\"heading\" aria-level=\"3\">Tour de France : \u00abJe suis plus fort que jamais\u00bb, Vingegaard lance le duel face \u00e0 Pogacar<\/p>\n<p>    Jonas Vingegaard (Visma)<br \/>\n                Sarah Meyssonnier \/ REUTERS<\/p>\n<p class=\"fig-paragraph\"><strong>Le Danois, s\u00fbr de sa force avant le d\u00e9part samedi de Lille, estime n\u2019avoir jamais \u00e9t\u00e9 en aussi bonne forme avec la meilleure \u00e9quipe du monde \u00e0 ses c\u00f4t\u00e9s.<\/strong><\/p>\n<p class=\"fig-paragraph\"><a href=\"http:\/\/www.lefigaro.fr\/sports\/cyclisme\/tour-de-france\/tour-de-france-2025-tous-contre-pogacar-la-jeune-garde-bleue-prete-a-mordre-montmartre-fausse-bonne-idee-la-112e-edition-en-dix-questions-20250702\" target=\"_blank\" data-fig-type=\"Article\" rel=\"noopener nofollow\" data-gtm-custom-categorie=\"navigation\" data-gtm-custom-action=\"crossclick\" data-gtm-custom-label=\"Contextuel\" data-gtm-event=\"customEventSPE\" data-fig-domain=\"LEFIGARO\">Jonas Vingegaard<\/a>\u00a0avait \u00e9t\u00e9 le grand absent de la conf\u00e9rence de presse des t\u00eates d\u2019affiche de l\u2019\u00e9dition 2025 jeudi. Ce vendredi, le Danois est sorti de sa r\u00e9serve&#8230;<\/p>\n<p class=\"fig-body-link\">\n            \u00c0 lire aussi<br \/>\n        <a class=\"fig-body-link__link\" href=\"http:\/\/www.lefigaro.fr\/sports\/cyclisme\/tour-de-france\/tour-de-france-je-suis-plus-fort-que-jamais-vingegaard-lance-le-duel-face-a-pogcacar-20250704\" data-fig-type=\"NewsFlash\" rel=\"nofollow noopener\" data-gtm-custom-categorie=\"navigation\" data-gtm-custom-action=\"crossclick\" data-gtm-custom-label=\"Contextuel\" data-gtm-event=\"customEventSPE\" data-fig-domain=\"LEFIGARO\" target=\"_blank\">Tour de France\u00a0: \u00abJe suis plus fort que jamais\u00bb, Vingegaard lance le duel face \u00e0 Pogacar<br \/>\n    <\/a>\n<\/p>\n<p>\n        12:47\n            <\/p>\n<p class=\"fig-live-post__title\" role=\"heading\" aria-level=\"3\">Bernard Hinault, ancien vainqueur du Tour de France : \u00abJe serais vachement content qu\u2019un Fran\u00e7ais me succ\u00e8de\u00bb<\/p>\n<p class=\"fig-paragraph\"><strong>RENCONTRE\u00a0&#8211; Il y a quarante ans, le Breton remportait la Grande Boucle. Le dernier succ\u00e8s d\u2019un Tricolore. Le Tour qui s\u2019\u00e9lancera samedi de Lille lui rendra un vibrant hommage.<\/strong><\/p>\n<p class=\"fig-paragraph\">Hinault, ce h\u00e9ros. Il a, avec m\u00e9fiance, vu la date anniversaire arriver de loin. Son regard s\u2019est durci face \u00e0 la longue liste des sollicitations&#8230;<\/p>\n<p class=\"fig-paragraph\"><a href=\"http:\/\/www.lefigaro.fr\/sports\/cyclisme\/tour-de-france\/bernard-hinault-ancien-vainqueur-du-tour-de-france-je-serais-vachement-content-qu-un-francais-me-succede-20250701\" data-fig-type=\"NewsFlash\" data-gtm-custom-categorie=\"navigation\" data-gtm-custom-action=\"crossclick\" data-gtm-custom-label=\"Contextuel\" data-gtm-event=\"customEventSPE\" data-fig-domain=\"LEFIGARO\" rel=\"nofollow noopener\" target=\"_blank\">Vous pouvez lire la suite de cet article en cliquant ici.<\/a><\/p>\n<p>\n        12:43\n            <\/p>\n<p class=\"fig-live-post__title\" role=\"heading\" aria-level=\"3\">Quelles sont les (vraies) ambitions des Bleus avant le grand d\u00e9part ?<\/p>\n<p class=\"fig-paragraph\"><strong>D\u00c9CRYPTAGE &#8211;\u00a0Puisque le podium au g\u00e9n\u00e9ral semble hors de port\u00e9e, les Fran\u00e7ais vont se concentrer sur d\u2019autres objectifs pour r\u00e9p\u00e9ter la belle moisson de 2024.<\/strong><\/p>\n<p class=\"fig-paragraph\">Une victoire d\u2019\u00e9tape en 2022 (<a href=\"http:\/\/www.lefigaro.fr\/sports\/cyclisme\/tour-de-france\/tour-de-france-premiere-victoire-francaise-avec-christophe-laporte-20220722\" target=\"_blank\" data-fig-type=\"NewsFlash\" rel=\"noopener nofollow\" data-gtm-custom-categorie=\"navigation\" data-gtm-custom-action=\"crossclick\" data-gtm-custom-label=\"Contextuel\" data-gtm-event=\"customEventSPE\" data-fig-domain=\"LEFIGARO\">Christophe Laporte<\/a>), une autre en 2023 (Victor Lefay) et trois, dont les deux premi\u00e8res, lors de l\u2019\u00e9dition 2024 (<a href=\"http:\/\/www.lefigaro.fr\/sports\/cyclisme\/les-adieux-de-romain-bardet-poulidor-magnifique-du-xxie-siecle-20250609\" target=\"_blank\" data-fig-type=\"NewsFlash\" rel=\"noopener nofollow\" data-gtm-custom-categorie=\"navigation\" data-gtm-custom-action=\"crossclick\" data-gtm-custom-label=\"Contextuel\" data-gtm-event=\"customEventSPE\" data-fig-domain=\"LEFIGARO\">Romain Bardet<\/a>,\u00a0<a href=\"http:\/\/www.lefigaro.fr\/sports\/cyclisme\/fleche-wallonne-cette-deuxieme-place-a-un-gout-exceptionnel-savoure-kevin-vauquelin-20250423\" target=\"_blank\" data-fig-type=\"NewsFlash\" rel=\"noopener nofollow\" data-gtm-custom-categorie=\"navigation\" data-gtm-custom-action=\"crossclick\" data-gtm-custom-label=\"Contextuel\" data-gtm-event=\"customEventSPE\" data-fig-domain=\"LEFIGARO\">K\u00e9vin Vauquelin<\/a>\u00a0et\u00a0<a href=\"http:\/\/www.lefigaro.fr\/sports\/cyclisme\/tour-de-france\/tour-de-france-troisieme-victoire-francaise-apres-le-triomphe-d-anthony-turgis-sur-l-etape-des-chemins-blancs-20240707\" target=\"_blank\" data-fig-type=\"NewsFlash\" rel=\"noopener nofollow\" data-gtm-custom-categorie=\"navigation\" data-gtm-custom-action=\"crossclick\" data-gtm-custom-label=\"Contextuel\" data-gtm-event=\"customEventSPE\" data-fig-domain=\"LEFIGARO\">Anthony Turgis<\/a>). Les Fran\u00e7ais au d\u00e9part&#8230;<\/p>\n<p class=\"fig-paragraph\"><a href=\"http:\/\/www.lefigaro.fr\/sports\/cyclisme\/tour-de-france\/tour-de-france-2025-pour-les-bleus-des-victoires-d-etape-en-tete-avant-le-classement-general-20250704\" data-fig-type=\"Article\" data-gtm-custom-categorie=\"navigation\" data-gtm-custom-action=\"crossclick\" data-gtm-custom-label=\"Contextuel\" data-gtm-event=\"customEventSPE\" data-fig-domain=\"LEFIGARO\" rel=\"nofollow noopener\" target=\"_blank\">Retrouvez la suite de cet article en cliquant ici.<\/a><\/p>\n<p>\n        12:38\n            <\/p>\n<p class=\"fig-live-post__title\" role=\"heading\" aria-level=\"3\">\u00abIl fait d\u00e9j\u00e0 partie de la classe des grands\u00bb : Tour de France 2025, Tadej Pogacar face au miroir de sa d\u00e9mesure<\/p>\n<p>    Tadej Pogacar (UAE-Emirates)<br \/>\n                Benoit Tessier \/ REUTERS<\/p>\n<p class=\"fig-paragraph\"><strong>D\u00c9CRYPTAGE &#8211; Le Slov\u00e8ne s\u2019\u00e9lancera de Lille en immense favori. Mais la route d\u2019une quatri\u00e8me victoire est sem\u00e9e d\u2019emb\u00fbches.<\/strong><\/p>\n<p class=\"fig-paragraph\">\u00c0 la poursuite de\u00a0<a href=\"http:\/\/www.lefigaro.fr\/sports\/cyclisme\/criterium-du-dauphine-insatiable-tadej-pogacar-s-impose-une-nouvelle-fois-20250614\" target=\"_blank\" data-fig-type=\"NewsFlash\" rel=\"noopener nofollow\" data-gtm-custom-categorie=\"navigation\" data-gtm-custom-action=\"crossclick\" data-gtm-custom-label=\"Contextuel\" data-gtm-event=\"customEventSPE\" data-fig-domain=\"LEFIGARO\">Tadej Pogacar<\/a>, l\u2019homme qui a froiss\u00e9 les habitudes. Longtemps, le\u00a0<a href=\"http:\/\/www.lefigaro.fr\/sports\/cyclisme\/tour-de-france\/tour-de-france-je-suis-plus-fort-que-jamais-vingegaard-lance-le-duel-face-a-pogcacar-20250704\" target=\"_blank\" data-fig-type=\"NewsFlash\" rel=\"noopener nofollow\" data-gtm-custom-categorie=\"navigation\" data-gtm-custom-action=\"crossclick\" data-gtm-custom-label=\"Contextuel\" data-gtm-event=\"customEventSPE\" data-fig-domain=\"LEFIGARO\">Tour de France<\/a>\u00a0a \u00e9t\u00e9 une \u0153uvre d\u2019imagination qui&#8230;<\/p>\n<p class=\"fig-body-link\">\n            \u00c0 lire aussi<br \/>\n        <a class=\"fig-body-link__link fig-premium-mark\" href=\"http:\/\/www.lefigaro.fr\/sports\/cyclisme\/tour-de-france\/il-fait-deja-partie-de-la-classe-des-grands-tour-de-france-2025-tadej-pogacar-face-au-miroir-de-sa-demesure-20250704\" data-fig-type=\"Article\" rel=\"nofollow noopener\" data-gtm-custom-categorie=\"navigation\" data-gtm-custom-action=\"crossclick\" data-gtm-custom-label=\"Contextuel\" data-gtm-event=\"customEventSPE\" data-fig-domain=\"LEFIGARO\" target=\"_blank\">\u00abIl fait d\u00e9j\u00e0 partie de la classe des grands\u00bb\u00a0: Tour de France 2025, Tadej Pogacar face au miroir de sa d\u00e9mesure<br \/>\n    <\/a>\n<\/p>\n<p>\n        12:31\n            <\/p>\n<p class=\"fig-live-post__title\" role=\"heading\" aria-level=\"3\">Les 6 \u00e9tapes \u00e0 ne surtout pas manquer<\/p>\n<p class=\"fig-paragraph\">Sur les 21 \u00e9tapes du Tour de France dont le d\u00e9part sera donn\u00e9 samedi, Le Figaro a retenu six journ\u00e9es charni\u00e8res. O\u00f9, quand et pourquoi il faudra \u00eatre devant son \u00e9cran (ou au bord des routes) ces jours-l\u00e0.<\/p>\n<p class=\"fig-paragraph\">Retrouvez la vid\u00e9o explicative en cliquant ici\u00a0:<\/p>\n<p class=\"fig-paragraph\"><a href=\"https:\/\/video.lefigaro.fr\/figaro\/video\/tour-de-france-les-6-etapes-a-ne-surtout-pas-manquer\/\" target=\"_blank\" data-fig-type=\"Video\" rel=\"noopener nofollow\" data-gtm-custom-categorie=\"navigation\" data-gtm-custom-action=\"crossclick\" data-gtm-custom-label=\"Contextuel\" data-gtm-event=\"customEventSPE\" data-fig-domain=\"VIDEO\">Tour de France: les 6 \u00e9tapes \u00e0 ne surtout pas manquer<\/a><\/p>\n<p>\n        12:26\n            <\/p>\n<p class=\"fig-live-post__title\" role=\"heading\" aria-level=\"3\">Le d\u00e9part sera donn\u00e9 \u00e0 12h55<\/p>\n<p class=\"fig-paragraph\">Du c\u00f4t\u00e9 des Nordiques de chez UnoXTeam on est pr\u00eat.<\/p>\n<p>\n        12:24\n            <\/p>\n<p class=\"fig-live-post__title\" role=\"heading\" aria-level=\"3\">Tour de France : terrible ennui, suspense total, \u00e9motions fortes&#8230; Notre classement des \u00e9ditions du 21e si\u00e8cle en images<\/p>\n<p class=\"fig-paragraph\">L\u2019\u00e9motion et l\u2019espoir \u00abcocorico\u00bb en 2019, le sc\u00e9nario renversant de 2011, la rivalit\u00e9 Pogacar-Vingegaard n\u00e9e en 2022&#8230; D\u00e9couvrez notre classement des meilleurs (ou moins bons) opus du Tour de France depuis le d\u00e9but du si\u00e8cle.<\/p>\n<p class=\"fig-body-link\">\n            \u00c0 lire aussi<br \/>\n        <a class=\"fig-body-link__link\" href=\"https:\/\/photo.lefigaro.fr\/sports\/cyclisme\/tour-de-france\/tour-de-france-du-terrible-ennui-a-la-folie-de-juillet-notre-classement-des-editions-du-21e-siecle-en-images-20250703\" data-fig-type=\"SlideShowResource\" rel=\"nofollow noopener\" data-gtm-custom-categorie=\"navigation\" data-gtm-custom-action=\"crossclick\" data-gtm-custom-label=\"Contextuel\" data-gtm-event=\"customEventSPE\" data-fig-domain=\"LEFIGARO\" target=\"_blank\">Tour de France\u00a0: terrible ennui, suspense total, \u00e9motions fortes&#8230; Notre classement des \u00e9ditions du 21e si\u00e8cle en images<br \/>\n    <\/a>\n<\/p>\n<p>\n        12:22\n            <\/p>\n<p class=\"fig-live-post__title\" role=\"heading\" aria-level=\"3\">Tour de France : Delon, Ventura, Cruise ou Schwarzenegger, ces stars qui faisaient le show dans la caravane<\/p>\n<p class=\"fig-paragraph\">La plus grande course cycliste de la plan\u00e8te n\u2019a cess\u00e9 d\u2019attirer les c\u00e9l\u00e9brit\u00e9s au fil des d\u00e9cennies.<\/p>\n<p class=\"fig-paragraph\"><a href=\"https:\/\/photo.lefigaro.fr\/bons-plans\/sport\/tour-de-france-ces-visites-de-stars-qui-ont-marque-l-histoire-de-la-course-20250623\" data-fig-type=\"SlideShowResource\" data-gtm-custom-categorie=\"navigation\" data-gtm-custom-action=\"crossclick\" data-gtm-custom-label=\"Contextuel\" data-gtm-event=\"customEventSPE\" data-fig-domain=\"LEFIGARO\" rel=\"nofollow noopener\" target=\"_blank\">Vous pouvez voir le diaporama en cliquant ici.<\/a><\/p>\n<p>\n        12:18\n            <\/p>\n<p class=\"fig-live-post__title\" role=\"heading\" aria-level=\"3\">Combien touchera le vainqueur de l\u2019\u00e9dition 2025 ?<\/p>\n<p class=\"fig-paragraph\">Lors de la 112e \u00e9dition du Tour (5-27 juillet), la meilleure prime sera r\u00e9serv\u00e9e, comme de coutume, \u00e0 celui qui ram\u00e8nera le maillot jaune \u00e0 Paris.<\/p>\n<p class=\"fig-paragraph\"><a href=\"http:\/\/www.lefigaro.fr\/sports\/cyclisme\/tour-de-france\/tour-de-france-combien-touchera-le-vainqueur-de-l-edition-2025-20250705\" data-fig-type=\"NewsFlash\" data-gtm-custom-categorie=\"navigation\" data-gtm-custom-action=\"crossclick\" data-gtm-custom-label=\"Contextuel\" data-gtm-event=\"customEventSPE\" data-fig-domain=\"LEFIGARO\" rel=\"nofollow noopener\" target=\"_blank\">Vous pouvez lire la suite de l\u2019article en cliquant ici.<\/a><\/p>\n<p>\n        12:12\n            <\/p>\n<p class=\"fig-live-post__title\" role=\"heading\" aria-level=\"3\">Tour de France 2025 : parcours, horaires, favoris et curiosit\u00e9s de la premi\u00e8re \u00e9tape<\/p>\n<p class=\"fig-paragraph\">D\u00e9couvrez tout ce qu\u2019il faut savoir sur la course et ses \u00e0-c\u00f4t\u00e9s avec la premi\u00e8re \u00e9tape du Tour de France partant et arrivant \u00e0 Lille.<\/p>\n<p class=\"fig-body-link\">\n            \u00c0 lire aussi<br \/>\n        <a class=\"fig-body-link__link\" href=\"http:\/\/www.lefigaro.fr\/sports\/cyclisme\/tour-de-france\/tour-de-france-2025-parcours-horaires-favoris-et-curiosites-de-la-premiere-etape-20250705\" data-fig-type=\"NewsFlash\" data-gtm-custom-categorie=\"navigation\" data-gtm-custom-action=\"crossclick\" data-gtm-custom-label=\"Contextuel\" data-gtm-event=\"customEventSPE\" data-fig-domain=\"LEFIGARO\" rel=\"nofollow noopener\" target=\"_blank\">Tour de France 2025\u00a0: parcours, horaires, favoris et curiosit\u00e9s de la premi\u00e8re \u00e9tape<br \/>\n    <\/a>\n<\/p>\n<p>\n        12:10\n            <\/p>\n<p class=\"fig-live-post__title\" role=\"heading\" aria-level=\"3\">Bonjour \u00e0 tous<\/p>\n<p class=\"fig-paragraph\">Ravi de vous retrouver sur le site du Figaro pour suivre ensemble le grand d\u00e9part du Tour de France\u00a0!<\/p>\n<p>                Les publications appara\u00eetront ici<\/p>\n<p>        Fermer<\/p>\n","protected":false},"excerpt":{"rendered":"14:29 Bient\u00f4t la premi\u00e8re c\u00f4te D\u2019ici 5 km, les premiers coureurs vont s\u2019attaquer \u00e0 la c\u00f4te de Notre-Dame&hellip;\n","protected":false},"author":2,"featured_media":228097,"comment_status":"","ping_status":"","sticky":false,"template":"","format":"standard","meta":{"footnotes":""},"categories":[2],"tags":[11,1011,27,1307,12,210],"class_list":{"0":"post-228096","1":"post","2":"type-post","3":"status-publish","4":"format-standard","5":"has-post-thumbnail","7":"category-actualites","8":"tag-actualites","9":"tag-fr","10":"tag-france","11":"tag-lille","12":"tag-news","13":"tag-tour-de-france"},"share_on_mastodon":{"url":"https:\/\/pubeurope.com\/@fr\/114800638259808155","error":""},"_links":{"self":[{"href":"https:\/\/www.europesays.com\/fr\/wp-json\/wp\/v2\/posts\/228096","targetHints":{"allow":["GET"]}}],"collection":[{"href":"https:\/\/www.europesays.com\/fr\/wp-json\/wp\/v2\/posts"}],"about":[{"href":"https:\/\/www.europesays.com\/fr\/wp-json\/wp\/v2\/types\/post"}],"author":[{"embeddable":true,"href":"https:\/\/www.europesays.com\/fr\/wp-json\/wp\/v2\/users\/2"}],"replies":[{"embeddable":true,"href":"https:\/\/www.europesays.com\/fr\/wp-json\/wp\/v2\/comments?post=228096"}],"version-history":[{"count":0,"href":"https:\/\/www.europesays.com\/fr\/wp-json\/wp\/v2\/posts\/228096\/revisions"}],"wp:featuredmedia":[{"embeddable":true,"href":"https:\/\/www.europesays.com\/fr\/wp-json\/wp\/v2\/media\/228097"}],"wp:attachment":[{"href":"https:\/\/www.europesays.com\/fr\/wp-json\/wp\/v2\/media?parent=228096"}],"wp:term":[{"taxonomy":"category","embeddable":true,"href":"https:\/\/www.europesays.com\/fr\/wp-json\/wp\/v2\/categories?post=228096"},{"taxonomy":"post_tag","embeddable":true,"href":"https:\/\/www.europesays.com\/fr\/wp-json\/wp\/v2\/tags?post=228096"}],"curies":[{"name":"wp","href":"https:\/\/api.w.org\/{rel}","templated":true}]}}