{"id":228102,"date":"2025-07-05T12:33:11","date_gmt":"2025-07-05T12:33:11","guid":{"rendered":"https:\/\/www.europesays.com\/fr\/228102\/"},"modified":"2025-07-05T12:33:11","modified_gmt":"2025-07-05T12:33:11","slug":"nancy-lycee-henri-loritz-bac-2025-mention-tres-bien-yam-aljarf-18-ans-bac-general","status":"publish","type":"post","link":"https:\/\/www.europesays.com\/fr\/228102\/","title":{"rendered":"Nancy, lyc\u00e9e Henri-Loritz | Bac 2025 Mention Tr\u00e8s Bien. Yam Aljarf, 18 ans, bac g\u00e9n\u00e9ral"},"content":{"rendered":"<p>Yam Aljarf, 18 ans, r\u00e9sidant \u00e0 Nancy, a d\u00e9croch\u00e9 son bac g\u00e9n\u00e9ral SVT Physique-Chimie avec mention tr\u00e8s bien. Passionn\u00e9e par l&rsquo;\u00e9criture et la lecture, elle a obtenu la note de 20 en SVT, sa mati\u00e8re pr\u00e9f\u00e9r\u00e9e. Yam a exprim\u00e9 de la joie et du soulagement en apprenant sa mention, tout en ressentant une certaine tristesse \u00e0 l&rsquo;id\u00e9e de quitter le lyc\u00e9e. Elle envisage de poursuivre des \u00e9tudes de m\u00e9decine pour devenir ophtalmologue. Cet \u00e9t\u00e9, elle pr\u00e9voit de cumuler des jobs d&rsquo;\u00e9t\u00e9 et de profiter de moments entre amis, tout en pratiquant ses passions. Yam pratique \u00e9galement la randonn\u00e9e.<\/p>\n<p>\u270e R\u00e9dig\u00e9 avec l&rsquo;aide d&rsquo;outils IA et v\u00e9rifi\u00e9 par un journaliste \ud83d\udec8 En savoir plus avec la charte IA d&rsquo;Ebra.<\/p>\n","protected":false},"excerpt":{"rendered":"Yam Aljarf, 18 ans, r\u00e9sidant \u00e0 Nancy, a d\u00e9croch\u00e9 son bac g\u00e9n\u00e9ral SVT Physique-Chimie avec mention tr\u00e8s bien.&hellip;\n","protected":false},"author":2,"featured_media":228103,"comment_status":"","ping_status":"","sticky":false,"template":"","format":"standard","meta":{"footnotes":""},"categories":[9635],"tags":[1111,11,1704,1057,1777,674,10961,1011,27,775,1702,1703,12,25],"class_list":{"0":"post-228102","1":"post","2":"type-post","3":"status-publish","4":"format-standard","5":"has-post-thumbnail","7":"category-nancy","8":"tag-actu","9":"tag-actualites","10":"tag-edition-nancy-et-agglomeration","11":"tag-education","12":"tag-eu","13":"tag-europe","14":"tag-examen-diplome","15":"tag-fr","16":"tag-france","17":"tag-grand-est","18":"tag-nancy","19":"tag-nancy-ville-54b","20":"tag-news","21":"tag-republique-francaise"},"share_on_mastodon":{"url":"https:\/\/pubeurope.com\/@fr\/114800650001555700","error":""},"_links":{"self":[{"href":"https:\/\/www.europesays.com\/fr\/wp-json\/wp\/v2\/posts\/228102","targetHints":{"allow":["GET"]}}],"collection":[{"href":"https:\/\/www.europesays.com\/fr\/wp-json\/wp\/v2\/posts"}],"about":[{"href":"https:\/\/www.europesays.com\/fr\/wp-json\/wp\/v2\/types\/post"}],"author":[{"embeddable":true,"href":"https:\/\/www.europesays.com\/fr\/wp-json\/wp\/v2\/users\/2"}],"replies":[{"embeddable":true,"href":"https:\/\/www.europesays.com\/fr\/wp-json\/wp\/v2\/comments?post=228102"}],"version-history":[{"count":0,"href":"https:\/\/www.europesays.com\/fr\/wp-json\/wp\/v2\/posts\/228102\/revisions"}],"wp:featuredmedia":[{"embeddable":true,"href":"https:\/\/www.europesays.com\/fr\/wp-json\/wp\/v2\/media\/228103"}],"wp:attachment":[{"href":"https:\/\/www.europesays.com\/fr\/wp-json\/wp\/v2\/media?parent=228102"}],"wp:term":[{"taxonomy":"category","embeddable":true,"href":"https:\/\/www.europesays.com\/fr\/wp-json\/wp\/v2\/categories?post=228102"},{"taxonomy":"post_tag","embeddable":true,"href":"https:\/\/www.europesays.com\/fr\/wp-json\/wp\/v2\/tags?post=228102"}],"curies":[{"name":"wp","href":"https:\/\/api.w.org\/{rel}","templated":true}]}}