{"id":228104,"date":"2025-07-05T12:35:03","date_gmt":"2025-07-05T12:35:03","guid":{"rendered":"https:\/\/www.europesays.com\/fr\/228104\/"},"modified":"2025-07-05T12:35:03","modified_gmt":"2025-07-05T12:35:03","slug":"nancy-lycee-henri-loritz-bac-2025-mention-tres-bien-sacha-pereira-18-ans-bac-general","status":"publish","type":"post","link":"https:\/\/www.europesays.com\/fr\/228104\/","title":{"rendered":"Nancy, lyc\u00e9e Henri-Loritz | Bac 2025 Mention Tr\u00e8s Bien. Sacha Pereira, 18 ans, bac g\u00e9n\u00e9ral"},"content":{"rendered":"<p>Sacha Pereira, 18 ans, habitant \u00e0 Nancy, a d\u00e9croch\u00e9 son bac g\u00e9n\u00e9ral avec mention tr\u00e8s bien et f\u00e9licitations du jury. Passionn\u00e9 par l&rsquo;aviation, le sport et le cin\u00e9ma, il a obtenu la note de 20 en math\u00e9matiques, physique, chimie et \u00e0 l&rsquo;oral de fran\u00e7ais. Sa moyenne de 19,01 refl\u00e8te son excellence acad\u00e9mique. Sacha a choisi la sp\u00e9cialit\u00e9 math\u00e9matiques, physique, ainsi que la section europ\u00e9enne en anglais. Il pr\u00e9voit de poursuivre ses \u00e9tudes en pr\u00e9pa PCSI avant d&rsquo;int\u00e9grer l&rsquo;\u00e9cole de l&rsquo;aviation civile pour devenir pilote de ligne. Cet \u00e9t\u00e9, il pr\u00e9voit de voyager et de faire des voyages linguistiques. En dehors des \u00e9tudes, il pratique le handball, la natation et le v\u00e9lo.<\/p>\n<p>\u270e R\u00e9dig\u00e9 avec l&rsquo;aide d&rsquo;outils IA et v\u00e9rifi\u00e9 par un journaliste \ud83d\udec8 En savoir plus avec la charte IA d&rsquo;Ebra.<\/p>\n","protected":false},"excerpt":{"rendered":"Sacha Pereira, 18 ans, habitant \u00e0 Nancy, a d\u00e9croch\u00e9 son bac g\u00e9n\u00e9ral avec mention tr\u00e8s bien et f\u00e9licitations&hellip;\n","protected":false},"author":2,"featured_media":228105,"comment_status":"","ping_status":"","sticky":false,"template":"","format":"standard","meta":{"footnotes":""},"categories":[9635],"tags":[1111,11,36609,1704,1057,1777,674,10961,1011,27,775,1702,1703,12,25],"class_list":{"0":"post-228104","1":"post","2":"type-post","3":"status-publish","4":"format-standard","5":"has-post-thumbnail","7":"category-nancy","8":"tag-actu","9":"tag-actualites","10":"tag-baccalaureat-mention-tres-bien","11":"tag-edition-nancy-et-agglomeration","12":"tag-education","13":"tag-eu","14":"tag-europe","15":"tag-examen-diplome","16":"tag-fr","17":"tag-france","18":"tag-grand-est","19":"tag-nancy","20":"tag-nancy-ville-54b","21":"tag-news","22":"tag-republique-francaise"},"share_on_mastodon":{"url":"https:\/\/pubeurope.com\/@fr\/114800657942905026","error":""},"_links":{"self":[{"href":"https:\/\/www.europesays.com\/fr\/wp-json\/wp\/v2\/posts\/228104","targetHints":{"allow":["GET"]}}],"collection":[{"href":"https:\/\/www.europesays.com\/fr\/wp-json\/wp\/v2\/posts"}],"about":[{"href":"https:\/\/www.europesays.com\/fr\/wp-json\/wp\/v2\/types\/post"}],"author":[{"embeddable":true,"href":"https:\/\/www.europesays.com\/fr\/wp-json\/wp\/v2\/users\/2"}],"replies":[{"embeddable":true,"href":"https:\/\/www.europesays.com\/fr\/wp-json\/wp\/v2\/comments?post=228104"}],"version-history":[{"count":0,"href":"https:\/\/www.europesays.com\/fr\/wp-json\/wp\/v2\/posts\/228104\/revisions"}],"wp:featuredmedia":[{"embeddable":true,"href":"https:\/\/www.europesays.com\/fr\/wp-json\/wp\/v2\/media\/228105"}],"wp:attachment":[{"href":"https:\/\/www.europesays.com\/fr\/wp-json\/wp\/v2\/media?parent=228104"}],"wp:term":[{"taxonomy":"category","embeddable":true,"href":"https:\/\/www.europesays.com\/fr\/wp-json\/wp\/v2\/categories?post=228104"},{"taxonomy":"post_tag","embeddable":true,"href":"https:\/\/www.europesays.com\/fr\/wp-json\/wp\/v2\/tags?post=228104"}],"curies":[{"name":"wp","href":"https:\/\/api.w.org\/{rel}","templated":true}]}}