{"id":228106,"date":"2025-07-05T12:36:12","date_gmt":"2025-07-05T12:36:12","guid":{"rendered":"https:\/\/www.europesays.com\/fr\/228106\/"},"modified":"2025-07-05T12:36:12","modified_gmt":"2025-07-05T12:36:12","slug":"des-portraits-hors-du-temps-de-sting-marie-trintignant-sigourney-weaver-a-decouvrir-a-la-villa-simone-a-six-fours","status":"publish","type":"post","link":"https:\/\/www.europesays.com\/fr\/228106\/","title":{"rendered":"Des portraits hors du temps de Sting, Marie Trintignant, Sigourney Weaver&#8230; \u00e0 d\u00e9couvrir \u00e0 la Villa Simone \u00e0 Six-Fours"},"content":{"rendered":"<p>Elle n\u2019aime pas parler d\u2019elle et pourtant, c\u2019est un \u00ab\u00a0monstre sacr\u00e9\u00a0\u00bb du portrait qui expose \u00e0 la Villa Simone \u00e0 Six-Fours. Une photographe exceptionnelle qui a su \u00ab\u00a0lire\u00a0\u00bb dans chacun des artistes qu\u2019elle a \u00e9t\u00e9 amen\u00e9e \u00e0 rencontrer, \u00e0 accompagner. Sting sur les remparts de Carcassonne alors qu\u2019il \u00e9tait en plein tournage d\u2019un film d\u2019\u00e9poque, Catherine Deneuve qu\u2019elle accompagne aux \u00c9tats-Unis le temps d\u2019une campagne promotionnelle. Pourtant, les visages de Marianne Rosenstiehl sont comme \u00ab\u00a0hors du temps\u00a0\u00bb, loin du contexte promotionnel.<\/p>\n<p>Marianne Rosenstiehl se souvient de chacun des moments qui ont permis la capture d\u2019un regard, d\u2019une attitude. D\u2019un sentiment. Le temps d\u2019une pause. Longue parfois. \u00ab\u00a0Les s\u00e9ances pouvaient durer la journ\u00e9e.\u00a0\u00bb Elles sont la confiance instaur\u00e9e entre le photographe et son sujet, elles sont l\u2019artiste.<\/p>\n<p>L\u2019\u00e9poque, la mode, la morale et la passion<\/p>\n<p>Ces photos-l\u00e0 n\u2019ont pas \u00e9t\u00e9 retenues par les magazines et pourtant\u2026 Ce sont celles qui, pour Marianne Rosenstiehl, racontent davantage que ce qui a \u00e9t\u00e9 publi\u00e9 sur papier glac\u00e9. Son \u00ab\u00a0Jardin d\u2019\u00e9toiles\u00a0\u00bb, \u00e0 d\u00e9couvrir \u00e0 la Villa Simone \u00e0 Six-Fours, est organis\u00e9 dans le cadre de la Vague classique en partenariat avec le Festival de Ramatuelle, autour des hommes et femmes qui incarnent trente ans de cin\u00e9ma. Un parti pris car, fin ao\u00fbt, la villa Simone accueillera deux soir\u00e9es de cin\u00e9ma en plein air.<\/p>\n<p>Pour choisir les 60 portraits qui ornent les jardins, Marianne Rosenstiehl s\u2019est replong\u00e9e dans des centaines de n\u00e9gatifs. Tous ces portraits ont \u00e9t\u00e9 r\u00e9alis\u00e9s \u00e0 l\u2019argentique. Ces visages incarnent: \u00ab\u00a0L\u2019\u00e9poque, la mode, la morale, la passion\u00a0\u00bb (1). Des mots de Charles Baudelaire qui font \u00e9cho au travail de la photographe. \u00c0 son approche de l\u2019autre, document\u00e9e, \u00ab\u00a0comme tout journaliste, mieux vous \u00eates pr\u00e9par\u00e9e, mieux le moment se passe non?\u00a0\u00bb, aux \u00e9poques qu\u2019elle a travers\u00e9es, objectif en main. \u00e0 la passion d\u2019une vie.<\/p>\n<p>Victoria Abril, Laetitia Casta&#8230;<\/p>\n<p>Ces portraits sont surtout le reflet d\u2019une attention, d\u2019une relation de confiance. \u00ab\u00a0J\u2019ai photographi\u00e9 des personnes connues et je n\u2019en parlais jamais \u00e0 mes proches\u00a0\u00bb, confie d\u2019ailleurs la photographe qui a commenc\u00e9 \u00e0 travailler dans les ann\u00e9es 1980, et int\u00e9gr\u00e9 l\u2019une des plus grandes agences photographiques de France, Sygma. \u00ab\u00a0\u00c0 l\u2019\u00e9poque, il y avait encore tr\u00e8s peu de femmes photographes\u00a0\u00bb, se souvient Marianne en souriant, avec humilit\u00e9.<\/p>\n<p>Mais avec elle entrait une proposition diff\u00e9rente. \u00ab\u00a0Je pense, qu&rsquo;en tout cas dans ma fa\u00e7on de travailler, ma fa\u00e7on de vivre mon m\u00e9tier et de vivre ma relation \u00e0 la photographie, c&rsquo;est vraiment une position de r\u00e9serve et d&rsquo;observation pour pouvoir faire une proposition. C&rsquo;est vraiment ce qui me permet d&rsquo;\u00eatre dans un \u00e9change de confiance, c&rsquo;est vraiment de ne pas envahir l&rsquo;autre aussi.\u00a0\u00bb Il suffit de regarder les visages de com\u00e9diens et com\u00e9diennes pour en avoir l\u2019illustration. Des visages qui parleront \u00e0 plusieurs g\u00e9n\u00e9rations.<\/p>\n<p>Certains vous auront fait r\u00eaver comme William Hurt, Donald Sutherland\u2026 D\u2019autres vous submergeront d\u2019\u00e9motion comme Marie Trintignant, alors enceinte. Certains vous feront sourire \u00e0 l\u2019image de Victoria Abril que l\u2019on devine personnage public capable de toutes les audaces, Reese Witherspoon alors inconnue en France, une jeune L\u00e6titia Casta saisie sur sa terre natale, en Corse. \u00ab\u00a0Pour moi, conclut-elle, la place du photographe tient r\u00e9ellement de la morale. Il doit \u00eatre au bon endroit. \u00c0 sa juste place\u00a0\u00bb, pour saisir la quintessence du moment.<\/p>\n<p>Jusqu\u2019au 21 septembre dans les jardins de la villa Simone (200, avenue Audibert \u00e0 Six-Fours). Entr\u00e9e libre du mardi au dimanche de 8h \u00e0 18h.<\/p>\n<p>              <img ci-src=\"https:\/\/www.varmatin.com\/detente\/protec\/DATA_ART_15842576-kkMu6o41.jpg?vh=e4b2f5&amp;ci_seal=f71da5ffd2\" alt=\"\"\/><\/p>\n<p>            Nos bons plans pour d\u00e9couvrir la ville<\/p>\n<p>L\u2019exposition Jardin d\u2019\u00e9toiles vous donne l\u2019occasion de d\u00e9couvrir l\u2019une des plus jolies et discr\u00e8tes stations baln\u00e9aires du d\u00e9partement du Var. Son cadre naturel (la presqu\u2019\u00eele du Gaou, le cap N\u00e8gre), ses plages aux eaux turquoise mais aussi son patrimoine culturel et historique (coll\u00e9giale Saint-Pierre, chapelle de P\u00e9piole, chapelle de Notre-Dame du Mai&#8230;)<\/p>\n<p>D\u00e9couverte en v\u00e9lo \u00e9lectrique<\/p>\n<p>Pour la d\u00e9couvrir loin des circuits \u00ab\u00a0classiques\u00a0\u00bb, on loue un v\u00e9lo \u00e9lectrique: la flotte de 25 v\u00e9los vient d\u2019\u00eatre enti\u00e8rement renouvel\u00e9e, quatre stations sont disponibles, trois en bord de mer (Les L\u00f4nes, La Coudouli\u00e8re, Le Brusc) et une en centre-ville. Ce sont des v\u00e9los tout chemin, qui peuvent s\u2019adapter \u00e0 des parcours en ville comme de balades sur des chemins Location : 1,50 euros de l\u2019heure.<\/p>\n<p>Res. en ligne possible depuis l\u2019application<\/p>\n<p>Pause gourmande au Saint-Pierre<\/p>\n<p>Se restaurer? Direction Le Saint-Pierre au Brusc pour savourer du poisson, sp\u00e9cialit\u00e9 de la maison, ou d\u00e9guster une bonne bouillabaisse traditionnelle. L\u2019\u00e9tablissement propose \u00e9galement un lounge bar.<\/p>\n<p>47, rue de la citadelle. Ouvert du mardi au jeudi de 19 h 30 \u00e0 21 h 45. Du vendredi au dimanche de 12 h \u00e0 13 h 45 et de 19 h 30 \u00e0 21 h 45. T\u00e9l. 04.94.34.02.52.<\/p>\n<p>Dormir sur l\u2019\u00eele des Embiez<\/p>\n<p>Envie de passer une nuit sur place? C\u2019est assur\u00e9ment sur l\u2019\u00eele des Embiez qu\u2019il faut aller. C\u2019est un budget certes, mais qui en vaut largement le d\u00e9tour. L\u2019\u00eele vous offrira de superbes petites criques et diff\u00e9rents types d\u2019h\u00e9bergement sont \u00e0 votre disposition.<\/p>\n<p>Navette pour l\u2019\u00eele des Embiez depuis le port du Brusc (Le port du Brusc est ferm\u00e9 \u00e0 la circulation tous les jeudis de 6 h \u00e0 15 h en raison du march\u00e9). Tarifs de la travers\u00e9e: 20 euros adulte, 11 euros. www.lesilespaulricard.com<\/p>\n<p>Sortie dans la lagune du Brusc<\/p>\n<p>Le petit plus: prendre la mer en paddle&#8230; Ou en kayak allez, on veut bien vous le conc\u00e9der! En bord de mer, autour de l\u2019\u00eele des Embiez si les conditions m\u00e9t\u00e9o le permettent pour les n\u00e9ophytes que vous \u00eates peut-\u00eatre. Dans le cas contraire, on peut aussi profiter d\u2019une sortie dans la lagune du Brusc. Diff\u00e9rentes stations de location de paddle et kayak sont accessibles depuis la plage du Cros, le Brusc etc. mais attention: la lagune est un espace prot\u00e9g\u00e9, interdiction d\u2019y poser les pieds!<\/p>\n<p>              <img ci-src=\"https:\/\/www.varmatin.com\/detente\/protec\/DATA_ART_15842102-bUMel1Cj.jpg?vh=6b8cac&amp;ci_seal=6d9cb2748a\" alt=\"\"\/><br \/>\n        V\u00e9ritable paradis, l\u2019\u00eele des Embiez est le spot id\u00e9al pour passer une nuit \u00e0 Six-Fours. &#13;<br \/>\n <strong>Photo Frank Muller.<\/strong> <\/p>\n","protected":false},"excerpt":{"rendered":"Elle n\u2019aime pas parler d\u2019elle et pourtant, c\u2019est un \u00ab\u00a0monstre sacr\u00e9\u00a0\u00bb du portrait qui expose \u00e0 la Villa&hellip;\n","protected":false},"author":2,"featured_media":228107,"comment_status":"","ping_status":"","sticky":false,"template":"","format":"standard","meta":{"footnotes":""},"categories":[9619],"tags":[1111,11,1777,674,8202,1011,27,1393,12,882,25,2310],"class_list":{"0":"post-228106","1":"post","2":"type-post","3":"status-publish","4":"format-standard","5":"has-post-thumbnail","7":"category-toulon","8":"tag-actu","9":"tag-actualites","10":"tag-eu","11":"tag-europe","12":"tag-expos","13":"tag-fr","14":"tag-france","15":"tag-loisirs","16":"tag-news","17":"tag-provence-alpes-cote-dazur","18":"tag-republique-francaise","19":"tag-toulon"},"share_on_mastodon":{"url":"https:\/\/pubeurope.com\/@fr\/114800661903543595","error":""},"_links":{"self":[{"href":"https:\/\/www.europesays.com\/fr\/wp-json\/wp\/v2\/posts\/228106","targetHints":{"allow":["GET"]}}],"collection":[{"href":"https:\/\/www.europesays.com\/fr\/wp-json\/wp\/v2\/posts"}],"about":[{"href":"https:\/\/www.europesays.com\/fr\/wp-json\/wp\/v2\/types\/post"}],"author":[{"embeddable":true,"href":"https:\/\/www.europesays.com\/fr\/wp-json\/wp\/v2\/users\/2"}],"replies":[{"embeddable":true,"href":"https:\/\/www.europesays.com\/fr\/wp-json\/wp\/v2\/comments?post=228106"}],"version-history":[{"count":0,"href":"https:\/\/www.europesays.com\/fr\/wp-json\/wp\/v2\/posts\/228106\/revisions"}],"wp:featuredmedia":[{"embeddable":true,"href":"https:\/\/www.europesays.com\/fr\/wp-json\/wp\/v2\/media\/228107"}],"wp:attachment":[{"href":"https:\/\/www.europesays.com\/fr\/wp-json\/wp\/v2\/media?parent=228106"}],"wp:term":[{"taxonomy":"category","embeddable":true,"href":"https:\/\/www.europesays.com\/fr\/wp-json\/wp\/v2\/categories?post=228106"},{"taxonomy":"post_tag","embeddable":true,"href":"https:\/\/www.europesays.com\/fr\/wp-json\/wp\/v2\/tags?post=228106"}],"curies":[{"name":"wp","href":"https:\/\/api.w.org\/{rel}","templated":true}]}}