{"id":228112,"date":"2025-07-05T12:39:11","date_gmt":"2025-07-05T12:39:11","guid":{"rendered":"https:\/\/www.europesays.com\/fr\/228112\/"},"modified":"2025-07-05T12:39:11","modified_gmt":"2025-07-05T12:39:11","slug":"antoine-et-lili-quand-les-couleurs-du-monde-sinstallent-sur-la-comedie","status":"publish","type":"post","link":"https:\/\/www.europesays.com\/fr\/228112\/","title":{"rendered":"Antoine et Lili, quand les couleurs du monde s&rsquo;installent sur la Com\u00e9die"},"content":{"rendered":"<p>\n\t\t\t\t\tDepuis le 21 juin la marque fran\u00e7aise de pr\u00eat-\u00e0-porter Antoine et Lili investit le num\u00e9ro 10 de la place de la Com\u00e9die pour l&rsquo;\u00e9t\u00e9.\t\t\t\t<\/p>\n<p>\n\t\t\t\t\t\t\t\t\t\u00a9 InfOccitanie \u2013 A.F \/ Antoine et Lili reste sur la Place de la Com\u00e9die jusqu\u2019au 20 septembre.\t\t\t\t\t\t\t\t<\/p>\n<p><strong>Antoine et Lili<\/strong> est une marque fran\u00e7aise n\u00e9e il y a 30 ans de l\u2019id\u00e9e d\u2019un groupe d\u2019amis, inspir\u00e9s par leurs voyages aux quatre coins du monde. Ensemble, ils ont imagin\u00e9 un univers vestimentaire haut en couleur, avec des imprim\u00e9s \u00e9voquant l\u2019Asie, l\u2019Am\u00e9rique latine ou encore l\u2019Inde.<\/p>\n<p>Des pi\u00e8ces aux couleurs du monde<\/p>\n<p>Depuis le 21 juin, la boutique \u00e9ph\u00e9m\u00e8re Antoine et Lili s\u2019est install\u00e9e au 10, place de la Com\u00e9die \u00e0 <a href=\"https:\/\/infoccitanie.fr\/tag\/montpellier\/\" rel=\"nofollow noopener\" target=\"_blank\"><strong>Montpellier<\/strong><\/a>. Elle propose une collection estivale, compos\u00e9e de pi\u00e8ces color\u00e9es et lumineuses, \u00e0 l\u2019image des cultures qui ont inspir\u00e9 la marque. \u00ab\u00a0C\u2019est un effet miroir sur les cultures du monde\u00a0\u00bb, confie la g\u00e9rante du point de vente montpelli\u00e9rain. Quelques \u00e9l\u00e9ments de d\u00e9coration textile compl\u00e8tent l\u2019univers de la boutique, pour une immersion totale.<\/p>\n<p>Une production fran\u00e7aise et responsable<\/p>\n<p>La marque d\u00e9fend une production locale et responsable. Selon la g\u00e9rante, \u00ab\u00a090 % du pr\u00eat-\u00e0-porter est fabriqu\u00e9 en France\u00a0\u00bb, \u00e0 l\u2019exception de certains accessoires. Les v\u00eatements sont con\u00e7us \u00e0 partir de mati\u00e8res naturelles, avec des tissus achet\u00e9s en France, sauf les carr\u00e9s de soie confectionn\u00e9s en Inde.<\/p>\n<p>Une large gamme de prix<\/p>\n<p>La gamme de prix s\u2019\u00e9tend de <strong>49 euros<\/strong> pour un t-shirt simple \u00e0 <strong>300 euros <\/strong>pour une robe en soie travaill\u00e9e. Des chaussures fabriqu\u00e9es en France sont \u00e9galement propos\u00e9es \u00e0 <strong>185 euros. <\/strong>\u00ab\u00a0La gamme des prix est accessible en sachant que les produits sont made in France et au regard du co\u00fbt de la main d\u2019oeuvre en France\u00a0\u00bb. Pour les portemonnaies les plus modestes, Antoine et Lili propose aussi des prix cass\u00e9s pendant les soldes d\u2019\u00e9t\u00e9, avec des r\u00e9ductions allant jusqu\u2019\u00e0 <strong>50 %.<\/strong><\/p>\n<p>Une pr\u00e9sence qui pourrait durer<\/p>\n<p>La boutique Antoine et Lili reste pr\u00e9sente sur la place de la Com\u00e9die <strong>jusqu\u2019au 20 septembre<\/strong>, avec l\u2019ambition de <strong>s\u2019installer durablement dans le centre-ville par la suite<\/strong>.<\/p>\n<p><a data-no-instant=\"1\" href=\"https:\/\/www.vinci-autoroutes.com\/fr\/actualites\/services-et-aires\/programme-animations-gratuites-sur-aires-2025\/\" rel=\"noopener nofollow\" class=\"a2t-link\" aria-label=\"427-image\" target=\"_blank\"><img decoding=\"async\" loading=\"lazy\" src=\"https:\/\/www.europesays.com\/fr\/wp-content\/uploads\/2025\/07\/427-image.jpeg\" alt=\"\"   width=\"1150\" height=\"300\"\/><\/a>\t\t\t\t<\/p>\n","protected":false},"excerpt":{"rendered":"Depuis le 21 juin la marque fran\u00e7aise de pr\u00eat-\u00e0-porter Antoine et Lili investit le num\u00e9ro 10 de la&hellip;\n","protected":false},"author":2,"featured_media":228113,"comment_status":"","ping_status":"","sticky":false,"template":"","format":"standard","meta":{"footnotes":""},"categories":[9599],"tags":[1111,11,11647,1777,674,1011,27,2208,12,2680,25],"class_list":{"0":"post-228112","1":"post","2":"type-post","3":"status-publish","4":"format-standard","5":"has-post-thumbnail","7":"category-montpellier","8":"tag-actu","9":"tag-actualites","10":"tag-boutique","11":"tag-eu","12":"tag-europe","13":"tag-fr","14":"tag-france","15":"tag-montpellier","16":"tag-news","17":"tag-occitanie","18":"tag-republique-francaise"},"share_on_mastodon":{"url":"https:\/\/pubeurope.com\/@fr\/114800673740531853","error":""},"_links":{"self":[{"href":"https:\/\/www.europesays.com\/fr\/wp-json\/wp\/v2\/posts\/228112","targetHints":{"allow":["GET"]}}],"collection":[{"href":"https:\/\/www.europesays.com\/fr\/wp-json\/wp\/v2\/posts"}],"about":[{"href":"https:\/\/www.europesays.com\/fr\/wp-json\/wp\/v2\/types\/post"}],"author":[{"embeddable":true,"href":"https:\/\/www.europesays.com\/fr\/wp-json\/wp\/v2\/users\/2"}],"replies":[{"embeddable":true,"href":"https:\/\/www.europesays.com\/fr\/wp-json\/wp\/v2\/comments?post=228112"}],"version-history":[{"count":0,"href":"https:\/\/www.europesays.com\/fr\/wp-json\/wp\/v2\/posts\/228112\/revisions"}],"wp:featuredmedia":[{"embeddable":true,"href":"https:\/\/www.europesays.com\/fr\/wp-json\/wp\/v2\/media\/228113"}],"wp:attachment":[{"href":"https:\/\/www.europesays.com\/fr\/wp-json\/wp\/v2\/media?parent=228112"}],"wp:term":[{"taxonomy":"category","embeddable":true,"href":"https:\/\/www.europesays.com\/fr\/wp-json\/wp\/v2\/categories?post=228112"},{"taxonomy":"post_tag","embeddable":true,"href":"https:\/\/www.europesays.com\/fr\/wp-json\/wp\/v2\/tags?post=228112"}],"curies":[{"name":"wp","href":"https:\/\/api.w.org\/{rel}","templated":true}]}}