{"id":228118,"date":"2025-07-05T12:44:08","date_gmt":"2025-07-05T12:44:08","guid":{"rendered":"https:\/\/www.europesays.com\/fr\/228118\/"},"modified":"2025-07-05T12:44:08","modified_gmt":"2025-07-05T12:44:08","slug":"pour-la-nouvelle-saison-de-la-serie-animee-foot2rue-france-tv-organise-une-avant-premiere-a-rennes","status":"publish","type":"post","link":"https:\/\/www.europesays.com\/fr\/228118\/","title":{"rendered":"Pour la nouvelle saison de la s\u00e9rie anim\u00e9e Foot2Rue, France TV organise une avant-premi\u00e8re \u00e0 Rennes"},"content":{"rendered":"<p>            Par<br \/>\n        <strong><br \/>\n            <a href=\"https:\/\/actu.fr\/auteur\/brian-legoff\" title=\"Consulter tous les articles de Brian Le Goff\" target=\"_blank\" rel=\"noopener\">Brian Le Goff<\/a><br \/>\n        <\/strong><\/p>\n<p>        Publi\u00e9 le<\/p>\n<p>            5 juil. 2025 \u00e0 14h25        <\/p>\n<p>Rennes est chanceuse\u2009! Elle fait partie des trois villes fran\u00e7aises s\u00e9lectionn\u00e9es par France TV pour la diffusion en avant-premi\u00e8re mondiale des <strong>deux premiers \u00e9pisodes de la nouvelle saison<\/strong> de la s\u00e9rie anim\u00e9e \u00e0 succ\u00e8s Foot2Rue.<\/p>\n<p class=\" wall-content\"><a href=\"https:\/\/www.instagram.com\/p\/DLcT4-_t8CF\/embed\" title=\"Ouvrir le lien sur Instagram\" target=\"_blank\" rel=\"noopener\">Visualiser le contenu sur Instagram<\/a><\/p>\n<p>20\u00a0ans apr\u00e8s sa cr\u00e9ation<\/p>\n<p class=\" wall-content\">Cette derni\u00e8re, n\u00e9e en 2006, a passionn\u00e9 de nombreux jeunes \u00e0 l\u2019\u00e9poque. Apr\u00e8s quatre saisons, elle revient cette fois pour une nouvelle saison in\u00e9dite \u00e0 la rentr\u00e9e.<\/p>\n<blockquote class=\"ac-article-quote wall-content\">\n<p>La ville de Port-Marie accueille le nouveau Mondial de Foot 2 Rue. Les Bleus de Petit Dragon, au top de leur forme, galvanis\u00e9s, sont bien d\u00e9cid\u00e9s \u00e0 devenir champions du monde. Mais ils sont loin d\u2019\u00eatre les seuls \u00e0 poursuivre cet objectif : des \u00e9quipes venues de toute la plan\u00e8te s\u2019installent \u00e0 l\u2019Institut Riffler, transform\u00e9 en \u00ab village du Mondial \u00bb, d\u00e9termin\u00e9es, elles aussi, \u00e0 remporter le fameux troph\u00e9e, dans le plus pur esprit du foot de rue : amiti\u00e9, respect, solidarit\u00e9.<\/p>\n<p>    <strong>Synopsis<\/strong>\n            <\/p><\/blockquote>\n<p class=\" wall-content\">Mais avant cela, comme Marseille et Lyon, les habitants de la capitale bretonne peuvent obtenir des invitations pour vivre la projection \u00e9v\u00e9nement,<strong> mercredi 9\u00a0juillet \u00e0 14h15 au cin\u00e9ma Path\u00e9,<\/strong> entre fans de la premi\u00e8re heure et nouvelle g\u00e9n\u00e9ration.<\/p>\n<p class=\" wall-content\">L\u2019offre est <strong>r\u00e9serv\u00e9e aux plus de 6 ans<\/strong> (les moins de 16 ans devront obligatoirement \u00eatre accompagn\u00e9s d\u2019un adulte).<\/p>\n<p>Vid\u00e9os : en ce moment sur Actu<\/p>\n<p class=\" wall-content\">Pour tenter votre chance d\u2019obtenir une place \u00e0 cette avant-premi\u00e8re<strong> jusqu\u2019\u00e0 lundi 7 juillet au plus tard<\/strong>, rendez-vous sur <a href=\"https:\/\/www.francetelevisions.fr\/et-vous\/mon-offre-fidelite\/autres-operations-fidelite\/foot-2-rue-45121\" target=\"_blank\" rel=\"noopener\">le site de France TV &amp; vous<\/a>.<\/p>\n<p class=\" wall-content\">Suivez toute l\u2019actualit\u00e9 de vos villes et m\u00e9dias favoris en vous inscrivant \u00e0 <a href=\"https:\/\/moncompte.actu.fr\" title=\"D\u00e9couvez Mon Actu\" rel=\"nofollow noopener\" data-trk=\"{&quot;cta&quot;:{&quot;action&quot;:&quot;https:\\\/\\\/moncompte.actu.fr&quot;,&quot;category&quot;:&quot;mon compte&quot;,&quot;from&quot;:&quot;article footer&quot;,&quot;name&quot;:&quot;Mon actu&quot;,&quot;type&quot;:&quot;cta&quot;}}\" target=\"_blank\">Mon Actu<\/a>.<\/p>\n<p>                    <script async src=\"\/\/www.instagram.com\/embed.js\"><\/script><\/p>\n","protected":false},"excerpt":{"rendered":"Par Brian Le Goff Publi\u00e9 le 5 juil. 2025 \u00e0 14h25 Rennes est chanceuse\u2009! Elle fait partie des&hellip;\n","protected":false},"author":2,"featured_media":228119,"comment_status":"","ping_status":"","sticky":false,"template":"","format":"standard","meta":{"footnotes":""},"categories":[2821],"tags":[1111,11,1063,829,650,1777,674,1011,27,1652,12,584,25],"class_list":{"0":"post-228118","1":"post","2":"type-post","3":"status-publish","4":"format-standard","5":"has-post-thumbnail","7":"category-rennes","8":"tag-actu","9":"tag-actualites","10":"tag-animations","11":"tag-bretagne","12":"tag-cinema","13":"tag-eu","14":"tag-europe","15":"tag-fr","16":"tag-france","17":"tag-loisirs-culture","18":"tag-news","19":"tag-rennes","20":"tag-republique-francaise"},"share_on_mastodon":{"url":"https:\/\/pubeurope.com\/@fr\/114800693341063477","error":""},"_links":{"self":[{"href":"https:\/\/www.europesays.com\/fr\/wp-json\/wp\/v2\/posts\/228118","targetHints":{"allow":["GET"]}}],"collection":[{"href":"https:\/\/www.europesays.com\/fr\/wp-json\/wp\/v2\/posts"}],"about":[{"href":"https:\/\/www.europesays.com\/fr\/wp-json\/wp\/v2\/types\/post"}],"author":[{"embeddable":true,"href":"https:\/\/www.europesays.com\/fr\/wp-json\/wp\/v2\/users\/2"}],"replies":[{"embeddable":true,"href":"https:\/\/www.europesays.com\/fr\/wp-json\/wp\/v2\/comments?post=228118"}],"version-history":[{"count":0,"href":"https:\/\/www.europesays.com\/fr\/wp-json\/wp\/v2\/posts\/228118\/revisions"}],"wp:featuredmedia":[{"embeddable":true,"href":"https:\/\/www.europesays.com\/fr\/wp-json\/wp\/v2\/media\/228119"}],"wp:attachment":[{"href":"https:\/\/www.europesays.com\/fr\/wp-json\/wp\/v2\/media?parent=228118"}],"wp:term":[{"taxonomy":"category","embeddable":true,"href":"https:\/\/www.europesays.com\/fr\/wp-json\/wp\/v2\/categories?post=228118"},{"taxonomy":"post_tag","embeddable":true,"href":"https:\/\/www.europesays.com\/fr\/wp-json\/wp\/v2\/tags?post=228118"}],"curies":[{"name":"wp","href":"https:\/\/api.w.org\/{rel}","templated":true}]}}