{"id":228120,"date":"2025-07-05T12:45:50","date_gmt":"2025-07-05T12:45:50","guid":{"rendered":"https:\/\/www.europesays.com\/fr\/228120\/"},"modified":"2025-07-05T12:45:50","modified_gmt":"2025-07-05T12:45:50","slug":"un-brunch-anime-organise-dans-ce-parc-ce-dimanche","status":"publish","type":"post","link":"https:\/\/www.europesays.com\/fr\/228120\/","title":{"rendered":"un brunch anim\u00e9 organis\u00e9 dans ce parc ce dimanche"},"content":{"rendered":"<p>            Par<br \/>\n        <strong><br \/>\n            <a href=\"https:\/\/actu.fr\/auteur\/redaction-jv\" title=\"Consulter tous les articles de R\u00e9daction Vitr\u00e9\" rel=\"nofollow noopener\" target=\"_blank\">R\u00e9daction Vitr\u00e9<\/a><br \/>\n        <\/strong><\/p>\n<p>        Publi\u00e9 le<\/p>\n<p>            4 juil. 2025 \u00e0 8h38        <\/p>\n<p><b>Dimanche 6 juillet 2025, <\/b>de 11h30 \u00e0 16h, au parc du Ch\u00eane-Joli, \u00e0 <a href=\"https:\/\/actu.fr\/bretagne\/noyal-sur-vilaine_35207\" rel=\"nofollow noopener\" target=\"_blank\">Noyal-sur-Vilaine<\/a> (Ille-et-Vilaine), le <b>Brunch de l\u2019\u00e9t\u00e9 <\/b>revient pour sa 6\u1d49 \u00e9dition avec, \u00ab des foodtrucks pour savourer, des jeux pour rigoler, de la musique pour se d\u00e9tendre, des paillettes pour briller et<b> de la bonne humeur bien entendu<\/b> \u00bb, annonce Delphine Mador\u00e9, charg\u00e9e de communication au Pays de Ch\u00e2teaugiron tourisme.<\/p>\n<p>La programmation<\/p>\n<p class=\" wall-content\">L\u2019association InD avec ses<b> blind tests musicaux<\/b> pour tester vos connaissances musicales en famille ou entre amis, Bloom Games, jeu de construction rose fluo r\u00e9alis\u00e9 par les artistes Alisa Andrasek et Jos\u00e9 Sanchez.<\/p>\n<p class=\" wall-content\">Constitu\u00e9 de 1 000\u00a0pi\u00e8ces, \u00e0 vous de cr\u00e9er une<b> \u0153uvre collective, \u00e9volutive et unique.<\/b><\/p>\n<p>Suspensions de l\u2019\u00e9t\u00e9<\/p>\n<p class=\" wall-content\">Cet \u00e9v\u00e9nement fait partie de la<b> programmation des Suspensions de l\u2019\u00e9t\u00e9<\/b>, organis\u00e9 tous les ans par l\u2019Office de tourisme intercommunal du Pays de Ch\u00e2teaugiron, qui comprend <b>cinq communes<\/b>, avec cinq dates cl\u00e9s pendant la saison estivale.<\/p>\n<p>Vid\u00e9os : en ce moment sur Actu<\/p>\n<p class=\" wall-content\">\u00ab Concerts, moments de d\u00e9tente et de f\u00eate pour (re) d\u00e9couvrir le territoire et son patrimoine culturel, naturel, b\u00e2ti \u00bb permettent de faire \u00ab le<b> lien entre habitants<\/b>, les int\u00e9ress\u00e9s et les artistes, gr\u00e2ce \u00e0 la participation de diff\u00e9rents acteurs et actrices du territoire, qu\u2019ils soient\u00a0professionnels ou b\u00e9n\u00e9voles. \u00bb<\/p>\n<p>Pratique : dimanche 6 juillet, au Ch\u00eane Joli \u00e0 Noyal. Brunch de l\u2019\u00e9t\u00e9. Dur\u00e9e : 4 h 30. Gratuit, food-trucks payants, tout public.<\/p>\n<p class=\" wall-content\">Suivez toute l\u2019actualit\u00e9 de vos villes et m\u00e9dias favoris en vous inscrivant \u00e0 <a href=\"https:\/\/moncompte.actu.fr\" title=\"D\u00e9couvez Mon Actu\" rel=\"nofollow noopener\" data-trk=\"{&quot;cta&quot;:{&quot;action&quot;:&quot;https:\\\/\\\/moncompte.actu.fr&quot;,&quot;category&quot;:&quot;mon compte&quot;,&quot;from&quot;:&quot;article footer&quot;,&quot;name&quot;:&quot;Mon actu&quot;,&quot;type&quot;:&quot;cta&quot;}}\" target=\"_blank\">Mon Actu<\/a>.<\/p>\n","protected":false},"excerpt":{"rendered":"Par R\u00e9daction Vitr\u00e9 Publi\u00e9 le 4 juil. 2025 \u00e0 8h38 Dimanche 6 juillet 2025, de 11h30 \u00e0 16h,&hellip;\n","protected":false},"author":2,"featured_media":228121,"comment_status":"","ping_status":"","sticky":false,"template":"","format":"standard","meta":{"footnotes":""},"categories":[2821],"tags":[1111,11,829,1777,674,1011,27,1661,1652,873,12,584,25],"class_list":{"0":"post-228120","1":"post","2":"type-post","3":"status-publish","4":"format-standard","5":"has-post-thumbnail","7":"category-rennes","8":"tag-actu","9":"tag-actualites","10":"tag-bretagne","11":"tag-eu","12":"tag-europe","13":"tag-fr","14":"tag-france","15":"tag-gastronomie","16":"tag-loisirs-culture","17":"tag-musique","18":"tag-news","19":"tag-rennes","20":"tag-republique-francaise"},"share_on_mastodon":{"url":"https:\/\/pubeurope.com\/@fr\/114800701231954420","error":""},"_links":{"self":[{"href":"https:\/\/www.europesays.com\/fr\/wp-json\/wp\/v2\/posts\/228120","targetHints":{"allow":["GET"]}}],"collection":[{"href":"https:\/\/www.europesays.com\/fr\/wp-json\/wp\/v2\/posts"}],"about":[{"href":"https:\/\/www.europesays.com\/fr\/wp-json\/wp\/v2\/types\/post"}],"author":[{"embeddable":true,"href":"https:\/\/www.europesays.com\/fr\/wp-json\/wp\/v2\/users\/2"}],"replies":[{"embeddable":true,"href":"https:\/\/www.europesays.com\/fr\/wp-json\/wp\/v2\/comments?post=228120"}],"version-history":[{"count":0,"href":"https:\/\/www.europesays.com\/fr\/wp-json\/wp\/v2\/posts\/228120\/revisions"}],"wp:featuredmedia":[{"embeddable":true,"href":"https:\/\/www.europesays.com\/fr\/wp-json\/wp\/v2\/media\/228121"}],"wp:attachment":[{"href":"https:\/\/www.europesays.com\/fr\/wp-json\/wp\/v2\/media?parent=228120"}],"wp:term":[{"taxonomy":"category","embeddable":true,"href":"https:\/\/www.europesays.com\/fr\/wp-json\/wp\/v2\/categories?post=228120"},{"taxonomy":"post_tag","embeddable":true,"href":"https:\/\/www.europesays.com\/fr\/wp-json\/wp\/v2\/tags?post=228120"}],"curies":[{"name":"wp","href":"https:\/\/api.w.org\/{rel}","templated":true}]}}