{"id":228122,"date":"2025-07-05T12:46:40","date_gmt":"2025-07-05T12:46:40","guid":{"rendered":"https:\/\/www.europesays.com\/fr\/228122\/"},"modified":"2025-07-05T12:46:40","modified_gmt":"2025-07-05T12:46:40","slug":"un-cycliste-de-13-ans-gravement-blesse-apres-avoir-ete-percute-par-un-automobiliste-de-75-ans","status":"publish","type":"post","link":"https:\/\/www.europesays.com\/fr\/228122\/","title":{"rendered":"un cycliste de 13 ans gravement bless\u00e9 apr\u00e8s avoir \u00e9t\u00e9 percut\u00e9 par un automobiliste de 75 ans"},"content":{"rendered":"<p>            Par<br \/>\n        <strong><br \/>\n            <a href=\"https:\/\/actu.fr\/auteur\/ivan-capecchi\" title=\"Consulter tous les articles de Ivan CAPECCHI\" rel=\"nofollow noopener\" target=\"_blank\">Ivan CAPECCHI<\/a><br \/>\n        <\/strong><\/p>\n<p>        Publi\u00e9 le<\/p>\n<p>            3 juil. 2025 \u00e0 17h32        <\/p>\n<p>Ce jeudi 3 juillet 2025, 14 rue du G\u00e9n\u00e9ral Leclerc \u00e0 <a href=\"https:\/\/actu.fr\/grand-est\/obernai_67348\" rel=\"nofollow noopener\" target=\"_blank\">Obernai<\/a>, pr\u00e8s de Strasbourg (Bas-Rhin), <strong>un cycliste de 13 ans a \u00e9t\u00e9 percut\u00e9 par une voiture<\/strong>.<\/p>\n<p class=\" wall-content\">Gravement bless\u00e9 \u2013 il souffre de <strong>traumatismes au niveau du thorax et du bassin<\/strong>, d\u2019apr\u00e8s les <a href=\"https:\/\/actu.fr\/tag\/pompiers\" rel=\"nofollow noopener\" target=\"_blank\">pompiers<\/a> \u2013 le gar\u00e7on a \u00e9t\u00e9 transport\u00e9 en urgence absolue au <strong>service de d\u00e9chocage<\/strong> de l\u2019<a href=\"https:\/\/actu.fr\/tag\/hopital-de-hautepierre\" rel=\"nofollow noopener\" target=\"_blank\">h\u00f4pital de Hautepierre<\/a>, \u00e0 Strasbourg.\u00a0<\/p>\n<p>L\u2019automobiliste a fait un malaise au volant<\/p>\n<p class=\" wall-content\">Toujours selon les <strong>pompiers<\/strong>, le conducteur de la voiture est un <strong>homme \u00e2g\u00e9 de 75 ans<\/strong>.<\/p>\n<p class=\" wall-content\">Il a fait un malaise au moment de l\u2019<a href=\"https:\/\/actu.fr\/tag\/accident\" rel=\"nofollow noopener\" target=\"_blank\">accident<\/a>.<\/p>\n<p class=\" wall-content\">L\u2019homme a\u00a0\u00e9galement \u00e9t\u00e9 pris en charge par les secours et transport\u00e9 \u00e0 l\u2019<strong>h\u00f4pital de S\u00e9lestat<\/strong>.<\/p>\n<p>Vid\u00e9os : en ce moment sur Actu<\/p>\n<p class=\" wall-content\">Suivez toute l\u2019actualit\u00e9 de vos villes et m\u00e9dias favoris en vous inscrivant \u00e0 <a href=\"https:\/\/moncompte.actu.fr\" title=\"D\u00e9couvez Mon Actu\" rel=\"nofollow noopener\" data-trk=\"{&quot;cta&quot;:{&quot;action&quot;:&quot;https:\\\/\\\/moncompte.actu.fr&quot;,&quot;category&quot;:&quot;mon compte&quot;,&quot;from&quot;:&quot;article footer&quot;,&quot;name&quot;:&quot;Mon actu&quot;,&quot;type&quot;:&quot;cta&quot;}}\" target=\"_blank\">Mon Actu<\/a>.<\/p>\n","protected":false},"excerpt":{"rendered":"Par Ivan CAPECCHI Publi\u00e9 le 3 juil. 2025 \u00e0 17h32 Ce jeudi 3 juillet 2025, 14 rue du&hellip;\n","protected":false},"author":2,"featured_media":228123,"comment_status":"","ping_status":"","sticky":false,"template":"","format":"standard","meta":{"footnotes":""},"categories":[2820],"tags":[119,1111,11,1777,674,118,1011,27,775,6272,12,1311,25,640],"class_list":{"0":"post-228122","1":"post","2":"type-post","3":"status-publish","4":"format-standard","5":"has-post-thumbnail","7":"category-strasbourg","8":"tag-accident","9":"tag-actu","10":"tag-actualites","11":"tag-eu","12":"tag-europe","13":"tag-faits-divers","14":"tag-fr","15":"tag-france","16":"tag-grand-est","17":"tag-hopital-de-hautepierre","18":"tag-news","19":"tag-pompiers","20":"tag-republique-francaise","21":"tag-strasbourg"},"share_on_mastodon":{"url":"https:\/\/pubeurope.com\/@fr\/114800701310478468","error":""},"_links":{"self":[{"href":"https:\/\/www.europesays.com\/fr\/wp-json\/wp\/v2\/posts\/228122","targetHints":{"allow":["GET"]}}],"collection":[{"href":"https:\/\/www.europesays.com\/fr\/wp-json\/wp\/v2\/posts"}],"about":[{"href":"https:\/\/www.europesays.com\/fr\/wp-json\/wp\/v2\/types\/post"}],"author":[{"embeddable":true,"href":"https:\/\/www.europesays.com\/fr\/wp-json\/wp\/v2\/users\/2"}],"replies":[{"embeddable":true,"href":"https:\/\/www.europesays.com\/fr\/wp-json\/wp\/v2\/comments?post=228122"}],"version-history":[{"count":0,"href":"https:\/\/www.europesays.com\/fr\/wp-json\/wp\/v2\/posts\/228122\/revisions"}],"wp:featuredmedia":[{"embeddable":true,"href":"https:\/\/www.europesays.com\/fr\/wp-json\/wp\/v2\/media\/228123"}],"wp:attachment":[{"href":"https:\/\/www.europesays.com\/fr\/wp-json\/wp\/v2\/media?parent=228122"}],"wp:term":[{"taxonomy":"category","embeddable":true,"href":"https:\/\/www.europesays.com\/fr\/wp-json\/wp\/v2\/categories?post=228122"},{"taxonomy":"post_tag","embeddable":true,"href":"https:\/\/www.europesays.com\/fr\/wp-json\/wp\/v2\/tags?post=228122"}],"curies":[{"name":"wp","href":"https:\/\/api.w.org\/{rel}","templated":true}]}}