{"id":228130,"date":"2025-07-05T12:50:33","date_gmt":"2025-07-05T12:50:33","guid":{"rendered":"https:\/\/www.europesays.com\/fr\/228130\/"},"modified":"2025-07-05T12:50:33","modified_gmt":"2025-07-05T12:50:33","slug":"ils-ont-construit-nos-quartiers-dans-les-annees-1960-hommage-aux-premiers-immigres-marocains","status":"publish","type":"post","link":"https:\/\/www.europesays.com\/fr\/228130\/","title":{"rendered":"Ils ont construit nos quartiers dans les ann\u00e9es 1960 : hommage aux premiers immigr\u00e9s marocains"},"content":{"rendered":"<p>Leurs p\u00e8res sont arriv\u00e9s du Maroc dans les ann\u00e9es 1960 pour construire la France, alors en plein chantier pour \u00e9tendre sa capacit\u00e9 de logement. C\u2019est le cas de Mohammed Ouati, dont le papa a d\u00e9barqu\u00e9 \u00e0 Quimper (Finist\u00e8re) le 28 mars 1964. Ils \u00e9taient plusieurs ma\u00e7ons venus d\u2019Oran avec le p\u00e8re et les oncles de Kader El Ouarichi, mais aussi Abdelkader Ben Omar, Mohamed Al Bouazzati&#8230;<\/p>\n<p>\t<img decoding=\"async\" src=\"https:\/\/www.europesays.com\/fr\/wp-content\/uploads\/2025\/07\/P35336392D6885426G_px_640_.jpg\" alt=\"photo au consulat g\u00e9n\u00e9ral de rennes, le nantais larbi alouane a re\u00e7u des mains de la consule g\u00e9n\u00e9rale myrieme taleb la m\u00e9daille du m\u00e9rite du royaume du maroc.  \u00a9  ouest-france\" width=\"640\" title=\" Au consulat g\u00e9n\u00e9ral de Rennes, le Nantais Larbi Alouane a re\u00e7u des mains de la consule g\u00e9n\u00e9rale Myrieme Taleb la m\u00e9daille du M\u00e9rite du royaume du Maroc.   Ouest-France \"\/><\/p>\n<p class=\"elmt-legende\"> Au consulat g\u00e9n\u00e9ral de Rennes, le Nantais Larbi Alouane a re\u00e7u des mains de la consule g\u00e9n\u00e9rale Myrieme Taleb la m\u00e9daille du M\u00e9rite du royaume du Maroc.   Ouest-France <\/p>\n<p><strong>\u00ab C\u2019\u00e9tait un jour f\u00e9ri\u00e9. L\u2019employ\u00e9 de l\u2019entreprise de b\u00e2timent qui devait venir les chercher pour construire le quartier de Kermoysan n\u2019est jamais arriv\u00e9,<\/strong> retrace Mohammed Ouati.<strong> Deux policiers se sont demand\u00e9 qui \u00e9taient ces \u00e9trangers : c\u2019\u00e9tait les huit premiers Marocains de Quimper ! Les bonnes s\u0153urs les ont nourris, leur ont offert une douche et trouv\u00e9 une chambre d\u2019h\u00f4tel. Nous les enfants, on a eu une belle jeunesse. On ne remerciera jamais assez les profs qui nous ont instruits : gr\u00e2ce \u00e0 eux, on a r\u00e9ussi notre vie. Nos parents ne parlaient et n\u2019\u00e9crivaient pas le fran\u00e7ais, ils \u00e9taient analphab\u00e8tes. Mais ils nous ont appris \u00e0 tout faire pour \u00eatre int\u00e9gr\u00e9s. On est Breizh-Marocains ! \u00bb<\/strong><\/p>\n<p><strong>Lire aussi :<\/strong>\u00a0<strong> <a href=\"http:\/\/www.quimper.maville.com\/actu\/actudet_--kermoysan-ce-sont-nos-peres-qui-l-ont-construit-_52689-3617232_actu.Htm\" target=\"_self\" rel=\"nofollow noopener\">\u00ab Kermoysan, ce quartier de Quimper (Finist\u00e8re), ce sont nos p\u00e8res qui l\u2019ont construit \u00bb<\/a> <\/strong><\/p>\n<p>Ces hommes de Quimper et partout en France, et leurs femmes qui sont parfois arriv\u00e9es ensuite, seraient rest\u00e9s dans l\u2019anonymat si le roi Mohamed VI n\u2019avait pas tenu \u00e0 les saluer. C\u2019est chose faite depuis le jeudi 3 juillet 2025. Une c\u00e9r\u00e9monie d\u2019hommage aux premi\u00e8res g\u00e9n\u00e9rations d\u2019immigr\u00e9s marocains venus en France dans les ann\u00e9es 1950 et 1960 a eu lieu au consulat g\u00e9n\u00e9ral marocain de Rennes (Ille-et-Vilaine) comme dans les seize autres en France et l\u2019ambassade du Maroc \u00e0 Paris. <strong> <a href=\"http:\/\/www.quimper.maville.com\/actu\/actudet_--kermoysan-ce-sont-nos-peres-qui-l-ont-construit-_52689-3617232_actu.Htm\" target=\"_self\" rel=\"nofollow noopener\"> <\/a> <\/strong><\/p>\n<p><strong>\u00ab Cet hommage est important car il traduit les liens d\u2019amiti\u00e9 ancestrale franco-marocaine et porte un message de reconnaissance pour cette g\u00e9n\u00e9ration et les futures \u00bb<\/strong>, souligne <a href=\"https:\/\/rennes.maville.com\/actu\/actudet_--les-femmes-engagees-celebrees-au-consulat-du-maroc-de-rennes-_52674-5671320_actu.Htm\" target=\"_blank\" rel=\"nofollow noopener\">Myrieme Taleb, consule g\u00e9n\u00e9rale du royaume du Maroc \u00e0 Rennes. <\/a>Les Marocains sont l\u2019une des plus importantes communaut\u00e9s d\u2019origine \u00e9trang\u00e8re dans l\u2019Ouest : environ 65 000 ressortissants, dont 22 000 en Bretagne.<\/p>\n<p>\t<img decoding=\"async\" src=\"https:\/\/www.europesays.com\/fr\/wp-content\/uploads\/2025\/07\/P35336393D6885426G_px_640_.jpg\" alt=\"photo le nantais larbi alouane, 85 ans, investi notamment \u00e0 travers l\u2019association fran\u00e7ais immigr\u00e9s 44, qui a \u00e9t\u00e9 mis \u00e0 l\u2019honneur.  \u00a9  ouest-france\" width=\"640\" title=\" Le Nantais Larbi Alouane, 85 ans, investi notamment \u00e0 travers l\u2019association Fran\u00e7ais Immigr\u00e9s 44, qui a \u00e9t\u00e9 mis \u00e0 l\u2019honneur.   Ouest-France \"\/><\/p>\n<p class=\"elmt-legende\"> Le Nantais Larbi Alouane, 85 ans, investi notamment \u00e0 travers l\u2019association Fran\u00e7ais Immigr\u00e9s 44, qui a \u00e9t\u00e9 mis \u00e0 l\u2019honneur.   Ouest-France <\/p>\n<p>\t<img decoding=\"async\" src=\"https:\/\/www.europesays.com\/fr\/wp-content\/uploads\/2025\/07\/P35336394D6885426G_px_640_.jpg\" alt=\"photo myrieme taleb, consule g\u00e9n\u00e9rale du royaume du maroc \u00e0 rennes.  \u00a9  ouest-france\" width=\"640\" title=\" Myrieme Taleb, consule g\u00e9n\u00e9rale du Royaume du Maroc \u00e0 Rennes.   Ouest-France \"\/><\/p>\n<p class=\"elmt-legende\"> Myrieme Taleb, consule g\u00e9n\u00e9rale du Royaume du Maroc \u00e0 Rennes.   Ouest-France <\/p>\n<p>\t<img decoding=\"async\" src=\"https:\/\/www.europesays.com\/fr\/wp-content\/uploads\/2025\/07\/P35336395D6885426G_px_640_.jpg\" alt=\"photo l\u2019organisation de la coupe d\u2019afrique des nations (can), entre d\u00e9cembre 2025 et janvier 2026, est mise en valeur \u00e0 l\u2019accueil du consulat g\u00e9n\u00e9ral du maroc, \u00e0 rennes.  \u00a9  ouest-france\" width=\"640\" title=\" L\u2019organisation de la coupe d\u2019Afrique des Nations (CAN), entre d\u00e9cembre 2025 et janvier 2026, est mise en valeur \u00e0 l\u2019accueil du consulat g\u00e9n\u00e9ral du Maroc, \u00e0 Rennes.   Ouest-France \"\/><\/p>\n<p class=\"elmt-legende\"> L\u2019organisation de la coupe d\u2019Afrique des Nations (CAN), entre d\u00e9cembre 2025 et janvier 2026, est mise en valeur \u00e0 l\u2019accueil du consulat g\u00e9n\u00e9ral du Maroc, \u00e0 Rennes.   Ouest-France <\/p>\n<p>\u00c0 Rennes, c\u2019est le Nantais Larbi Alouane, 85 ans, investi notamment \u00e0 travers l\u2019association Fran\u00e7ais Immigr\u00e9s 44, qui a \u00e9t\u00e9 mis \u00e0 l\u2019honneur. Ce Marocain originaire d\u2019Agadir est venu en Europe d\u00e8s 1960, passant d\u2019abord par les Pays-Bas avant de venir en France travailler dans l\u2019industrie automobile. <strong>\u00ab J\u2019ai grandi \u00e0 Casablanca, avec des Fran\u00e7ais, avec des Juifs. Nous n\u2019\u00e9tions pas malheureux<\/strong>, se souvient Larbi Alouane. <strong>Je suis arriv\u00e9 \u00e0 Nantes en 1970. J\u2019ai \u00e9t\u00e9 pendant 24 ans d\u00e9l\u00e9gu\u00e9 syndical. Je remercie la France pour son accueil. Pour moi, vivre \u00e0 Nantes et au Maroc, c\u2019est pareil \u00bb<\/strong>.<\/p>\n<p>\t<img decoding=\"async\" src=\"https:\/\/www.europesays.com\/fr\/wp-content\/uploads\/2025\/07\/P35336396D6885426G_px_640_.jpg\" alt=\"photo l\u2019accueil du consulat g\u00e9n\u00e9ral du royaume du maroc, \u00e0 rennes.  \u00a9  ouest-france\" width=\"640\" title=\" L\u2019accueil du consulat g\u00e9n\u00e9ral du royaume du Maroc, \u00e0 Rennes.   Ouest-France \"\/><\/p>\n<p class=\"elmt-legende\"> L\u2019accueil du consulat g\u00e9n\u00e9ral du royaume du Maroc, \u00e0 Rennes.   Ouest-France <\/p>\n<p>Devant une cinquantaine d\u2019invit\u00e9s, Myrieme Taleb lui a remis la m\u00e9daille du M\u00e9rite du royaume du Maroc et des billets d\u2019avion pour s\u2019y rendre. <strong>\u00abCette premi\u00e8re g\u00e9n\u00e9ration a contribu\u00e9 de mani\u00e8re d\u00e9cisive \u00e0 l\u2019essor \u00e9conomique de la France et au d\u00e9veloppement du Maroc,<\/strong> explique la consule. <strong>Au-del\u00e0 de l\u2019immigration de travail, la relation entre le Maroc et la France s\u2019enracine dans une histoire humaine et concr\u00e8te. \u00bb <\/strong>Pour la consule, c\u2019est aussi <strong>\u00ab offrir aux g\u00e9n\u00e9rations actuelles un mod\u00e8le de r\u00e9silience et de dignit\u00e9 \u00bb<\/strong>. Mohammed et Larbi en avaient les larmes aux yeux.<\/p>\n<p>\u00a0<\/p>\n","protected":false},"excerpt":{"rendered":"Leurs p\u00e8res sont arriv\u00e9s du Maroc dans les ann\u00e9es 1960 pour construire la France, alors en plein chantier&hellip;\n","protected":false},"author":2,"featured_media":228131,"comment_status":"","ping_status":"","sticky":false,"template":"","format":"standard","meta":{"footnotes":""},"categories":[2818],"tags":[36664,1111,11,7495,4718,1777,674,1011,27,4879,17986,12803,766,12,2636,5116,25],"class_list":{"0":"post-228130","1":"post","2":"type-post","3":"status-publish","4":"format-standard","5":"has-post-thumbnail","7":"category-nantes","8":"tag-36664","9":"tag-actu","10":"tag-actualites","11":"tag-annees","12":"tag-construit","13":"tag-eu","14":"tag-europe","15":"tag-fr","16":"tag-france","17":"tag-hommage","18":"tag-immigres","19":"tag-marocains","20":"tag-nantes","21":"tag-news","22":"tag-pays-de-la-loire","23":"tag-quartiers","24":"tag-republique-francaise"},"share_on_mastodon":{"url":"https:\/\/pubeurope.com\/@fr\/114800717144479774","error":""},"_links":{"self":[{"href":"https:\/\/www.europesays.com\/fr\/wp-json\/wp\/v2\/posts\/228130","targetHints":{"allow":["GET"]}}],"collection":[{"href":"https:\/\/www.europesays.com\/fr\/wp-json\/wp\/v2\/posts"}],"about":[{"href":"https:\/\/www.europesays.com\/fr\/wp-json\/wp\/v2\/types\/post"}],"author":[{"embeddable":true,"href":"https:\/\/www.europesays.com\/fr\/wp-json\/wp\/v2\/users\/2"}],"replies":[{"embeddable":true,"href":"https:\/\/www.europesays.com\/fr\/wp-json\/wp\/v2\/comments?post=228130"}],"version-history":[{"count":0,"href":"https:\/\/www.europesays.com\/fr\/wp-json\/wp\/v2\/posts\/228130\/revisions"}],"wp:featuredmedia":[{"embeddable":true,"href":"https:\/\/www.europesays.com\/fr\/wp-json\/wp\/v2\/media\/228131"}],"wp:attachment":[{"href":"https:\/\/www.europesays.com\/fr\/wp-json\/wp\/v2\/media?parent=228130"}],"wp:term":[{"taxonomy":"category","embeddable":true,"href":"https:\/\/www.europesays.com\/fr\/wp-json\/wp\/v2\/categories?post=228130"},{"taxonomy":"post_tag","embeddable":true,"href":"https:\/\/www.europesays.com\/fr\/wp-json\/wp\/v2\/tags?post=228130"}],"curies":[{"name":"wp","href":"https:\/\/api.w.org\/{rel}","templated":true}]}}