{"id":228132,"date":"2025-07-05T12:51:12","date_gmt":"2025-07-05T12:51:12","guid":{"rendered":"https:\/\/www.europesays.com\/fr\/228132\/"},"modified":"2025-07-05T12:51:12","modified_gmt":"2025-07-05T12:51:12","slug":"il-va-rallier-tanger-depuis-nantes-a-velo-sport","status":"publish","type":"post","link":"https:\/\/www.europesays.com\/fr\/228132\/","title":{"rendered":"Il va rallier Tanger depuis Nantes \u00e0 v\u00e9lo . Sport"},"content":{"rendered":"<p>Un jeune Lig\u00e9rien de 17\u00a0ans s\u2019appr\u00eate \u00e0 se lancer lundi 7 juillet 2025 dans une odyss\u00e9e \u00e0 v\u00e9lo qui doit l\u2019emmener en 15\u00a0jours de Nantes jusqu\u2019\u00e0 Tanger, au Maroc, pour porter un projet solidaire.<\/p>\n<p>Son jeune \u00e2ge n\u2019est jamais un probl\u00e8me, il estime m\u00eame que \u00e7a peut \u00eatre une force<\/p>\n<p>Le projet d\u2019Alexandre Bouchet ne s\u2019est pas fait sur un coup de t\u00eate. En avril\u00a02023, il avait d\u00e9j\u00e0 r\u00e9ussi Paris-Nantes (515\u00a0km), fruit d\u2019une motivation ancienne raviv\u00e9e par la lecture de l\u2019\u00c9veil d\u2019un voyageur de Xavier Lebreton. Ce dernier relate d\u2019un voyage exceptionnel \u00e0 v\u00e9lo depuis la Mongolie jusqu\u2019\u00e0 l\u2019Hexagone. Soutenu par ses parents et par l\u2019association la Cha\u00eene de l\u2019espoir, Alexandre s\u2019en inspire et roule depuis la capitale. L\u2019association humanitaire, qui d\u00e9fend l\u2019acc\u00e8s aux soins pour tous les enfants du monde, vient alors de nouer, avec ce jeune ambassadeur, un partenariat qui s\u2019inscrit dans le temps.<\/p>\n<p><strong>2025, un voyage de grande envergure<\/strong><\/p>\n<p>Cette ann\u00e9e, il se lance dans un nouveau projet, continuant de porter le message de la Cha\u00eene de l\u2019espoir, parcourir 1\u00a0800\u00a0km.<\/p>\n<p>Cette fois-ci, il doit faire un budget pr\u00e9visionnel, d\u00e9marcher les sponsors, parmi lesquels de grandes marques nationales. Son jeune \u00e2ge n\u2019est jamais un probl\u00e8me, il estime m\u00eame que \u00e7a peut \u00eatre une force. Avec sa visibilit\u00e9, il lance une cagnotte pour la Cha\u00eene de l\u2019espoir et cr\u00e9e son site o\u00f9 il sera possible de suivre son parcours du 7 au 21\u00a0juillet\u00a0: www.alexandrebouchet.fr. Il partage \u00e9galement son projet sur les r\u00e9seaux sociaux o\u00f9 il communique avec les jeunes lyc\u00e9ens de son \u00e2ge.<\/p>\n<p><strong>Un projet soutenu par la famille<\/strong><\/p>\n<p>Il choisit Tanger pour la distance, qu\u2019il estime raisonnable, la possibilit\u00e9 de traverser trois\u00a0pays, dont Pyr\u00e9n\u00e9es Son trajet sera ponctu\u00e9 par des \u00e9tapes, avec un premier arr\u00eat chez ses grands-parents \u00e0 La Roche-sur-Yon. Il esp\u00e8re que son trajet, en solo, sera ensuite l\u2019occasion de belles rencontres. La famille est un fort soutien, ses parents l\u2019aidant \u00e0 condition que sa scolarit\u00e9 passe en premier.<\/p>\n<p>Il a donc d\u00fb g\u00e9rer son ann\u00e9e de bac tout en entretenant son niveau de cyclisme et sa condition physique.<\/p>\n<p>La suite\u00a0? Il n\u2019en parle encore qu\u2019avec pr\u00e9caution. Pourquoi pas, d\u2019ici quelques ann\u00e9es, la \u00ab\u00a0cr\u00e9ation d\u2019une entreprise de mise en relation pour pouvoir cr\u00e9er des projets pour des personnes ayant les m\u00eames r\u00eaves\u00a0\u00bb, explique-t-il.<\/p>\n<p>Pour l\u2019instant, outre l\u2019objectif de d\u00e9crocher son s\u00e9same pour l\u2019enseignement sup\u00e9rieur, seul Tanger occupe son esprit.<\/p>\n<p>\u00a0<\/p>\n","protected":false},"excerpt":{"rendered":"Un jeune Lig\u00e9rien de 17\u00a0ans s\u2019appr\u00eate \u00e0 se lancer lundi 7 juillet 2025 dans une odyss\u00e9e \u00e0 v\u00e9lo&hellip;\n","protected":false},"author":2,"featured_media":228133,"comment_status":"","ping_status":"","sticky":false,"template":"","format":"standard","meta":{"footnotes":""},"categories":[2818],"tags":[1111,11,3809,1465,1777,674,63,1011,27,1792,1922,766,12,2636,25,479,517,1470],"class_list":{"0":"post-228132","1":"post","2":"type-post","3":"status-publish","4":"format-standard","5":"has-post-thumbnail","7":"category-nantes","8":"tag-actu","9":"tag-actualites","10":"tag-ball","11":"tag-basket","12":"tag-eu","13":"tag-europe","14":"tag-football","15":"tag-fr","16":"tag-france","17":"tag-handball","18":"tag-info","19":"tag-nantes","20":"tag-news","21":"tag-pays-de-la-loire","22":"tag-republique-francaise","23":"tag-rugby","24":"tag-sport","25":"tag-volley"},"share_on_mastodon":{"url":"https:\/\/pubeurope.com\/@fr\/114800720819810509","error":""},"_links":{"self":[{"href":"https:\/\/www.europesays.com\/fr\/wp-json\/wp\/v2\/posts\/228132","targetHints":{"allow":["GET"]}}],"collection":[{"href":"https:\/\/www.europesays.com\/fr\/wp-json\/wp\/v2\/posts"}],"about":[{"href":"https:\/\/www.europesays.com\/fr\/wp-json\/wp\/v2\/types\/post"}],"author":[{"embeddable":true,"href":"https:\/\/www.europesays.com\/fr\/wp-json\/wp\/v2\/users\/2"}],"replies":[{"embeddable":true,"href":"https:\/\/www.europesays.com\/fr\/wp-json\/wp\/v2\/comments?post=228132"}],"version-history":[{"count":0,"href":"https:\/\/www.europesays.com\/fr\/wp-json\/wp\/v2\/posts\/228132\/revisions"}],"wp:featuredmedia":[{"embeddable":true,"href":"https:\/\/www.europesays.com\/fr\/wp-json\/wp\/v2\/media\/228133"}],"wp:attachment":[{"href":"https:\/\/www.europesays.com\/fr\/wp-json\/wp\/v2\/media?parent=228132"}],"wp:term":[{"taxonomy":"category","embeddable":true,"href":"https:\/\/www.europesays.com\/fr\/wp-json\/wp\/v2\/categories?post=228132"},{"taxonomy":"post_tag","embeddable":true,"href":"https:\/\/www.europesays.com\/fr\/wp-json\/wp\/v2\/tags?post=228132"}],"curies":[{"name":"wp","href":"https:\/\/api.w.org\/{rel}","templated":true}]}}