{"id":228146,"date":"2025-07-05T12:58:11","date_gmt":"2025-07-05T12:58:11","guid":{"rendered":"https:\/\/www.europesays.com\/fr\/228146\/"},"modified":"2025-07-05T12:58:11","modified_gmt":"2025-07-05T12:58:11","slug":"semaine-decisive-a-venir-pour-la-reforme-de-la-loi-plm","status":"publish","type":"post","link":"https:\/\/www.europesays.com\/fr\/228146\/","title":{"rendered":"semaine d\u00e9cisive \u00e0 venir pour la r\u00e9forme de la loi PLM"},"content":{"rendered":"<p>Qui aurait dit que le mode de scrutin des municipales \u00e0 Paris, Lyon et <a href=\"https:\/\/www.laprovence.com\/bouches-du-rhone\/marseille-13055\" target=\"_blank\" rel=\"noopener\">Marseille<\/a>, en vigueur depuis\u00a01983, finirait par \u00eatre modifi\u00e9\u00a0? En d\u00e9but d\u2019ann\u00e9e, c\u2019\u00e9tait la surprise du chef du gouvernement Fran\u00e7ois Bayrou, qui a tenu malgr\u00e9 les oppositions des socialistes parisiens et de la droite marseillaise, le refus du S\u00e9nat et les menaces de censure constitutionnelle.<\/p>\n<p><a href=\"https:\/\/www.laprovence.com\/article\/elections\/45940706117737\/municipales-a-marseille-la-reforme-de-la-loi-plm-revient-le-7-juillet-a-l-assemblee\" target=\"_blank\" rel=\"noopener\">Ce lundi 7\u00a0juillet, la r\u00e9forme de la loi PLM<\/a>, qui instaure un double scrutin (l\u2019un pour \u00e9lire le conseil municipal central, l\u2019autre pour les conseils d\u2019arrondissements), devrait bel et bien \u00eatre d\u00e9finitivement adopt\u00e9e\u00a0: <a href=\"https:\/\/www.laprovence.com\/article\/elections\/1095755736856614\/municipales-a-marseille-adoption-express-de-la-reforme-de-plm-en-commission-a-lassemblee\" target=\"_blank\" rel=\"noopener\">une majorit\u00e9 baroque, compos\u00e9e \u00e0 la fois des d\u00e9put\u00e9s Renaissance, RN et LFI<\/a>, s\u2019est dessin\u00e9e au palais Bourbon qui a le dernier mot au Parlement. L\u2019ultime examen du S\u00e9nat, le surlendemain, ne devrait avoir valeur que d\u2019avis, apr\u00e8s <a href=\"https:\/\/www.laprovence.com\/article\/elections\/38046002199274\/reforme-de-plm-pas-daccord-en-cmp-le-gouvernement-pret-a-repasser-par-lassemblee\" target=\"_blank\" rel=\"noopener\">l\u2019\u00e9chec de la commission mixte paritaire<\/a> avant toute n\u00e9gociation, le 24\u00a0juin.<\/p>\n<p>Mais avant d\u2019\u00eatre promulgu\u00e9e, la loi devra passer au scanner du Conseil constitutionnel. Lors des d\u00e9bats, plusieurs motifs s\u00e9rieux de censure avaient \u00e9t\u00e9 soulev\u00e9s\u00a0: la prime majoritaire et d\u00e9rogatoire de 25% pour la liste gagnante (elle est de 50% dans les autres communes de France), l\u2019organisation de trois scrutins simultan\u00e9s \u00e0 Lyon ou encore le cumul des comptes des campagnes pour la mairie centrale et les mairies d\u2019arrondissements.<\/p>\n","protected":false},"excerpt":{"rendered":"Qui aurait dit que le mode de scrutin des municipales \u00e0 Paris, Lyon et Marseille, en vigueur depuis\u00a01983,&hellip;\n","protected":false},"author":2,"featured_media":228147,"comment_status":"","ping_status":"","sticky":false,"template":"","format":"standard","meta":{"footnotes":""},"categories":[2814],"tags":[17,1111,11,33898,1777,674,1011,27,884,3554,12,316,471,882,4190,25,5572,13129],"class_list":{"0":"post-228146","1":"post","2":"type-post","3":"status-publish","4":"format-standard","5":"has-post-thumbnail","7":"category-marseille","8":"tag-17","9":"tag-actu","10":"tag-actualites","11":"tag-decisive","12":"tag-eu","13":"tag-europe","14":"tag-fr","15":"tag-france","16":"tag-marseille","17":"tag-municipales","18":"tag-news","19":"tag-politique","20":"tag-pour","21":"tag-provence-alpes-cote-dazur","22":"tag-reforme","23":"tag-republique-francaise","24":"tag-semaine","25":"tag-venir"},"share_on_mastodon":{"url":"https:\/\/pubeurope.com\/@fr\/114800748410581650","error":""},"_links":{"self":[{"href":"https:\/\/www.europesays.com\/fr\/wp-json\/wp\/v2\/posts\/228146","targetHints":{"allow":["GET"]}}],"collection":[{"href":"https:\/\/www.europesays.com\/fr\/wp-json\/wp\/v2\/posts"}],"about":[{"href":"https:\/\/www.europesays.com\/fr\/wp-json\/wp\/v2\/types\/post"}],"author":[{"embeddable":true,"href":"https:\/\/www.europesays.com\/fr\/wp-json\/wp\/v2\/users\/2"}],"replies":[{"embeddable":true,"href":"https:\/\/www.europesays.com\/fr\/wp-json\/wp\/v2\/comments?post=228146"}],"version-history":[{"count":0,"href":"https:\/\/www.europesays.com\/fr\/wp-json\/wp\/v2\/posts\/228146\/revisions"}],"wp:featuredmedia":[{"embeddable":true,"href":"https:\/\/www.europesays.com\/fr\/wp-json\/wp\/v2\/media\/228147"}],"wp:attachment":[{"href":"https:\/\/www.europesays.com\/fr\/wp-json\/wp\/v2\/media?parent=228146"}],"wp:term":[{"taxonomy":"category","embeddable":true,"href":"https:\/\/www.europesays.com\/fr\/wp-json\/wp\/v2\/categories?post=228146"},{"taxonomy":"post_tag","embeddable":true,"href":"https:\/\/www.europesays.com\/fr\/wp-json\/wp\/v2\/tags?post=228146"}],"curies":[{"name":"wp","href":"https:\/\/api.w.org\/{rel}","templated":true}]}}