{"id":228149,"date":"2025-07-05T12:59:09","date_gmt":"2025-07-05T12:59:09","guid":{"rendered":"https:\/\/www.europesays.com\/fr\/228149\/"},"modified":"2025-07-05T12:59:09","modified_gmt":"2025-07-05T12:59:09","slug":"un-vent-dair-frais-au-marseille-jazz-des-cinq-continents","status":"publish","type":"post","link":"https:\/\/www.europesays.com\/fr\/228149\/","title":{"rendered":"Un vent d\u2019air frais au Marseille jazz des cinq continents"},"content":{"rendered":"\n<p>Apr\u00e8s avoir jusqu\u2019\u00e0 pr\u00e9sent sillonn\u00e9 la Vieille Charit\u00e9 et le Fort d\u2019Entrecasteaux, le Marseille jazz des cinq continents investit le Th\u00e9\u00e2tre de la Sucri\u00e8re samedi 5 juillet. Sur cette sc\u00e8ne en plein air situ\u00e9 au parc Billoux, charge \u00e0 Ludivine Issambourg de lancer la soir\u00e9e \u00e0 partir de 20h. Repoussant les limites de la note bleue, cette fl\u00fbtiste fran\u00e7aise a derni\u00e8rement \u00e9t\u00e9 \u00e0 l\u2019origine d\u2019Above the laws, album dans lequel elle orchestre un jazz-funk tellurique, reprenant notamment Angel Dust, du musicien et po\u00e8te chicagoan Gill Scott-Heron. \u00ab\u00a0Je l\u2019ai beaucoup \u00e9cout\u00e9, notamment ses premiers albums du d\u00e9but des ann\u00e9es 1970, sur lequel un certain Huert Laws posait sa fl\u00fbte\u00a0\u00bb, explique-t-elle au sujet de ce dernier, dont elle c\u00e9l\u00e9brait l\u2019\u0153uvre sur son pr\u00e9c\u00e9dent album. Ludivine Issambourg sera accompagn\u00e9e par Philippe Bussonnet \u00e0 la basse, Nicolad Derand aux claviers, Sylvain F\u00e9tis au saxophone, Vincent Aubert au trombone, ainsi que Martin Wangerm\u00e9e \u00e0 la batterie.<\/p>\n<p>Jazz et flamenco<\/p>\n<p>Plus tard dans la soir\u00e9e, Antonio Lizana prendra son relais, soufflant sur les braises flamenco qui ont berc\u00e9 sa jeunesse. Ce chanteur et saxophoniste andalou, qui se produira au sein d\u2019un ensemble comportant notamment le danseur El Mawi, prodigue du jazz latin lui ayant valu deux Latin Grammy awards. Comme l\u2019indique le Marseille jazz des cinq continents, \u00ab\u00a0sa musique respire la culture andalouse teint\u00e9e de sonorit\u00e9s mauresques et d\u2019une touche de culture gitane en nous plongeant au c\u0153ur de ses racines partag\u00e9es\u00a0\u00bb. Avec son dernier opus Vishuddha, qui signifie \u00ab\u00a0puret\u00e9\u00a0\u00bb en hindi, Antonio Lizana fait souffler un vent d\u2019hindouisme sur le jazz et le flamenco, tout autant que sur le public, susceptible d\u2019\u00eatre travers\u00e9 par le duende, cette vibration similaire \u00e0 la transe comme a pu la th\u00e9oriser le grand po\u00e8te Federico Garcia Lorca. \u00ab\u00a0Un shaman qui fait appel \u00e0 la transe avec ses multiples positions rythmiques et magiques, avec un quartet vaudou-jazz d\u2019exception\u00a0\u00bb, aguiche le festival.<\/p>\n","protected":false},"excerpt":{"rendered":"Apr\u00e8s avoir jusqu\u2019\u00e0 pr\u00e9sent sillonn\u00e9 la Vieille Charit\u00e9 et le Fort d\u2019Entrecasteaux, le Marseille jazz des cinq continents&hellip;\n","protected":false},"author":2,"featured_media":228150,"comment_status":"","ping_status":"","sticky":false,"template":"","format":"standard","meta":{"footnotes":""},"categories":[2814],"tags":[1111,11,1777,674,1011,27,884,12,882,25,4064],"class_list":{"0":"post-228149","1":"post","2":"type-post","3":"status-publish","4":"format-standard","5":"has-post-thumbnail","7":"category-marseille","8":"tag-actu","9":"tag-actualites","10":"tag-eu","11":"tag-europe","12":"tag-fr","13":"tag-france","14":"tag-marseille","15":"tag-news","16":"tag-provence-alpes-cote-dazur","17":"tag-republique-francaise","18":"tag-week-end"},"share_on_mastodon":{"url":"https:\/\/pubeurope.com\/@fr\/114800752461312176","error":""},"_links":{"self":[{"href":"https:\/\/www.europesays.com\/fr\/wp-json\/wp\/v2\/posts\/228149","targetHints":{"allow":["GET"]}}],"collection":[{"href":"https:\/\/www.europesays.com\/fr\/wp-json\/wp\/v2\/posts"}],"about":[{"href":"https:\/\/www.europesays.com\/fr\/wp-json\/wp\/v2\/types\/post"}],"author":[{"embeddable":true,"href":"https:\/\/www.europesays.com\/fr\/wp-json\/wp\/v2\/users\/2"}],"replies":[{"embeddable":true,"href":"https:\/\/www.europesays.com\/fr\/wp-json\/wp\/v2\/comments?post=228149"}],"version-history":[{"count":0,"href":"https:\/\/www.europesays.com\/fr\/wp-json\/wp\/v2\/posts\/228149\/revisions"}],"wp:featuredmedia":[{"embeddable":true,"href":"https:\/\/www.europesays.com\/fr\/wp-json\/wp\/v2\/media\/228150"}],"wp:attachment":[{"href":"https:\/\/www.europesays.com\/fr\/wp-json\/wp\/v2\/media?parent=228149"}],"wp:term":[{"taxonomy":"category","embeddable":true,"href":"https:\/\/www.europesays.com\/fr\/wp-json\/wp\/v2\/categories?post=228149"},{"taxonomy":"post_tag","embeddable":true,"href":"https:\/\/www.europesays.com\/fr\/wp-json\/wp\/v2\/tags?post=228149"}],"curies":[{"name":"wp","href":"https:\/\/api.w.org\/{rel}","templated":true}]}}