{"id":22815,"date":"2025-04-13T18:32:08","date_gmt":"2025-04-13T18:32:08","guid":{"rendered":"https:\/\/www.europesays.com\/fr\/22815\/"},"modified":"2025-04-13T18:32:08","modified_gmt":"2025-04-13T18:32:08","slug":"automobile-le-masochisme-autodestructeur-de-leurope","status":"publish","type":"post","link":"https:\/\/www.europesays.com\/fr\/22815\/","title":{"rendered":"\u00abAutomobile, le masochisme autodestructeur de l\u2019Europe\u00bb"},"content":{"rendered":"<p>L\u2019Europe a sabord\u00e9 son secteur auto par pure id\u00e9ologie.<\/p>\n<p class=\"fig-paragraph\">La\u00a0<a href=\"http:\/\/www.lefigaro.fr\/conjoncture\/de-la-guerre-commerciale-totale-a-la-treve-surprise-de-90-jours-les-coulisses-du-revirement-spectaculaire-de-trump-20250410\" data-fig-type=\"Article\" data-gtm-custom-categorie=\"navigation\" data-gtm-custom-action=\"crossclick\" data-gtm-custom-label=\"Contextuel\" data-gtm-event=\"customEventSPE\" data-fig-domain=\"LEFIGARO\" target=\"_blank\" rel=\"noopener\">guerre commerciale d\u00e9clench\u00e9e par Donald Trump<\/a>\u00a0donne \u00e0 voir un spectacle fascinant\u00a0: une crise \u00e9conomique et financi\u00e8re mondiale cr\u00e9\u00e9e de toutes pi\u00e8ces. Mensong\u00e8re et populiste, sa justification \u2013\u00a0une Am\u00e9rique \u00ab\u200apill\u00e9e et viol\u00e9e\u00a0\u00bb par le reste de la plan\u00e8te\u00a0\u2013 peine \u00e0 convaincre, de la part de la premi\u00e8re puissance \u00e9conomique du monde, h\u00e9g\u00e9monique \u00e0 maints \u00e9gards. Pas davantage que le protectionnisme, cette arme de d\u00e9fense \u00e0 double tranchant, causant autant de d\u00e9g\u00e2ts chez l\u2019agresseur que chez l\u2019agress\u00e9. Enfin, la m\u00e9thode &#8211;\u00a0une litanie quotidienne d\u2019embard\u00e9es brutales et contradictoires\u00a0&#8211; cr\u00e9e un climat d\u2019incertitude et d\u2019ins\u00e9curit\u00e9 qui paralyse l\u2019activit\u00e9. Donald Trump veut rendre l\u2019Am\u00e9rique plus forte, mais il la punit en m\u00eame temps que le reste du monde.<\/p>\n<p class=\"fig-paragraph\">Il existe, dans l\u2019histoire r\u00e9cente, un autre exemple ahurissant de masochisme autodestructeur. L\u2019automobile a longtemps symbolis\u00e9 la puissance \u00e9conomique de l\u2019Europe, avec ses grands constructeurs capables de tenir la drag\u00e9e\u2026<\/p>\n<p class=\"fig-premium-paywall__infos\">\n        Cet article est r\u00e9serv\u00e9 aux abonn\u00e9s.        Il vous reste 53% \u00e0 d\u00e9couvrir.\n    <\/p>\n<p>                <img  data- alt=\"Le Figaro\" class=\"fig-img--complete fig-img\"\/><\/p>\n<p class=\"fig-premium-paywall__title\">Vous avez envie de lire la suite ?<\/p>\n<p class=\"fig-premium-paywall__subtitle\">D\u00e9bloquez tous les articles imm\u00e9diatement.<\/p>\n<p class=\"fig-premium-paywall__connect\">\n                D\u00e9j\u00e0 abonn\u00e9\u00a0?                <a class=\"fig-premium-paywall__connect-link\" href=\"https:\/\/connect.lefigaro.fr\/login?client=horizon_web&amp;type=main&amp;redirect_uri=https%3A%2F%2Fwww.lefigaro.fr%2Fvox%2Feconomie%2Fl-editorial-de-gaetan-de-capele-automobile-le-masochisme-autodestructeur-de-l-europe-20250413\" data-js-gtm=\"{&quot;customCategorie&quot;: &quot;conversion&quot;, &quot;customAction&quot;: &quot;before_Landing_Connexion_paywall_auto&quot;, &quot;customLabel&quot;: &quot;bGVmaWdhcm8uZnJfXzFmMDE4OTBiLTNjMzItNjFhNC1hYTJkLWExYTUzMTBmZDYwN19fQXJ0aWNsZQ==_L\u2019\u00e9ditorial de Ga\u00ebtan de Cap\u00e8le\u00a0: \u00abAutomobile, le masochisme autodestructeur de l\u2019Europe\u00bb_222&quot;, &quot;customIDSPE&quot;: &quot;bGVmaWdhcm8uZnJfXzFmMDE4OTBiLTNjMzItNjFhNC1hYTJkLWExYTUzMTBmZDYwN19fQXJ0aWNsZQ==&quot;, &quot;event&quot;: &quot;customEventSPE&quot;}\" target=\"_blank\" rel=\"noopener\"><br \/>\n                    Connectez-vous<br \/>\n                <\/a>\n            <\/p>\n","protected":false},"excerpt":{"rendered":"L\u2019Europe a sabord\u00e9 son secteur auto par pure id\u00e9ologie. La\u00a0guerre commerciale d\u00e9clench\u00e9e par Donald Trump\u00a0donne \u00e0 voir un&hellip;\n","protected":false},"author":2,"featured_media":22816,"comment_status":"","ping_status":"","sticky":false,"template":"","format":"standard","meta":{"footnotes":""},"categories":[1586],"tags":[11,1428,1292,8427,8426,33,8425,1777,674,1429,1011,27,12,1427,1426,25],"class_list":{"0":"post-22815","1":"post","2":"type-post","3":"status-publish","4":"format-standard","5":"has-post-thumbnail","7":"category-europe","8":"tag-actualites","9":"tag-chroniqueurs","10":"tag-debat","11":"tag-debat-economie","12":"tag-debats-economiques","13":"tag-economie","14":"tag-editorial-figaro","15":"tag-eu","16":"tag-europe","17":"tag-figarovox","18":"tag-fr","19":"tag-france","20":"tag-news","21":"tag-opinions","22":"tag-questions","23":"tag-republique-francaise"},"share_on_mastodon":{"url":"https:\/\/pubeurope.com\/@fr\/114332089961941304","error":""},"_links":{"self":[{"href":"https:\/\/www.europesays.com\/fr\/wp-json\/wp\/v2\/posts\/22815","targetHints":{"allow":["GET"]}}],"collection":[{"href":"https:\/\/www.europesays.com\/fr\/wp-json\/wp\/v2\/posts"}],"about":[{"href":"https:\/\/www.europesays.com\/fr\/wp-json\/wp\/v2\/types\/post"}],"author":[{"embeddable":true,"href":"https:\/\/www.europesays.com\/fr\/wp-json\/wp\/v2\/users\/2"}],"replies":[{"embeddable":true,"href":"https:\/\/www.europesays.com\/fr\/wp-json\/wp\/v2\/comments?post=22815"}],"version-history":[{"count":0,"href":"https:\/\/www.europesays.com\/fr\/wp-json\/wp\/v2\/posts\/22815\/revisions"}],"wp:featuredmedia":[{"embeddable":true,"href":"https:\/\/www.europesays.com\/fr\/wp-json\/wp\/v2\/media\/22816"}],"wp:attachment":[{"href":"https:\/\/www.europesays.com\/fr\/wp-json\/wp\/v2\/media?parent=22815"}],"wp:term":[{"taxonomy":"category","embeddable":true,"href":"https:\/\/www.europesays.com\/fr\/wp-json\/wp\/v2\/categories?post=22815"},{"taxonomy":"post_tag","embeddable":true,"href":"https:\/\/www.europesays.com\/fr\/wp-json\/wp\/v2\/tags?post=22815"}],"curies":[{"name":"wp","href":"https:\/\/api.w.org\/{rel}","templated":true}]}}