{"id":228163,"date":"2025-07-05T13:07:11","date_gmt":"2025-07-05T13:07:11","guid":{"rendered":"https:\/\/www.europesays.com\/fr\/228163\/"},"modified":"2025-07-05T13:07:11","modified_gmt":"2025-07-05T13:07:11","slug":"premieres-baignades-dans-la-seine-a-paris-dans-une-eau-a-la-qualite-exceptionnelle","status":"publish","type":"post","link":"https:\/\/www.europesays.com\/fr\/228163\/","title":{"rendered":"Premi\u00e8res baignades dans la Seine \u00e0 Paris, dans une eau \u00e0 la qualit\u00e9 \u201cexceptionnelle\u201d"},"content":{"rendered":"<p class=\"authors latino-300b text-grey-600\">\n<p>  Par\u00a0<br \/>\nLe Nouvel Obs avec AFP<\/p>\n<p class=\"latino-300r text-grey-600 pe-10  border-end-lg\">\n<p>    Publi\u00e9 le\u00a05 juillet 2025 \u00e0 14h50\n  <\/p>\n<p>              Lecture\u00a0:\u00a03\u00a0min.<\/p>\n<p>      <img fetchpriority=\"high\" decoding=\"async\" class=\"mx-auto\" src=\"data:image\/svg+xml,%3Csvg%20xmlns%3D%27http%3A%2F%2Fwww.w3.org%2F2000%2Fsvg%27%20fill%3D%22%23e4e4e4%22%20viewBox%3D%270%200%20510%20340%27%20width%3D%22510%22%20height%3D%22340%22%3E%3Cpath%20d%3D%27M0%200h510v340H0z%27%2F%3E%3C%2Fsvg%3E\"  loading=\"eager\" width=\"510\" height=\"340\" data-oncrawl-image-size=\"510x340\" alt=\"Le site de baignade de Grenelle, inaugur\u00e9 samedi 5\u00a0juillet 2025, marque apr\u00e8s les JO de 2024\u00a0l\u2019ouverture au grand public des baignades dans la Seine \u00e0 Paris, interdites depuis un si\u00e8cle\"\/>      <\/p>\n<p class=\"latino-100m text-grey-800\">\n            Le site de baignade de Grenelle, inaugur\u00e9 samedi 5\u00a0juillet 2025, marque apr\u00e8s les JO de 2024\u00a0l\u2019ouverture au grand public des baignades dans la Seine \u00e0 Paris, interdites depuis un si\u00e8cle\u00a0ANTON KARLINER\/SIPA        <\/p>\n<p>    Lire\u00a0plus\u00a0tard  <\/p>\n<p><a aria-label=\"Nous suivre sur Google News\" href=\"https:\/\/news.google.com\/publications\/CAAqBwgKMJe4nQkw3dFs?hl=fr&amp;gl=FR&amp;ceid=FR%3Afr\" target=\"_blank\" data-piano=\"Page_Article,Sous_date_publi,Nous_suivre_sur_google_news,1er_clic,action\" class=\"btn btn--small btn--tertiary btn--icon-only\" rel=\"noopener\"><\/p>\n<p>      Google Actualit\u00e9s<br \/>\n  <\/a><\/p>\n<p>  Partager<\/p>\n<p>        Facebook<\/p>\n<p>        Bluesky<\/p>\n<p>        E-mail<\/p>\n<p>        Copier le lien<\/p>\n<p>      Envoyer<\/p>\n<p>  S\u2019abonner<\/p>\n<p class=\"node__paragraphe antonia-750r text-grey-800 pb-24 pb-md-30\">\n\u00ab\u00a0Des ann\u00e9es que j\u2019en r\u00eave\u00a0!\u00a0\u00bb: apr\u00e8s les athl\u00e8tes des JO-2024, c\u2019est au tour du grand public de pouvoir renouer ce samedi 5\u00a0juillet, sous \u00e9troite surveillance, avec les joies de la baignade dans la Seine en plein c\u0153ur de Paris, plus d\u2019un si\u00e8cle apr\u00e8s son interdiction.<\/p>\n<p class=\"node__paragraphe antonia-750r text-grey-800 pb-24 pb-md-30\">\n\u00ab\u00a0Je suis trop contente\u00a0! \u00e7a fait des ann\u00e9es que j\u2019en r\u00eave de nager dans la Seine\u00a0\u00bb, se r\u00e9jouit Ingrid, une Parisienne de 95 ans en maillot bleu turquoise, qui ne souhaite pas donner son patronyme. Elle est parmi les premi\u00e8res \u00e0 venir se baigner sur le site de Bercy, accompagn\u00e9e de sa petite-fille, descendant prudemment les marches qui la m\u00e8ne \u00e0 une eau translucide \u00e0 25\u00b0C.<\/p>\n<p class=\"latino-500b text-grey-600 pb-16\">A lire aussi<\/p>\n<p><a href=\"https:\/\/www.nouvelobs.com\/ecologie\/20240408.OBS86838\/la-difficile-reconquete-des-eaux-de-la-seine.html\" data-article-key=\"20240408.OBS86838\" class=\"link--box flex-grow-1\" data-piano=\"Page_Article,Lire_aussi,,Lien1,navigation\" target=\"_blank\" rel=\"noopener\"><\/p>\n<p>                <img decoding=\"async\" src=\"data:image\/svg+xml,%3Csvg%20xmlns%3D%27http%3A%2F%2Fwww.w3.org%2F2000%2Fsvg%27%20fill%3D%22%23e4e4e4%22%20viewBox%3D%270%200%20120%2080%27%20width%3D%22120%22%20height%3D%2280%22%3E%3Cpath%20d%3D%27M0%200h120v80H0z%27%2F%3E%3C%2Fsvg%3E\"  width=\"120\" height=\"79\" loading=\"lazy\" alt=\"Le d\u00e9but de l\u2019\u00e9preuve test des Jeux olympiques, mondiaux de triathlon \u00e0 Paris, le 17 ao\u00fbt 2023.\"\/><\/p>\n<p class=\"latino-300r latino-lg-600m text-grey-800\">\n                      <strong class=\"latino-300b latino-lg-600m text-grey-500\">D\u00e9cryptage\u00a0<\/strong><br \/>\n                    La difficile reconqu\u00eate des eaux de la Seine        <\/p>\n<p><\/a><\/p>\n<p class=\"node__paragraphe antonia-750r text-grey-800 pb-24 pb-md-30\">\nOuvert \u00e0 11h00, le bassin, clos et \u00e9quip\u00e9 de transats et de parasols, a rapidement \u00e9t\u00e9 pris d\u2019assaut par un public h\u00e9t\u00e9roclite. Avant de sauter le pas, chaque nageur a d\u00fb s\u2019\u00e9quiper pour sa s\u00e9curit\u00e9 d\u2019un flotteur jaune attach\u00e9 \u00e0 la taille, sous le regard attentif d\u2019une dizaine de surveillants de baignade en T-shirts jaune fluo et shorts rouge vif, assortis \u00e0 leur sifflet. Des bateaux pneumatiques de la pr\u00e9fecture de police de Paris post\u00e9s autour du p\u00e9rim\u00e8tre de s\u00e9curit\u00e9 entourant les nageurs compl\u00e9taient le dispositif.<\/p>\n<p>\u00ab\u00a030\u00a0ans que j\u2019attends \u00e7a\u00a0!\u00a0\u00bb<\/p>\n<p class=\"node__paragraphe antonia-750r text-grey-800 pb-24 pb-md-30\">\n\u00ab\u00a0Je me sens comme une sir\u00e8ne\u00a0\u00bb, jubile Isabel Bertelot, 65 ans. La Parisienne habite de l\u2019autre c\u00f4t\u00e9 du fleuve, dans le 13\u1d49 arrondissement. \u00ab\u00a0J\u2019ai r\u00eav\u00e9 tellement de fois de traverser la Seine en nageant, autoris\u00e9e ou pas. Donc l\u00e0 c\u2019est bien, j\u2019ai m\u00eame pas \u00e0 tricher\u00a0!\u00a0\u00bb, ajoute-t-elle avant de plonger.<\/p>\n<p class=\"node__paragraphe antonia-750r text-grey-800 pb-24 pb-md-30\">\nToby, Am\u00e9ricain de Californie s\u2019exclame aupr\u00e8s de l\u2019AFP\u00a0: \u00ab\u00a0c\u2019est la joie, le bonheur. On en profite bien. On fait partie des premiers en 100 ans \u00e0 pouvoir faire \u00e7a\u00a0\u00bb.<\/p>\n<p class=\"node__paragraphe antonia-750r text-grey-800 pb-24 pb-md-30\">\n\u00ab\u00a0Elle est vraiment super bonne et surtout beaucoup plus propre que ce \u00e0 quoi je m\u2019attendais\u00a0!\u00a0\u00bb, s\u2019\u00e9tonne Peter, un touriste allemand originaire de Munich. \u00ab\u00a0Je suis comme un nageur olympique, c\u2019est g\u00e9nial\u00a0!\u00a0\u00bb ajoute en anglais le lyc\u00e9en de 17 ans, \u00e9clabouss\u00e9 par ses amis sous un soleil radieux, face \u00e0 la biblioth\u00e8que Fran\u00e7ois Mitterrand.<\/p>\n<p class=\"node__paragraphe antonia-750r text-grey-800 pb-24 pb-md-30\">\nA c\u00f4t\u00e9 de lui, bonnet de bain rose fluo sur la t\u00eate, Chantal Eyboulet, une ing\u00e9nieure parisienne de 61 ans, ach\u00e8ve une longueur, tout sourire\u00a0: \u00ab\u00a0\u00c7a fait 30 ans que j\u2019attends \u00e7a\u00a0!\u00a0\u00bb.<\/p>\n<p class=\"node__paragraphe antonia-750r text-grey-800 pb-24 pb-md-30\">\nCette premi\u00e8re journ\u00e9e de baignade autoris\u00e9e dans la Seine, o\u00f9 celle-ci \u00e9tait interdite depuis 1923, avait d\u00e9but\u00e9 d\u00e8s 08h00 depuis le ponton am\u00e9nag\u00e9 sur le bras Marie, face \u00e0 l\u2019\u00eele Saint-Louis.<\/p>\n<p>La ministre s\u2019est baign\u00e9e, pas la maire<\/p>\n<p class=\"node__paragraphe antonia-750r text-grey-800 pb-24 pb-md-30\">\n\u00ab\u00a0Franchement je suis super surprise, je pensais qu\u2019elle \u00e9tait super glac\u00e9e mais en fait elle est super bonne, (&#8230;) c\u2019est g\u00e9nial\u00a0\u00bb, s\u2019est r\u00e9jouie Karine, 51 ans, auxiliaire de vie venue de Cr\u00e9teil, l\u2019une des toutes premi\u00e8res baigneuses \u00e0 rentrer dans l\u2019eau.<\/p>\n<p class=\"node__paragraphe antonia-750r text-grey-800 pb-24 pb-md-30\">\nLa maire de Paris s\u2019est rendue sur ce site, aux c\u00f4t\u00e9s de la ministre des Sports Marie Barsacq et des pr\u00e9fets de police de Paris Laurent Nunez et de la r\u00e9gion Ile-de-France Marc Guilaume, peu avant 08h30.<\/p>\n<p class=\"node__paragraphe antonia-750r text-grey-800 pb-24 pb-md-30\">\n<a href=\"https:\/\/www.nouvelobs.com\/sport\/20240717.OBS91252\/on-entend-ca-depuis-chirac-maintenant-que-c-est-fait-j-irai-hidalgo-tient-sa-promesse-de-baignade-dans-la-seine-des-parisiens-sont-tentes.html\" target=\"_blank\" rel=\"noopener\">Anne Hidalgo qui s\u2019y \u00e9tait baign\u00e9e avant les JO<\/a>, n\u2019a pas rejoint les Parisiens cette fois. \u00ab\u00a0En bonne Parisienne, je vais venir me baigner\u00a0\u00bb plus tard mais \u00ab\u00a0je ne convoquerai pas la presse\u00a0\u00bb, a-t-elle pr\u00e9cis\u00e9 devant les cam\u00e9ras.<\/p>\n<p class=\"latino-500b text-grey-600 pb-16\">A lire aussi<\/p>\n<p><a href=\"https:\/\/www.nouvelobs.com\/politique\/20240715.OBS91152\/paris-2024-comment-le-grand-plongeon-d-anne-hidalgo-dans-la-seine-est-devenu-une-epreuve-politique.html\" data-article-key=\"20240715.OBS91152\" class=\"link--box flex-grow-1\" data-piano=\"Page_Article,Lire_aussi,,Lien2,navigation\" target=\"_blank\" rel=\"noopener\"><\/p>\n<p>                <img decoding=\"async\" src=\"data:image\/svg+xml,%3Csvg%20xmlns%3D%27http%3A%2F%2Fwww.w3.org%2F2000%2Fsvg%27%20fill%3D%22%23e4e4e4%22%20viewBox%3D%270%200%20120%2080%27%20width%3D%22120%22%20height%3D%2280%22%3E%3Cpath%20d%3D%27M0%200h120v80H0z%27%2F%3E%3C%2Fsvg%3E\"  width=\"120\" height=\"79\" loading=\"lazy\" alt=\"Anne Hidalgo lors de l\u2019ouverture officielle de la baignade au bassin de la Villette, \u00e0 Paris, le 18\u00a0juillet 2017.\"\/><\/p>\n<p class=\"latino-300r latino-lg-600m text-grey-800\">\n                      <strong class=\"latino-300b latino-lg-600m text-grey-500\">R\u00e9cit\u00a0<\/strong><br \/>\n                    Paris\u00a02024\u00a0: comment le \u00ab\u00a0grand plongeon\u00a0\u00bb d\u2019Anne Hidalgo dans la Seine est devenu une \u00e9preuve politique        <\/p>\n<p><\/a><\/p>\n<p class=\"node__paragraphe antonia-750r text-grey-800 pb-24 pb-md-30\">\nLa ministre des Sports a elle rev\u00eatu une combinaison avant de se lancer dans la Seine \u00e0 Bercy. \u00ab\u00a0Elle est excellente\u00a0!\u00a0\u00bb, a-t-elle comment\u00e9 entre deux brasses, interrog\u00e9e par l\u2019AFP. \u00ab\u00a0Elle est super propre. J\u2019ai pris une bouteille, j\u2019ai regard\u00e9. L\u2019eau est translucide. Les niveaux de bact\u00e9ries sont au plus bas\u00a0\u00bb, s\u2019est f\u00e9licit\u00e9 la ministre.<\/p>\n<p class=\"node__paragraphe antonia-750r text-grey-800 pb-24 pb-md-30\">\nLa qualit\u00e9 sanitaire de l\u2019eau est \u00ab\u00a0exceptionnelle\u00a0\u00bb, a confirm\u00e9 le pr\u00e9fet de r\u00e9gion Marc Guillaume, soulignant que \u00ab\u00a0toutes les informations (la concernant) sont publiques\u00a0\u00bb.<\/p>\n<p class=\"node__paragraphe antonia-750r text-grey-800 pb-24 pb-md-30\">\n\u00ab\u00a0On a deux bact\u00e9ries que nous contr\u00f4lons, les E.coli et les ent\u00e9rocoques, pour les unes on est 10 fois sous les seuils et pour les autres plus de 25 fois sous les seuils\u00a0\u00bb, selon lui.<\/p>\n<p class=\"node__paragraphe antonia-750r text-grey-800 pb-24 pb-md-30\">\nUn troisi\u00e8me site de baignade a \u00e9t\u00e9 inaugur\u00e9 au bras de Grenelle dans la matin\u00e9e. Comme les deux autres, il restera accessible gratuitement uniquement aux personnes sachant nager, jusqu\u2019au 31 ao\u00fbt si la m\u00e9t\u00e9o le permet.<\/p>\n<p>1,4\u00a0milliard d\u2019euros pour am\u00e9liorer la qualit\u00e9 en amont<\/p>\n<p class=\"node__paragraphe antonia-750r text-grey-800 pb-24 pb-md-30\">\nLe bras Marie peut accueillir 150 personnes en simultan\u00e9, Bercy jusqu\u2019\u00e0 700, dont 300 en zone de baignade. Grenelle, seul site \u00e0 disposer d\u2019un bassin s\u00e9curis\u00e9 pour les familles avec un fond, a lui une capacit\u00e9 de 200 personnes \u00e0 la fois. Une base nautique y proposera gratuitement la pratique du kayak.<\/p>\n<p class=\"node__paragraphe antonia-750r text-grey-800 pb-24 pb-md-30\">\nPlus de 1,4 milliard d\u2019euros ont \u00e9t\u00e9 investis pour am\u00e9liorer la qualit\u00e9 de l\u2019eau en amont du fleuve, avec des travaux de captation des eaux us\u00e9es pour \u00e9viter qu\u2019elles ne s\u2019y d\u00e9versent.<\/p>\n<p class=\"node__paragraphe antonia-750r text-grey-800 pb-24 pb-md-30\">\nMais \u00e9tant donn\u00e9 qu\u2019\u00e0 Paris, eaux de pluie et eaux us\u00e9es se m\u00e9langent dans un unique r\u00e9seau, la seule solution en cas de pr\u00e9cipitations abondantes est de d\u00e9verser le trop-plein dans la Seine. Cet \u00e9t\u00e9 comme \u00e0 la plage, des drapeaux (verts, jaunes, rouges) permettront de conna\u00eetre le d\u00e9bit de la Seine et la qualit\u00e9 de l\u2019eau. Si les voyants sont au rouge, la baignade sera ferm\u00e9e.<\/p>\n<p class=\"latino-500b text-grey-600 pb-16\">A lire aussi<\/p>\n<p><a href=\"https:\/\/www.nouvelobs.com\/societe\/20240830.OBS92991\/le-nombre-de-noyades-a-augmente-entre-mi-juillet-et-mi-aout-par-rapport-a-2023.html\" data-article-key=\"20240830.OBS92991\" class=\"link--box flex-grow-1\" data-piano=\"Page_Article,Lire_aussi,,Lien3,navigation\" target=\"_blank\" rel=\"noopener\"><\/p>\n<p>                <img decoding=\"async\" src=\"data:image\/svg+xml,%3Csvg%20xmlns%3D%27http%3A%2F%2Fwww.w3.org%2F2000%2Fsvg%27%20fill%3D%22%23e4e4e4%22%20viewBox%3D%270%200%20120%2080%27%20width%3D%22120%22%20height%3D%2280%22%3E%3Cpath%20d%3D%27M0%200h120v80H0z%27%2F%3E%3C%2Fsvg%3E\"  width=\"120\" height=\"80\" loading=\"lazy\" alt=\"Un poste de secours sur une plage \u00e0 Nice, le 23\u00a0ao\u00fbt 2024.\"\/><\/p>\n<p class=\"latino-300r latino-lg-600m text-grey-800\">\n                    Le nombre de noyades a augment\u00e9 entre mi-juillet et mi-ao\u00fbt par rapport \u00e0 2023        <\/p>\n<p><\/a><\/p>\n<p class=\"node__paragraphe antonia-750r text-grey-800 pb-24 pb-md-30\">\nL\u2019an dernier, 13 d\u00e9c\u00e8s lors de baignades dans la Seine ont \u00e9t\u00e9 recens\u00e9s et trois depuis le d\u00e9but 2025, selon les autorit\u00e9s. Alors que les fortes chaleurs pourraient tenter certains de se jeter \u00e0 l\u2019eau en dehors des lieux autoris\u00e9s, un arr\u00eat\u00e9 pr\u00e9fectoral a \u00e9t\u00e9 pris fin juin pour verbaliser la baignade sauvage.<\/p>\n<p class=\"authors latino-600m text-grey-800\">\n<p>  Par\u00a0<br \/>\nLe Nouvel Obs avec AFP<\/p>\n","protected":false},"excerpt":{"rendered":"Par\u00a0 Le Nouvel Obs avec AFP Publi\u00e9 le\u00a05 juillet 2025 \u00e0 14h50 Lecture\u00a0:\u00a03\u00a0min. Le site de baignade de&hellip;\n","protected":false},"author":2,"featured_media":228164,"comment_status":"","ping_status":"","sticky":false,"template":"","format":"standard","meta":{"footnotes":""},"categories":[1888],"tags":[17,11,36665,4858,1777,674,14925,1011,27,12,626,30527,20185,25,13527,104],"class_list":{"0":"post-228163","1":"post","2":"type-post","3":"status-publish","4":"format-standard","5":"has-post-thumbnail","7":"category-paris","8":"tag-17","9":"tag-actualites","10":"tag-baignades","11":"tag-eau","12":"tag-eu","13":"tag-europe","14":"tag-exceptionnelle","15":"tag-fr","16":"tag-france","17":"tag-news","18":"tag-paris","19":"tag-premieres","20":"tag-qualite","21":"tag-republique-francaise","22":"tag-seine","23":"tag-societe"},"share_on_mastodon":{"url":"https:\/\/pubeurope.com\/@fr\/114800784309982950","error":""},"_links":{"self":[{"href":"https:\/\/www.europesays.com\/fr\/wp-json\/wp\/v2\/posts\/228163","targetHints":{"allow":["GET"]}}],"collection":[{"href":"https:\/\/www.europesays.com\/fr\/wp-json\/wp\/v2\/posts"}],"about":[{"href":"https:\/\/www.europesays.com\/fr\/wp-json\/wp\/v2\/types\/post"}],"author":[{"embeddable":true,"href":"https:\/\/www.europesays.com\/fr\/wp-json\/wp\/v2\/users\/2"}],"replies":[{"embeddable":true,"href":"https:\/\/www.europesays.com\/fr\/wp-json\/wp\/v2\/comments?post=228163"}],"version-history":[{"count":0,"href":"https:\/\/www.europesays.com\/fr\/wp-json\/wp\/v2\/posts\/228163\/revisions"}],"wp:featuredmedia":[{"embeddable":true,"href":"https:\/\/www.europesays.com\/fr\/wp-json\/wp\/v2\/media\/228164"}],"wp:attachment":[{"href":"https:\/\/www.europesays.com\/fr\/wp-json\/wp\/v2\/media?parent=228163"}],"wp:term":[{"taxonomy":"category","embeddable":true,"href":"https:\/\/www.europesays.com\/fr\/wp-json\/wp\/v2\/categories?post=228163"},{"taxonomy":"post_tag","embeddable":true,"href":"https:\/\/www.europesays.com\/fr\/wp-json\/wp\/v2\/tags?post=228163"}],"curies":[{"name":"wp","href":"https:\/\/api.w.org\/{rel}","templated":true}]}}