{"id":228167,"date":"2025-07-05T13:09:21","date_gmt":"2025-07-05T13:09:21","guid":{"rendered":"https:\/\/www.europesays.com\/fr\/228167\/"},"modified":"2025-07-05T13:09:21","modified_gmt":"2025-07-05T13:09:21","slug":"cest-quoi-cette-reunion-de-pays-volontaires-pour-renforcer-la-defense-de-kiev","status":"publish","type":"post","link":"https:\/\/www.europesays.com\/fr\/228167\/","title":{"rendered":"C\u2019est quoi cette r\u00e9union de pays \u00ab\u00a0volontaires\u00a0\u00bb pour renforcer la d\u00e9fense de Kiev\u00a0?"},"content":{"rendered":"<p>Le Premier ministre britannique <a href=\"https:\/\/www.20minutes.fr\/monde\/keir-starmer\/\" class=\"color-ultramarine c-link\" target=\"_blank\" rel=\"noopener\">Keir Starmer <\/a>et le pr\u00e9sident fran\u00e7ais <a href=\"https:\/\/www.20minutes.fr\/politique\/emmanuel-macron\/\" class=\"color-ultramarine c-link\" target=\"_blank\" rel=\"noopener\">Emmanuel Macron <\/a>copr\u00e9sideront jeudi prochain, le 10\u00a0juillet en visioconf\u00e9rence depuis la base de Northwood, pr\u00e8s de Londres, un nouveau sommet sur l\u2019Ukraine. D\u2019apr\u00e8s l\u2019Elys\u00e9e, il s\u2019agit d\u2019une r\u00e9union des pays \u00ab\u00a0volontaires\u00a0\u00bb pour un renforcement des capacit\u00e9s de d\u00e9fense de <a href=\"https:\/\/www.20minutes.fr\/monde\/ukraine\/\" class=\"color-ultramarine c-link\" target=\"_blank\" rel=\"noopener\">l\u2019Ukraine <\/a>face \u00e0 la <a href=\"https:\/\/www.20minutes.fr\/monde\/russie\/\" class=\"color-ultramarine c-link\" target=\"_blank\" rel=\"noopener\">Russie<\/a>. Mais de quoi s\u2019agit-il\u00a0? Comment va-t-elle se d\u00e9rouler\u00a0? 20 Minutes fait le point pour vous.<\/p>\n<p>Qui sera pr\u00e9sent \u00e0 cette r\u00e9union\u00a0?<\/p>\n<p>Le Premier ministre britannique Keir Starmer et le pr\u00e9sident fran\u00e7ais Emmanuel Macron \u00e9changeront avec le pr\u00e9sident ukrainien Volodymyr Zelensky. Seront aussi pr\u00e9sents le chancelier allemand <a href=\"https:\/\/www.20minutes.fr\/politique\/friedrich-merz\/\" class=\"color-ultramarine c-link\" target=\"_blank\" rel=\"noopener\">Friedrich Merz<\/a> et la Premi\u00e8re ministre italienne <a href=\"https:\/\/www.20minutes.fr\/monde\/giorgia-meloni\/\" class=\"color-ultramarine c-link\" target=\"_blank\" rel=\"noopener\">Giorgia Meloni<\/a>, qui seront r\u00e9unis \u00e0 Rome au m\u00eame moment pour une conf\u00e9rence sur la reconstruction de l\u2019Ukraine. D\u2019autres responsables dans d\u2019autres capitales r\u00e9pondront pr\u00e9sents, a indiqu\u00e9 la pr\u00e9sidence fran\u00e7aise, sans pr\u00e9ciser lesquels.<\/p>\n<p>De quoi parleront-ils\u00a0?<\/p>\n<p>\u00ab\u00a0Il y aura certainement une r\u00e9flexion sur comment maintenir s\u00e9rieusement l\u2019Ukraine en capacit\u00e9 de combat\u00a0\u00bb, assurer la \u00ab\u00a0r\u00e9g\u00e9n\u00e9ration de l\u2019arm\u00e9e ukrainienne\u00a0\u00bb et d\u00e9ployer \u00ab\u00a0le moment venu une force de r\u00e9assurance dans le cadre d\u2019un cessez-le-feu\u00a0\u00bb, a pr\u00e9cis\u00e9 l\u2019\u00c9lys\u00e9e. Cette force de r\u00e9assurance, encore tr\u00e8s th\u00e9orique, vise \u00e0 garantir la s\u00e9curit\u00e9 de l\u2019Ukraine apr\u00e8s un \u00e9ventuel cessez-le-feu pour dissuader une nouvelle offensive russe.<\/p>\n<p>Les Europ\u00e9ens, qui la constitueraient en grande partie, ne veulent cependant pas \u00eatre en premi\u00e8re ligne et comptent donc avant tout sur les forces ukrainiennes pour emp\u00eacher les Russes d\u2019\u00e9tendre ou relancer les hostilit\u00e9s, le jour o\u00f9 elles s\u2019arr\u00eateront. L\u2019id\u00e9e est donc de renforcer l\u2019arm\u00e9e ukrainienne et de la mettre aux normes de l\u2019<a href=\"https:\/\/www.20minutes.fr\/monde\/otan\/\" class=\"color-ultramarine c-link\" target=\"_blank\" rel=\"noopener\">Otan<\/a> afin qu\u2019elle devienne suffisamment puissante pour dissuader <a href=\"https:\/\/www.20minutes.fr\/monde\/moscou\/\" class=\"color-ultramarine c-link\" target=\"_blank\" rel=\"noopener\">Moscou<\/a>. La coalition des alli\u00e9s de Kiev &#8211; plus d\u2019une trentaine de pays &#8211; a aussi \u00e9t\u00e9 con\u00e7ue pour ramener les Europ\u00e9ens dans le jeu diplomatique.<\/p>\n<\/p>\n<p>Le cessez-le-feu sera-t-il \u00e9voqu\u00e9\u00a0?<\/p>\n<p>L\u2019Elys\u00e9e assure en effet que la discussion portera aussi sur \u00ab\u00a0comment augmenter la pression sur la Russie pour l\u2019amener \u00e0 accepter ce cessez-le-feu inconditionnel auquel elle se refuse avec constance\u00a0\u00bb. Dans un rare aveu d\u2019impuissance, <a href=\"https:\/\/www.20minutes.fr\/dossier\/donald_trump\" class=\"color-ultramarine c-link\" target=\"_blank\" rel=\"noopener\">Donald Trump<\/a> a reconnu jeudi n\u2019avoir fait \u00ab\u00a0aucun progr\u00e8s\u00a0\u00bb visant \u00e0 mettre fin \u00e0 la guerre en Ukraine, lors d\u2019un appel t\u00e9l\u00e9phonique avec son homologue russe Vladimir Poutine.<\/p>\n<p><a href=\"https:\/\/www.20minutes.fr\/monde\/ukraine\/\" class=\"c-link c-btn c-btn--primary\" target=\"_blank\" rel=\"noopener\">Notre dossier sur l&rsquo;Ukraine<\/a><\/p>\n<p>La conversation Poutine-Trump intervenait au lendemain de l\u2019annonce par Washington d\u2019une pause dans la livraison de certaines armes \u00e0 l\u2019Ukraine, une d\u00e9cision qui risque de mettre Kiev dans une position difficile \u00e0 un moment o\u00f9 les troupes russes continuent d\u2019avancer sur le front. Le <a href=\"https:\/\/www.20minutes.fr\/dossier\/kremlin\" class=\"color-ultramarine c-link\" target=\"_blank\" rel=\"noopener\">Kremlin<\/a> a jug\u00e9 vendredi qu\u2019il n\u2019\u00e9tait \u00ab\u00a0pas possible\u00a0\u00bb \u00e0 ce stade d&rsquo;\u00ab\u00a0atteindre\u00a0\u00bb ses objectifs en Ukraine par la voie diplomatique, poursuivant ainsi son offensive \u00e0 grande \u00e9chelle.<\/p>\n","protected":false},"excerpt":{"rendered":"Le Premier ministre britannique Keir Starmer et le pr\u00e9sident fran\u00e7ais Emmanuel Macron copr\u00e9sideront jeudi prochain, le 10\u00a0juillet en&hellip;\n","protected":false},"author":2,"featured_media":228168,"comment_status":"","ping_status":"","sticky":false,"template":"","format":"standard","meta":{"footnotes":""},"categories":[1590],"tags":[47,11,1073,1777,674,131,2581,74,12,132,220,134],"class_list":{"0":"post-228167","1":"post","2":"type-post","3":"status-publish","4":"format-standard","5":"has-post-thumbnail","7":"category-ukraine","8":"tag-actualite","9":"tag-actualites","10":"tag-emmanuel-macron","11":"tag-eu","12":"tag-europe","13":"tag-guerre-en-ukraine","14":"tag-keir-starmer","15":"tag-monde","16":"tag-news","17":"tag-russie","18":"tag-ukraine","19":"tag-volodymyr-zelensky"},"share_on_mastodon":{"url":"https:\/\/pubeurope.com\/@fr\/114800791626573164","error":""},"_links":{"self":[{"href":"https:\/\/www.europesays.com\/fr\/wp-json\/wp\/v2\/posts\/228167","targetHints":{"allow":["GET"]}}],"collection":[{"href":"https:\/\/www.europesays.com\/fr\/wp-json\/wp\/v2\/posts"}],"about":[{"href":"https:\/\/www.europesays.com\/fr\/wp-json\/wp\/v2\/types\/post"}],"author":[{"embeddable":true,"href":"https:\/\/www.europesays.com\/fr\/wp-json\/wp\/v2\/users\/2"}],"replies":[{"embeddable":true,"href":"https:\/\/www.europesays.com\/fr\/wp-json\/wp\/v2\/comments?post=228167"}],"version-history":[{"count":0,"href":"https:\/\/www.europesays.com\/fr\/wp-json\/wp\/v2\/posts\/228167\/revisions"}],"wp:featuredmedia":[{"embeddable":true,"href":"https:\/\/www.europesays.com\/fr\/wp-json\/wp\/v2\/media\/228168"}],"wp:attachment":[{"href":"https:\/\/www.europesays.com\/fr\/wp-json\/wp\/v2\/media?parent=228167"}],"wp:term":[{"taxonomy":"category","embeddable":true,"href":"https:\/\/www.europesays.com\/fr\/wp-json\/wp\/v2\/categories?post=228167"},{"taxonomy":"post_tag","embeddable":true,"href":"https:\/\/www.europesays.com\/fr\/wp-json\/wp\/v2\/tags?post=228167"}],"curies":[{"name":"wp","href":"https:\/\/api.w.org\/{rel}","templated":true}]}}