{"id":228171,"date":"2025-07-05T13:11:11","date_gmt":"2025-07-05T13:11:11","guid":{"rendered":"https:\/\/www.europesays.com\/fr\/228171\/"},"modified":"2025-07-05T13:11:11","modified_gmt":"2025-07-05T13:11:11","slug":"la-turkiye-et-le-royaume-uni-doivent-renforcer-leur-cooperation-en-dehors-de-lue","status":"publish","type":"post","link":"https:\/\/www.europesays.com\/fr\/228171\/","title":{"rendered":"la T\u00fcrkiye et le Royaume-Uni doivent renforcer leur coop\u00e9ration en dehors de l\u2019UE"},"content":{"rendered":"<p style=\"text-align:justify;\">AA \/ Istanbul \/ Asiye Latife Y\u0131lmaz<\/p>\n<p style=\"text-align:justify;\">L\u2019ancien ministre britannique de la D\u00e9fense, Ben Wallace, a estim\u00e9 vendredi que la T\u00fcrkiye et le Royaume-Uni devaient approfondir leur coop\u00e9ration dans les domaines de la d\u00e9fense, de la technologie et du monde acad\u00e9mique, en tirant parti de leur statut ind\u00e9pendant hors de l\u2019Union europ\u00e9enne (UE) pour r\u00e9agir plus rapidement sur la sc\u00e8ne internationale.<\/p>\n<p style=\"text-align:justify;\">\u00ab\u00a0La T\u00fcrkiye et le Royaume-Uni ne sont pas dans l\u2019UE, mais font partie du dispositif de s\u00e9curit\u00e9 europ\u00e9en\u00a0\u00bb, a d\u00e9clar\u00e9 Wallace lors d\u2019un discours prononc\u00e9 \u00e0 l\u2019universit\u00e9 du Bosphore (Bogazici) \u00e0 Istanbul. Une position, selon lui, qui les rend essentiels pour leurs partenaires europ\u00e9ens tout en leur donnant un int\u00e9r\u00eat direct dans la s\u00e9curit\u00e9 du continent.<\/p>\n<p style=\"text-align:justify;\">Il a soulign\u00e9 qu\u2019en \u00e9tant hors de l\u2019UE, les deux pays avaient la libert\u00e9 de conclure des accords commerciaux plus solides et de mener ensemble des actions coordonn\u00e9es en mati\u00e8re de politique \u00e9trang\u00e8re.<\/p>\n<p style=\"text-align:justify;\">Mettant en avant les comp\u00e9tences locales, Wallace a salu\u00e9 la main-d\u2019\u0153uvre qualifi\u00e9e de la T\u00fcrkiye, notamment les physiciens, les ing\u00e9nieurs en a\u00e9ronautique, les sp\u00e9cialistes des syst\u00e8mes, ainsi qu\u2019un vivier de talents \u00ab\u00a0remarquablement bien \u00e9duqu\u00e9s\u00a0\u00bb qu\u2019il juge d\u2019une importance capitale.<\/p>\n<p style=\"text-align:justify;\">Enfin, il a appel\u00e9 \u00e0 intensifier la coop\u00e9ration non seulement dans la production industrielle, mais aussi dans la recherche scientifique et le monde universitaire, plaidant pour un renforcement de la compr\u00e9hension mutuelle au-del\u00e0 des seuls niveaux gouvernementaux.<\/p>\n<p style=\"text-align:justify;\">\u2013 \u00ab\u00a0Le monde est plus inquiet que jamais\u00a0\u00bb<\/p>\n<p style=\"text-align:justify;\">Ben Wallace a mis en garde contre l\u2019instabilit\u00e9 croissante \u00e0 l\u2019\u00e9chelle mondiale : \u00ab\u00a0Le monde est inquiet. Plus inquiet que jamais&#8230; Nous sommes dans l\u2019\u00e8re post-mondialisation. Autrement dit, nous sommes totalement interconnect\u00e9s\u00a0\u00bb, a-t-il d\u00e9clar\u00e9, soulignant que la guerre en Ukraine et la situation \u00e0 Gaza sont d\u00e9sormais visibles et ressenties jusqu\u2019aux communaut\u00e9s les plus \u00e9loign\u00e9es.<\/p>\n<p style=\"text-align:justify;\">L\u2019ancien ministre a \u00e9galement soulign\u00e9 que le deuxi\u00e8me int\u00e9r\u00eat strat\u00e9gique du Royaume-Uni \u00e9tait d\u2019atteindre une paix durable au Moyen-Orient, tout en reconnaissant la complexit\u00e9 des conflits persistants dans la r\u00e9gion.<\/p>\n<p style=\"text-align:justify;\">Selon lui, le pire sc\u00e9nario serait que \u00ab\u00a0l\u2019\u00c9tat-nation perde le contr\u00f4le de sa propre soci\u00e9t\u00e9\u00a0\u00bb. Il a mis en garde contre la mont\u00e9e en puissance des technologies et leur usage d\u00e9tourn\u00e9 par des groupes terroristes.<\/p>\n<p style=\"text-align:justify;\">\u2013 Besoin urgent d\u2019investir dans la r\u00e9silience de la d\u00e9fense<\/p>\n<p style=\"text-align:justify;\">Wallace a appel\u00e9 les gouvernements \u00e0 donner la priorit\u00e9 \u00e0 un investissement accru dans la r\u00e9silience de la d\u00e9fense, quitte \u00e0 r\u00e9duire d&rsquo;autres d\u00e9penses, afin de faire face \u00e0 des menaces en constante \u00e9volution.<\/p>\n<p style=\"text-align:justify;\">Il a soulign\u00e9 que les conflits actuels ne se limitent plus aux affrontements classiques, les cyberattaques et les menaces hybrides repr\u00e9sentant d\u00e9sormais des risques majeurs pour la s\u00e9curit\u00e9 nationale.<\/p>\n<p style=\"text-align:justify;\">Les adversaires, a-t-il ajout\u00e9, ne sont pas uniquement des \u00c9tats hostiles, mais aussi des groupes extr\u00e9mistes ou anarchistes, ce qui rend indispensable une r\u00e9silience globale dans tous les secteurs.<\/p>\n<p style=\"text-align:justify;\">Enfin, Wallace a mis en garde contre une d\u00e9pendance excessive aux alli\u00e9s \u2013 notamment les \u00c9tats-Unis \u2013 qui pourrait rendre certains pays dangereusement vuln\u00e9rables face \u00e0 un environnement s\u00e9curitaire en pleine mutation.<\/p>\n<p style=\"text-align:justify;\">\u2013 La guerre en Ukraine, priorit\u00e9 absolue pour le Royaume-Uni<\/p>\n<p style=\"text-align:justify;\">Pour Ben Wallace, le dossier le plus urgent pour le Royaume-Uni reste la guerre entre la Russie et l\u2019Ukraine. \u00ab\u00a0(Le pr\u00e9sident russe Vladimir) Poutine ne doit pas rentrer chez lui en ayant le sentiment d\u2019avoir gagn\u00e9\u00a0\u00bb, a-t-il averti.<\/p>\n<p style=\"text-align:justify;\">Il a insist\u00e9 sur l\u2019importance de la fermet\u00e9 internationale et de l\u2019unit\u00e9 entre alli\u00e9s, soulignant que tout rel\u00e2chement des engagements ne ferait qu\u2019encourager les adversaires et accro\u00eetre l\u2019instabilit\u00e9 dans le monde.<\/p>\n<p style=\"text-align:justify;\">L\u2019ancien ministre a \u00e9galement r\u00e9affirm\u00e9 l\u2019int\u00e9r\u00eat du Royaume-Uni pour une paix durable au Moyen-Orient, tout en reconnaissant la difficult\u00e9 de mettre fin aux conflits anciens qui y perdurent.<\/p>\n<p style=\"text-align:justify;\">Enfin, tout en \u00e9voquant les tensions existantes en M\u00e9diterran\u00e9e orientale, Wallace a soulign\u00e9 l\u2019importance d\u2019une coop\u00e9ration r\u00e9gionale autour de l\u2019exploitation \u00e9nerg\u00e9tique, estimant qu\u2019un effort conjoint dans ce domaine peut \u00e0 la fois favoriser la croissance \u00e9conomique et r\u00e9duire les risques de conflits.<\/p>\n<p style=\"text-align:justify;\">* Traduit de l&rsquo;Anglais par Adama Bamba<\/p>\n<p>                            &#13;<br \/>\n                                <a href=\"https:\/\/www.aa.com.tr\/fr\/p\/abonnement\/1001\" target=\"_blank\" style=\"font-size:12px; color:#444; text-decoration:none;\" rel=\"noopener\">&#13;<br \/>\n                                    Seulement une partie des d\u00e9p\u00eaches, que l&rsquo;Agence Anadolu diffuse \u00e0 ses abonn\u00e9s via le Syst\u00e8me de Diffusion interne (HAS), est diffus\u00e9e sur le site de l&rsquo;AA, de mani\u00e8re r\u00e9sum\u00e9e. <b style=\"color:#1897F7\">Contactez-nous s&rsquo;il vous pla\u00eet pour vous abonner.<\/b>&#13;<br \/>\n                                <\/a>&#13;<\/p>\n","protected":false},"excerpt":{"rendered":"AA \/ Istanbul \/ Asiye Latife Y\u0131lmaz L\u2019ancien ministre britannique de la D\u00e9fense, Ben Wallace, a estim\u00e9 vendredi&hellip;\n","protected":false},"author":2,"featured_media":228172,"comment_status":"","ping_status":"","sticky":false,"template":"","format":"standard","meta":{"footnotes":""},"categories":[1588],"tags":[11,1785,36666,36667,1777,674,12,473,1853,1906,1851,1850,1852],"class_list":{"0":"post-228171","1":"post","2":"type-post","3":"status-publish","4":"format-standard","5":"has-post-thumbnail","7":"category-royaume-uni","8":"tag-actualites","9":"tag-anadolu-ajansi","10":"tag-ancien-ministre-britannique-de-la-dfense","11":"tag-ben-wallace","12":"tag-eu","13":"tag-europe","14":"tag-news","15":"tag-royaume-uni","16":"tag-royaume-uni-de-grande-bretagne-et-dirlande-du-nord","17":"tag-trkiye","18":"tag-uk","19":"tag-united-kingdom","20":"tag-united-kingdom-of-great-britain-and-northern-ireland"},"share_on_mastodon":{"url":"https:\/\/pubeurope.com\/@fr\/114800799499419466","error":""},"_links":{"self":[{"href":"https:\/\/www.europesays.com\/fr\/wp-json\/wp\/v2\/posts\/228171","targetHints":{"allow":["GET"]}}],"collection":[{"href":"https:\/\/www.europesays.com\/fr\/wp-json\/wp\/v2\/posts"}],"about":[{"href":"https:\/\/www.europesays.com\/fr\/wp-json\/wp\/v2\/types\/post"}],"author":[{"embeddable":true,"href":"https:\/\/www.europesays.com\/fr\/wp-json\/wp\/v2\/users\/2"}],"replies":[{"embeddable":true,"href":"https:\/\/www.europesays.com\/fr\/wp-json\/wp\/v2\/comments?post=228171"}],"version-history":[{"count":0,"href":"https:\/\/www.europesays.com\/fr\/wp-json\/wp\/v2\/posts\/228171\/revisions"}],"wp:featuredmedia":[{"embeddable":true,"href":"https:\/\/www.europesays.com\/fr\/wp-json\/wp\/v2\/media\/228172"}],"wp:attachment":[{"href":"https:\/\/www.europesays.com\/fr\/wp-json\/wp\/v2\/media?parent=228171"}],"wp:term":[{"taxonomy":"category","embeddable":true,"href":"https:\/\/www.europesays.com\/fr\/wp-json\/wp\/v2\/categories?post=228171"},{"taxonomy":"post_tag","embeddable":true,"href":"https:\/\/www.europesays.com\/fr\/wp-json\/wp\/v2\/tags?post=228171"}],"curies":[{"name":"wp","href":"https:\/\/api.w.org\/{rel}","templated":true}]}}