{"id":228173,"date":"2025-07-05T13:12:18","date_gmt":"2025-07-05T13:12:18","guid":{"rendered":"https:\/\/www.europesays.com\/fr\/228173\/"},"modified":"2025-07-05T13:12:18","modified_gmt":"2025-07-05T13:12:18","slug":"voici-les-bourses-du-daad-quil-te-faut-connaitre","status":"publish","type":"post","link":"https:\/\/www.europesays.com\/fr\/228173\/","title":{"rendered":"Voici les bourses du DAAD qu\u2019il te faut conna\u00eetre"},"content":{"rendered":"<p>\t\t\t\t\t<strong>PASCH<\/strong>\u00a0<\/p>\n<p>Plus de 2\u00a0000\u00a0\u00e9coles PASCH existent dans le monde. PASCH fait r\u00e9f\u00e9rence \u00e0 des \u00ab\u00a0\u00e9coles, partenaires de l\u2019avenir\u00a0\u00bb. Les personnes qui en sont dipl\u00f4m\u00e9es ont la possibilit\u00e9 d\u2019\u00e9tudier en Allemagne en b\u00e9n\u00e9ficiant d\u2019une <a href=\"https:\/\/www.pasch-net.de\/de\/ausbildung-und-studium\/stipendien.html\" target=\"_blank\" rel=\"noreferrer noopener nofollow\">bourse d\u2019\u00e9tudes<\/a>. Important\u00a0: il n\u2019est pas possible d\u2019y postuler, il faut \u00eatre nomm\u00e9.\u00a0<\/p>\n<p><strong>Autres programmes importants pour les \u00e9tudiant(e)s internationaux\u00a0:<\/strong>\u00a0<\/p>\n<p><strong>DAAD\/HEC<\/strong>\u00a0: bourses gouvernementales pour les futurs professeurs d\u2019universit\u00e9 originaires du Pakistan, aspirant \u00e0 faire un doctorat en Allemagne.\u00a0<\/p>\n<p><strong>KOSPIE<\/strong>\u00a0: s\u00e9jours combin\u00e9s d\u2019\u00e9tudes et de pratique pour des \u00e9tudiant(e)s venant de pays en d\u00e9veloppement avanc\u00e9s d\u2019Am\u00e9rique latine, d\u2019Asie du Sud et d\u2019Afrique du Nord. La priorit\u00e9 est donn\u00e9e \u00e0 l\u2019ing\u00e9nierie et aux sciences naturelles.\u00a0<\/p>\n<p><a href=\"https:\/\/www2.daad.de\/deutschland\/stipendium\/datenbank\/en\/21148-scholarship-database\/?status=&amp;origin=&amp;subjectGrps=&amp;daad=&amp;intention=&amp;q=%20daad%2Ftev&amp;page=1&amp;detail=50016578\" target=\"_blank\" rel=\"noreferrer noopener nofollow\"><strong>DAAD\/TEV<\/strong><\/a><strong>\u00a0:<\/strong> programme de bourses en collaboration avec TEV, la fondation turque pour l\u2019\u00e9ducation T\u00fcrk E\u011fetim Vakf\u0131, pour des cursus de master en Allemagne.\u00a0<\/p>\n","protected":false},"excerpt":{"rendered":"PASCH\u00a0 Plus de 2\u00a0000\u00a0\u00e9coles PASCH existent dans le monde. PASCH fait r\u00e9f\u00e9rence \u00e0 des \u00ab\u00a0\u00e9coles, partenaires de l\u2019avenir\u00a0\u00bb.&hellip;\n","protected":false},"author":2,"featured_media":228174,"comment_status":"","ping_status":"","sticky":false,"template":"","format":"standard","meta":{"footnotes":""},"categories":[1587],"tags":[11,672,1804,1805,1803,1777,674,1801,12,1802],"class_list":{"0":"post-228173","1":"post","2":"type-post","3":"status-publish","4":"format-standard","5":"has-post-thumbnail","7":"category-allemagne","8":"tag-actualites","9":"tag-allemagne","10":"tag-bundesrepublik-deutschland","11":"tag-de","12":"tag-deutschland","13":"tag-eu","14":"tag-europe","15":"tag-germany","16":"tag-news","17":"tag-republique-federale-dallemagne"},"share_on_mastodon":{"url":"https:\/\/pubeurope.com\/@fr\/114800803483392892","error":""},"_links":{"self":[{"href":"https:\/\/www.europesays.com\/fr\/wp-json\/wp\/v2\/posts\/228173","targetHints":{"allow":["GET"]}}],"collection":[{"href":"https:\/\/www.europesays.com\/fr\/wp-json\/wp\/v2\/posts"}],"about":[{"href":"https:\/\/www.europesays.com\/fr\/wp-json\/wp\/v2\/types\/post"}],"author":[{"embeddable":true,"href":"https:\/\/www.europesays.com\/fr\/wp-json\/wp\/v2\/users\/2"}],"replies":[{"embeddable":true,"href":"https:\/\/www.europesays.com\/fr\/wp-json\/wp\/v2\/comments?post=228173"}],"version-history":[{"count":0,"href":"https:\/\/www.europesays.com\/fr\/wp-json\/wp\/v2\/posts\/228173\/revisions"}],"wp:featuredmedia":[{"embeddable":true,"href":"https:\/\/www.europesays.com\/fr\/wp-json\/wp\/v2\/media\/228174"}],"wp:attachment":[{"href":"https:\/\/www.europesays.com\/fr\/wp-json\/wp\/v2\/media?parent=228173"}],"wp:term":[{"taxonomy":"category","embeddable":true,"href":"https:\/\/www.europesays.com\/fr\/wp-json\/wp\/v2\/categories?post=228173"},{"taxonomy":"post_tag","embeddable":true,"href":"https:\/\/www.europesays.com\/fr\/wp-json\/wp\/v2\/tags?post=228173"}],"curies":[{"name":"wp","href":"https:\/\/api.w.org\/{rel}","templated":true}]}}