{"id":228175,"date":"2025-07-05T13:13:15","date_gmt":"2025-07-05T13:13:15","guid":{"rendered":"https:\/\/www.europesays.com\/fr\/228175\/"},"modified":"2025-07-05T13:13:15","modified_gmt":"2025-07-05T13:13:15","slug":"il-faut-eviter-que-leurope-se-transforme-en-parc-de-loisirs-previent-patrick-pouyanne","status":"publish","type":"post","link":"https:\/\/www.europesays.com\/fr\/228175\/","title":{"rendered":"\u00ab Il faut \u00e9viter que l&rsquo;Europe se transforme en parc de loisirs \u00bb, pr\u00e9vient Patrick Pouyann\u00e9"},"content":{"rendered":"<p>\u00ab Nous avons cr\u00e9\u00e9 une Europe pour les consommateurs et pour lutter contre l&rsquo;inflation, mais vingt ans apr\u00e8s le march\u00e9 unique, nous n&rsquo;avons aucun v\u00e9ritable champion europ\u00e9en \u00bb. Le constat de Patrick Pouyann\u00e9 \u00e0 la question pos\u00e9e \u00ab Comment restaurer la comp\u00e9titivit\u00e9 europ\u00e9enne \u00bb a le m\u00e9rite d&rsquo;\u00eatre clair. Un constat clair qu&rsquo;il a manifestement \u00e0 c\u0153ur d&rsquo;\u00e9tayer. \u00ab Regardez l&rsquo;exemple des op\u00e9rateurs t\u00e9l\u00e9phoniques, a lanc\u00e9 le PDG de TotalEnergies samedi, lors de la derni\u00e8re journ\u00e9e des Rencontres \u00e9conomiques d&rsquo;Aix-en-Provence, les consommateurs europ\u00e9ens sont tr\u00e8s contents, il y a des forfaits qui ne sont pas chers, mais nous avons quatre op\u00e9rateurs minimum par pays, plus de 80 au total et aucun n&rsquo;a atteint la taille critique \u00bb.<\/p>\n<p>La conclusion est la m\u00eame, selon lui, dans bien d&rsquo;autres secteurs que les t\u00e9l\u00e9coms, comme par exemple le digital, l&rsquo;\u00e9nergie, ou encore les capitaux. \u00ab Nous nous targuons d&rsquo;avoir un march\u00e9 de 400 millions de consommateurs, mais il n&rsquo;existe pas. Aujourd&rsquo;hui nous devons raisonner au niveau europ\u00e9en, il faut revenir \u00e0 la philosophie des d\u00e9buts, au moment de la CECA. Nous ne pouvons pas raisonner par pays face aux \u00c9tats-Unis ou \u00e0 la Chine. \u00bb<\/p>\n<p>\u00ab Notre mod\u00e8le d&rsquo;unanimit\u00e9 ne peut pas \u00eatre un socle \u00bb<\/p>\n<p>Une Europe qui ne peut pas fonctionner efficacement dans sa forme actuelle selon lui, \u00ab Aujourd&rsquo;hui, oui, \u00eatre 27 c&rsquo;est trop compliqu\u00e9, il faut avancer par des coalitions de bonne volont\u00e9, notre mod\u00e8le d&rsquo;unanimit\u00e9 ne peut pas \u00eatre un socle pour am\u00e9liorer la comp\u00e9titivit\u00e9 europ\u00e9enne. Nous devons \u00e9viter que notre Europe se transforme en parc de loisirs, c&rsquo;est \u00e7a l&rsquo;enjeu \u00bb. Davantage de volont\u00e9 politique et une meilleure gouvernance europ\u00e9enne donc, un constat largement partag\u00e9 par son voisin sur sc\u00e8ne, Beno\u00eet Bazin, PDG de Saint-Gobain.<\/p>\n<p>\u00ab Un des angles morts du rapport Draghi a \u00e9t\u00e9 ce sujet de capacit\u00e9 de l&rsquo;Europe a d\u00e9cid\u00e9 rapidement, estime\u00a0Beno\u00eet Bazin. Nous ne pouvons pas aujourd&rsquo;hui nous permettre d&rsquo;aller lentement ou d&rsquo;arriver \u00e0 un consensus mou. Autre angle mort du rapport, les fili\u00e8res industrielles existantes : le rapport se concentre beaucoup sur les technologies de pointe mais les politiques publiques ne doivent pas oublier l&rsquo;automobile, la chimie, la m\u00e9tallurgie pour l&rsquo;Europe de demain. Or le b\u00e2timent est par exemple une source importante de gain d&rsquo;efficacit\u00e9 \u00e9nerg\u00e9tique, on peut beaucoup gagner dans ce secteur \u00bb.<\/p>\n<p>Europe de l&rsquo;\u00e9nergie et Europe des capitaux<\/p>\n<p>\u00c0 l&rsquo;Europe de l&rsquo;\u00e9nergie, o\u00f9 la strat\u00e9gie serait pens\u00e9e \u00e0 l&rsquo;\u00e9chelle du continent, le nucl\u00e9aire en France et les \u00e9oliennes en Allemagne par exemple, a succ\u00e9d\u00e9 celle des capitaux, voulue et vant\u00e9e par Thomas Burberl. \u00ab L&rsquo;Europe a commenc\u00e9 \u00e0 se r\u00e9veiller mais pas \u00e0 se lever, on ne peut pas encore attendre dix ans \u00bb, a pr\u00e9venu le directeur g\u00e9n\u00e9ral d&rsquo;Axa. Et ce n&rsquo;est pas un probl\u00e8me de moyens selon lui, mais de culture. \u00ab L&rsquo;argent est l\u00e0, en Europe, dans les banques, les compagnies d&rsquo;assurance, mais il faut une meilleure distribution. Aujourd&rsquo;hui l&rsquo;argent est largement investi dans les gouvernements. Si l&rsquo;on veut de l&rsquo;argent pour la croissance, il faut que les \u00c9tats travaillent leur discipline concernant leurs finances publiques.\u00bb<\/p>\n<p>Accro\u00eetre la culture du risque et simplifier le march\u00e9 europ\u00e9en font partie de la solution selon Thomas Burberl. \u00ab Aujourd&rsquo;hui nous avons 27 march\u00e9s de capitaux en Europe, cette diversit\u00e9 n&rsquo;incite pas les gens \u00e0 investir.\u00a0 L\u00e0 encore nous avons besoin de volont\u00e9 politique \u00bb. Message port\u00e9 aussi par Patrick Pouyann\u00e9, PDG de TotalEnergies, \u00ab oui il faut cr\u00e9er des alliances, porter cette vision, assumons-le et soyons courageux collectivement. \u00bb<\/p>\n","protected":false},"excerpt":{"rendered":"\u00ab Nous avons cr\u00e9\u00e9 une Europe pour les consommateurs et pour lutter contre l&rsquo;inflation, mais vingt ans apr\u00e8s&hellip;\n","protected":false},"author":2,"featured_media":228176,"comment_status":"","ping_status":"","sticky":false,"template":"","format":"standard","meta":{"footnotes":""},"categories":[1586],"tags":[17,11,13636,33,1777,674,7049,8290,1011,27,1808,12,746,10270,25,7784],"class_list":{"0":"post-228175","1":"post","2":"type-post","3":"status-publish","4":"format-standard","5":"has-post-thumbnail","7":"category-europe","8":"tag-17","9":"tag-actualites","10":"tag-daix","11":"tag-economie","12":"tag-eu","13":"tag-europe","14":"tag-eviter","15":"tag-faut","16":"tag-fr","17":"tag-france","18":"tag-leurope","19":"tag-news","20":"tag-que","21":"tag-rencontres","22":"tag-republique-francaise","23":"tag-transforme"},"share_on_mastodon":{"url":"https:\/\/pubeurope.com\/@fr\/114800807323365463","error":""},"_links":{"self":[{"href":"https:\/\/www.europesays.com\/fr\/wp-json\/wp\/v2\/posts\/228175","targetHints":{"allow":["GET"]}}],"collection":[{"href":"https:\/\/www.europesays.com\/fr\/wp-json\/wp\/v2\/posts"}],"about":[{"href":"https:\/\/www.europesays.com\/fr\/wp-json\/wp\/v2\/types\/post"}],"author":[{"embeddable":true,"href":"https:\/\/www.europesays.com\/fr\/wp-json\/wp\/v2\/users\/2"}],"replies":[{"embeddable":true,"href":"https:\/\/www.europesays.com\/fr\/wp-json\/wp\/v2\/comments?post=228175"}],"version-history":[{"count":0,"href":"https:\/\/www.europesays.com\/fr\/wp-json\/wp\/v2\/posts\/228175\/revisions"}],"wp:featuredmedia":[{"embeddable":true,"href":"https:\/\/www.europesays.com\/fr\/wp-json\/wp\/v2\/media\/228176"}],"wp:attachment":[{"href":"https:\/\/www.europesays.com\/fr\/wp-json\/wp\/v2\/media?parent=228175"}],"wp:term":[{"taxonomy":"category","embeddable":true,"href":"https:\/\/www.europesays.com\/fr\/wp-json\/wp\/v2\/categories?post=228175"},{"taxonomy":"post_tag","embeddable":true,"href":"https:\/\/www.europesays.com\/fr\/wp-json\/wp\/v2\/tags?post=228175"}],"curies":[{"name":"wp","href":"https:\/\/api.w.org\/{rel}","templated":true}]}}