{"id":228179,"date":"2025-07-05T13:15:09","date_gmt":"2025-07-05T13:15:09","guid":{"rendered":"https:\/\/www.europesays.com\/fr\/228179\/"},"modified":"2025-07-05T13:15:09","modified_gmt":"2025-07-05T13:15:09","slug":"interdiction-de-fumer-sur-les-plages-vent-de-revolte-en-bretagne","status":"publish","type":"post","link":"https:\/\/www.europesays.com\/fr\/228179\/","title":{"rendered":"Interdiction de fumer sur les plages\u00a0: vent de r\u00e9volte en Bretagne"},"content":{"rendered":"<p class=\"paragraph text_align_left lp-f-body-02\">Un ciel azur, des temp\u00e9ratures avoisinant les 26 \u00b0C, une mer d\u2019huile turquoise\u2026 et des kilom\u00e8tres de sable. \u00c0 N\u00e9vez (Finist\u00e8re), le maire, Dominique Guillou fulmine contre <a href=\"https:\/\/www.leparisien.fr\/societe\/fumer-a-la-plage-au-parc-ou-sous-un-abribus-sera-interdit-a-partir-de-dimanche-28-06-2025-MIYSR2HV2BBFNHXHYWIEERBRDA.php\" target=\"_blank\" rel=\"noreferrer nofollow noopener\">la nouvelle loi interdisant de fumer sur les plages<\/a>, qu\u2019il refuse cat\u00e9goriquement d\u2019appliquer. Sachant que c\u2019est aux municipalit\u00e9s de verbaliser les contrevenants.<\/p>\n<p class=\"paragraph text_align_left lp-f-body-02\">Depuis une semaine, il est interdit de s\u2019allumer une cigarette dans de nouveaux espaces publics, o\u00f9 enfants et adolescents risquent d\u2019\u00eatre expos\u00e9s. Parmi les lieux concern\u00e9s, les parcs, les abords des \u00e9tablissements scolaires ou lieux h\u00e9bergeant un public mineur\u2026 et les plages \u00ab bordant les eaux de baignades \u00bb.<\/p>\n","protected":false},"excerpt":{"rendered":"Un ciel azur, des temp\u00e9ratures avoisinant les 26 \u00b0C, une mer d\u2019huile turquoise\u2026 et des kilom\u00e8tres de sable.&hellip;\n","protected":false},"author":2,"featured_media":228180,"comment_status":"","ping_status":"","sticky":false,"template":"","format":"standard","meta":{"footnotes":""},"categories":[2],"tags":[11,459,1011,27,12,25,104],"class_list":{"0":"post-228179","1":"post","2":"type-post","3":"status-publish","4":"format-standard","5":"has-post-thumbnail","7":"category-actualites","8":"tag-actualites","9":"tag-departements-horsidfo","10":"tag-fr","11":"tag-france","12":"tag-news","13":"tag-republique-francaise","14":"tag-societe"},"share_on_mastodon":{"url":"https:\/\/pubeurope.com\/@fr\/114800815247866952","error":""},"_links":{"self":[{"href":"https:\/\/www.europesays.com\/fr\/wp-json\/wp\/v2\/posts\/228179","targetHints":{"allow":["GET"]}}],"collection":[{"href":"https:\/\/www.europesays.com\/fr\/wp-json\/wp\/v2\/posts"}],"about":[{"href":"https:\/\/www.europesays.com\/fr\/wp-json\/wp\/v2\/types\/post"}],"author":[{"embeddable":true,"href":"https:\/\/www.europesays.com\/fr\/wp-json\/wp\/v2\/users\/2"}],"replies":[{"embeddable":true,"href":"https:\/\/www.europesays.com\/fr\/wp-json\/wp\/v2\/comments?post=228179"}],"version-history":[{"count":0,"href":"https:\/\/www.europesays.com\/fr\/wp-json\/wp\/v2\/posts\/228179\/revisions"}],"wp:featuredmedia":[{"embeddable":true,"href":"https:\/\/www.europesays.com\/fr\/wp-json\/wp\/v2\/media\/228180"}],"wp:attachment":[{"href":"https:\/\/www.europesays.com\/fr\/wp-json\/wp\/v2\/media?parent=228179"}],"wp:term":[{"taxonomy":"category","embeddable":true,"href":"https:\/\/www.europesays.com\/fr\/wp-json\/wp\/v2\/categories?post=228179"},{"taxonomy":"post_tag","embeddable":true,"href":"https:\/\/www.europesays.com\/fr\/wp-json\/wp\/v2\/tags?post=228179"}],"curies":[{"name":"wp","href":"https:\/\/api.w.org\/{rel}","templated":true}]}}