{"id":228185,"date":"2025-07-05T13:18:10","date_gmt":"2025-07-05T13:18:10","guid":{"rendered":"https:\/\/www.europesays.com\/fr\/228185\/"},"modified":"2025-07-05T13:18:10","modified_gmt":"2025-07-05T13:18:10","slug":"ugo-coussaud-et-david-ravetto-15es-davis-bryant-seul-leader-au-bmw-international-open-de-munich-lequipe","status":"publish","type":"post","link":"https:\/\/www.europesays.com\/fr\/228185\/","title":{"rendered":"Ugo Coussaud et David Ravetto 15es, Davis Bryant seul leader au BMW International Open de Munich &#8211; L&#039;\u00c9quipe"},"content":{"rendered":"<ol>\n<li><a href=\"https:\/\/news.google.com\/rss\/articles\/CBMi2gFBVV95cUxOS1AyNmxnMEttYUFwamtlajc0WXgyR0M0dHo3a3drd2hoNTVaMTlIZ00yeXhYTXNfNkh2NUowV0VKUXZmVXA0YzZ1MnplbHNrMFEtQU92dHRyaTI1ZlVGRHBrcWcxYzFBcUFURDMxV0VObG94NE9LaXp6dzUzWFJqcHhPYTA4dnBiWlhobkV4V1ZkY2RmZEVhRlFzMUZ5dmlIYUdQdEg4bUFhbndIcHFvcUs0M0ZPd1Mzd0hZZUdjV1N1TEludUZydGlHejNkUjhEdzdDbktuNU5HZw?oc=5\" target=\"_blank\" rel=\"nofollow noopener\">Ugo Coussaud et David Ravetto 15es, Davis Bryant seul leader au BMW International Open de Munich<\/a>&nbsp;&nbsp;L&rsquo;\u00c9quipe<\/li>\n<li><a href=\"https:\/\/news.google.com\/rss\/articles\/CBMikgJBVV95cUxQWEI4U2dxTjRZQnQ4TkxaZDNOUkVuLWpEVHRlSFBwWThndUh5T3pYaVoxN2c1Mkh0WUdxTy1VbEp5anp1cEFlZTJWNWw4N1huRW1qT05paUR4QnNLOWgzTUk3QmZLRmsyS1djV0tubjc3ZXhjTndxTUFGSzRYTFJrZlBERWVaVVVtZ3I3NmFqOEtDOEJZenQ1a3JhQUwxZWlieUxicXl2dGRxSGFuNm1JLWFtcWVfT1NBcnBBS3lOZ1hHZ2RVN2tqUkl1ek9LUEFsVXNEczV0TE1MejRtYU4yT1I1b3pwcUt2Q19vOG9YYm9CTFJ3alRuVlJRLU9jNmpuSl9tQzU1TDItVmU4TmpnbG5B?oc=5\" target=\"_blank\" rel=\"nofollow noopener\">Golf. BMW International Open: Bryant Davis domine le 2e tour (-12), les Fran\u00e7ais en perte de vitesse<\/a>&nbsp;&nbsp;Ouest-France<\/li>\n<li><a href=\"https:\/\/news.google.com\/rss\/articles\/CBMisAFBVV95cUxOZngwMkt5ZEtlbGxJWHhpRWExZmFPYkZtczFkRFBNaVJ6Q0ZWdkVZdGtYc1Q2UnBObTdMV2VVOFBGWmJiY3B3WHVORDVoZGFXSS1rWkZwZ1l6YU5hR2VocHpKVVRWUmVraXY0UWdITE1JNDQyLVB2SF9RVGM5Q1F2Sk9ZVHg1TERBV1EyS0dGb2hTSUpaNkFYWWNhZDRjTm54Nm8yamNRX2RMYjZxd0U4YQ?oc=5\" target=\"_blank\" rel=\"nofollow noopener\">Ugo Coussaud co-leader \u00e0 Munich. Les Fran\u00e7ais surfent sur la bonne vague !<\/a>&nbsp;&nbsp;Golf Plan\u00e8te<\/li>\n<li><a href=\"https:\/\/news.google.com\/rss\/articles\/CBMiqgFBVV95cUxONUVoallncHhGV0RFZE9WS0xrdnFrUWkxeFhEOE81a3pMYXVJMHZicGQ1S0czZE5QX0FaUU1mRWQwS1g3YUVFSEluOC15cThaOFkxalc5WlJFRF9taHhkT1VfNTdVcjM4U1ZCY183eXl5ZEtpV3p5dFNaZ19FUEJzVjV3S08zMXdheFd6N1hBVnVqblB1clNnUVpRRVVHTE1kVVZTX05fanlpdw?oc=5\" target=\"_blank\" rel=\"nofollow noopener\">BMW International Open : Coussaud parmi les leaders<\/a>&nbsp;&nbsp;F\u00e9d\u00e9ration Fran\u00e7aise de Golf<\/li>\n<li><a href=\"https:\/\/news.google.com\/rss\/articles\/CBMiggJBVV95cUxPb0ZfRXJMNDN4czVHTjItbk45SEdSczRlb3AxMUJxdzdrWkZhbkR1a2FuaFpCSGNNQkVJSkd6NlZlc1hpNk9CY3lXc0NSbVAwMV9YZW11SGRsWjBKVmxmcEd5M3lpanVYNEdiWUdxbkV0b3VLdjVCRXZDOWdlSXZGT19iNXdnZUxMQUZwUE1JbEFHQjRvb2JsRXN0TmdvZ29yUGV5eG5INzhiY1ZpcTdpclBTb0Y3elR6dzVmeF9YV1hJMW5nZnQxWld0emVBMEdkNEhkMkYwWXdGZ25HZWdWblNiY2xXenN3am02clJqQmdkYkktR09MenJhNnNmeHV6TlE?oc=5\" target=\"_blank\" rel=\"nofollow noopener\">DP World Tour &#8211; Clap de fin pour Nicolas Colsaerts apr\u00e8s le 2e tour au BMW International Open<\/a>&nbsp;&nbsp;La Libre.be<\/li>\n<\/ol>\n","protected":false},"excerpt":{"rendered":"Ugo Coussaud et David Ravetto 15es, Davis Bryant seul leader au BMW International Open de Munich&nbsp;&nbsp;L&rsquo;\u00c9quipe Golf. BMW&hellip;\n","protected":false},"author":2,"featured_media":228186,"comment_status":"","ping_status":"","sticky":false,"template":"","format":"standard","meta":{"footnotes":""},"categories":[1418],"tags":[1011,27,1472,60],"class_list":{"0":"post-228185","1":"post","2":"type-post","3":"status-publish","4":"format-standard","5":"has-post-thumbnail","7":"category-golf","8":"tag-fr","9":"tag-france","10":"tag-golf","11":"tag-sports"},"share_on_mastodon":{"url":"https:\/\/pubeurope.com\/@fr\/114800827002898490","error":""},"_links":{"self":[{"href":"https:\/\/www.europesays.com\/fr\/wp-json\/wp\/v2\/posts\/228185","targetHints":{"allow":["GET"]}}],"collection":[{"href":"https:\/\/www.europesays.com\/fr\/wp-json\/wp\/v2\/posts"}],"about":[{"href":"https:\/\/www.europesays.com\/fr\/wp-json\/wp\/v2\/types\/post"}],"author":[{"embeddable":true,"href":"https:\/\/www.europesays.com\/fr\/wp-json\/wp\/v2\/users\/2"}],"replies":[{"embeddable":true,"href":"https:\/\/www.europesays.com\/fr\/wp-json\/wp\/v2\/comments?post=228185"}],"version-history":[{"count":0,"href":"https:\/\/www.europesays.com\/fr\/wp-json\/wp\/v2\/posts\/228185\/revisions"}],"wp:featuredmedia":[{"embeddable":true,"href":"https:\/\/www.europesays.com\/fr\/wp-json\/wp\/v2\/media\/228186"}],"wp:attachment":[{"href":"https:\/\/www.europesays.com\/fr\/wp-json\/wp\/v2\/media?parent=228185"}],"wp:term":[{"taxonomy":"category","embeddable":true,"href":"https:\/\/www.europesays.com\/fr\/wp-json\/wp\/v2\/categories?post=228185"},{"taxonomy":"post_tag","embeddable":true,"href":"https:\/\/www.europesays.com\/fr\/wp-json\/wp\/v2\/tags?post=228185"}],"curies":[{"name":"wp","href":"https:\/\/api.w.org\/{rel}","templated":true}]}}