{"id":228187,"date":"2025-07-05T13:20:13","date_gmt":"2025-07-05T13:20:13","guid":{"rendered":"https:\/\/www.europesays.com\/fr\/228187\/"},"modified":"2025-07-05T13:20:13","modified_gmt":"2025-07-05T13:20:13","slug":"mola-evoque-la-fin-de-son-contrat-avec-le-club-et-son-avenir","status":"publish","type":"post","link":"https:\/\/www.europesays.com\/fr\/228187\/","title":{"rendered":"Mola \u00e9voque la fin de son contrat avec le club et son avenir"},"content":{"rendered":"<p>Il est l\u2019un des visages de ce Stade Toulousain Nomm\u00e9 \u00e0 la t\u00eate du club en 2014 pour prendre la succession de Guy Nov\u00e8s, Ugo Mola a d\u2019abord connu de grosses difficult\u00e9s. Devant faire face \u00e0 un changement g\u00e9n\u00e9rationnel, avec les fins de carri\u00e8re de plusieurs l\u00e9gendes (Dusautoir, Albacete, Fritz\u2026), l\u2019ancien ailier a d\u00fb prendre ses marques, connaissant la pire saison du club en Top 14 avec une triste 12\u00e8me place en 2016.<\/p>\n<p>\u00ab\u00a0Je travaille pour le Stade Toulousain et \u00e7a suffit \u00e0 mon bonheur\u00a0\u00bb<\/p>\n<p>Petit \u00e0 petit, et dans le sillage d\u2019une lign\u00e9e de joueurs arrivant \u00e0 maturit\u00e9, Ugo Mola a fait du Stade Toulousain une machine \u00e0 gagner. Ses joueurs ont encha\u00een\u00e9 cinq Boucliers de Brennus et deux Champions Cup depuis 2019 et semble loin d\u2019\u00eatre rassasi\u00e9. Sans surprise, le club lui a fait confiance avec un nouveau contrat jusqu\u2019en 2031. Interrog\u00e9 par <a href=\"https:\/\/www.rugbyrama.fr\/2025\/07\/03\/top-14-entretien-exclusif-ugo-mola-toulouse-tu-ne-fais-pas-un-triple-avec-des-mecs-normaux-12803416.php\" rel=\"nofollow noopener\" target=\"_blank\">Midi Olympique <\/a>sur son futur, il a pr\u00e9f\u00e9r\u00e9 rester vague.<\/p>\n<blockquote>\n<p>\u00ab\u00a0Le temps, \u00e0 mes yeux, c\u2019est un accessoire. Ce qui est important, c\u2019est la capacit\u00e9 \u00e0 r\u00e9pondre aux 3 totems : ta formation, ta capacit\u00e9 \u00e0 r\u00e9fl\u00e9chir sur ton environnement et ton jeu. Quand tu as r\u00e9ussi \u00e0 mettre \u00e7a dans la t\u00eate de tout le monde, logiquement, ton club est en ordre de marche\u00a0\u00bb.<\/p>\n<\/blockquote>\n<p>Alors que son nom est r\u00e9guli\u00e8rement cit\u00e9 pour prendre la succession de Fabien Galthi\u00e9 apr\u00e8s la Coupe du monde 2027, Ugo Mola assure qu\u2019il se plait \u00e0 Toulouse.<\/p>\n<blockquote>\n<p>\u00a0\u00ab\u00a0Gagner, on sait que c\u2019est dur. C\u2019est souvent al\u00e9atoire. Ce qui n\u2019est pas al\u00e9atoire, c\u2019est se donner les moyens d\u2019\u00eatre performant sur les deux comp\u00e9titions qu\u2019on doit disputer. Ce qui ne l\u2019est pas non plus, c\u2019est d\u2019\u00eatre en mesure d\u2019assumer 10, 12, 15 voire 17 internationaux quand \u00e7a se pr\u00e9sente, comme cette ann\u00e9e. J\u2019ai la chance d\u2019avoir un club qui a cette exp\u00e9rience-l\u00e0 et qui me permet aussi de ne penser qu\u2019\u00e0 ce pourquoi je suis l\u00e0, le rugby. \u00a0Alors, pour r\u00e9pondre \u00e0 la question, sur le plan personnel, je m\u2019en fous un peu. Je travaille pour le Stade Toulousain et \u00e7a suffit \u00e0 mon bonheur \u00bb<\/p>\n<\/blockquote>\n<p>Partagez cette info avec vos amis et vos proches en cliquant ici<br \/>Pour r\u00e9sumer<\/p>\n<p>Ugo Mola a \u00e9t\u00e9 interrog\u00e9 par Midi Olympique sur la suite de sa carri\u00e8re et son avenir apr\u00e8s avoir prolong\u00e9 jusqu\u2019en 2031 avec le Stade Toulousain. L\u2019ancien ailier pr\u00e9f\u00e8re rester prudent mais se sent bien dans la maison rouge et noire.<\/p>\n<p> <img decoding=\"async\" width=\"76\" height=\"76\" loading=\"lazy\" src=\"https:\/\/www.europesays.com\/fr\/wp-content\/uploads\/2025\/04\/avatar-quinze.png\" alt=\"Arnaud D\u00e9chelotte\"\/><\/p>\n","protected":false},"excerpt":{"rendered":"Il est l\u2019un des visages de ce Stade Toulousain Nomm\u00e9 \u00e0 la t\u00eate du club en 2014 pour&hellip;\n","protected":false},"author":2,"featured_media":228188,"comment_status":"","ping_status":"","sticky":false,"template":"","format":"standard","meta":{"footnotes":""},"categories":[1416],"tags":[1011,27,479,1468,60],"class_list":{"0":"post-228187","1":"post","2":"type-post","3":"status-publish","4":"format-standard","5":"has-post-thumbnail","7":"category-rugby","8":"tag-fr","9":"tag-france","10":"tag-rugby","11":"tag-rugby-football","12":"tag-sports"},"share_on_mastodon":{"url":"https:\/\/pubeurope.com\/@fr\/114800835046284822","error":""},"_links":{"self":[{"href":"https:\/\/www.europesays.com\/fr\/wp-json\/wp\/v2\/posts\/228187","targetHints":{"allow":["GET"]}}],"collection":[{"href":"https:\/\/www.europesays.com\/fr\/wp-json\/wp\/v2\/posts"}],"about":[{"href":"https:\/\/www.europesays.com\/fr\/wp-json\/wp\/v2\/types\/post"}],"author":[{"embeddable":true,"href":"https:\/\/www.europesays.com\/fr\/wp-json\/wp\/v2\/users\/2"}],"replies":[{"embeddable":true,"href":"https:\/\/www.europesays.com\/fr\/wp-json\/wp\/v2\/comments?post=228187"}],"version-history":[{"count":0,"href":"https:\/\/www.europesays.com\/fr\/wp-json\/wp\/v2\/posts\/228187\/revisions"}],"wp:featuredmedia":[{"embeddable":true,"href":"https:\/\/www.europesays.com\/fr\/wp-json\/wp\/v2\/media\/228188"}],"wp:attachment":[{"href":"https:\/\/www.europesays.com\/fr\/wp-json\/wp\/v2\/media?parent=228187"}],"wp:term":[{"taxonomy":"category","embeddable":true,"href":"https:\/\/www.europesays.com\/fr\/wp-json\/wp\/v2\/categories?post=228187"},{"taxonomy":"post_tag","embeddable":true,"href":"https:\/\/www.europesays.com\/fr\/wp-json\/wp\/v2\/tags?post=228187"}],"curies":[{"name":"wp","href":"https:\/\/api.w.org\/{rel}","templated":true}]}}