{"id":228189,"date":"2025-07-05T13:21:10","date_gmt":"2025-07-05T13:21:10","guid":{"rendered":"https:\/\/www.europesays.com\/fr\/228189\/"},"modified":"2025-07-05T13:21:10","modified_gmt":"2025-07-05T13:21:10","slug":"wimbledon-rublev-fritz-est-numero-5-mondial-mais-on-ne-sait-pas-sil-est-meilleur-que-medvedev-tsitsipas-norrie-ou-tiafoe","status":"publish","type":"post","link":"https:\/\/www.europesays.com\/fr\/228189\/","title":{"rendered":"Wimbledon > Rublev : \u00ab\u00a0Fritz est num\u00e9ro 5 mondial mais on ne sait pas s&rsquo;il est meilleur que Medvedev, Tsitsipas, Norrie ou Tiafoe\u00a0\u00bb"},"content":{"rendered":"<p><a href=\"https:\/\/www.welovetennis.fr\/wimbledon\/rublev-sans-langue-de-bois-sur-les-nombreuses-surprises-beaucoup-de-joueurs-frappent-la-balle-tres-fort-sans-reflechir-il-ny-a-pas-de-tactique-pas-de-strategie-ils-frappent-cest-tout\" data-wpel-link=\"internal\" target=\"_blank\" rel=\"noopener\">Apr\u00e8s avoir donn\u00e9 une r\u00e9ponse assez \u00ab\u202fcash\u202f\u00bb lors\u00adqu\u2019il a \u00e9t\u00e9 \u00e9t\u00e9 inter\u00adrog\u00e9 en conf\u00e9\u00adrence de presse sur les nombreuses surprises depuis le d\u00e9but de Wimbledon<\/a>, o\u00f9 il va affronter Carlos Alcaraz en huiti\u00e8mes de finale, Andrey Rublev a parl\u00e9 d\u2019un niveau \u00ab\u202fhomo\u00adg\u00e8ne\u202f\u00bb sur le circuit actuellement.\u00a0<\/p>\n<p><strong>\u00ab\u202fQuand j\u2019ai commenc\u00e9 \u00e0 jouer, on pouvait voir la diff\u00e9\u00adrence entre le top 10 et le reste du top 50. Maintenant, on voit la diff\u00e9\u00adrence entre Alcaraz, Sinner, et le reste du top 50. Mais \u00e0 partir de la 3e ou 4e place mondiale, le niveau est homo\u00adg\u00e8ne. Par exemple Taylor Fritz, qui est, je crois, num\u00e9ro 5 mondial, on ne sait pas s\u2019il est meilleur que Medvedev, Tsitsipas, Norrie ou Tiafoe. Tiafoe est peut\u2010\u00eatre 15e ou 16e mondial. Cela montre donc que le niveau est tr\u00e8s homo\u00adg\u00e8ne\u202f\u00bb<\/strong>, a d\u00e9clar\u00e9 le 14e mondial dans des propos relay\u00e9s par <a href=\"https:\/\/www.puntodebreak.com\/2025\/07\/04\/rublev-avisa-nivel-ahi-le-pegando-pelota\" data-wpel-link=\"external\" target=\"_blank\" rel=\"nofollow external noopener\">Punto de Break<\/a>. <\/p>\n<p class=\"post-published-date\" style=\"color: silver; font-size: 75%; text-align: left;\">Publi\u00e9 le samedi 5 juillet 2025 \u00e0 14:21<\/p>\n","protected":false},"excerpt":{"rendered":"Apr\u00e8s avoir donn\u00e9 une r\u00e9ponse assez \u00ab\u202fcash\u202f\u00bb lors\u00adqu\u2019il a \u00e9t\u00e9 \u00e9t\u00e9 inter\u00adrog\u00e9 en conf\u00e9\u00adrence de presse sur les&hellip;\n","protected":false},"author":2,"featured_media":228190,"comment_status":"","ping_status":"","sticky":false,"template":"","format":"standard","meta":{"footnotes":""},"categories":[1415],"tags":[1744,3252,1011,27,2127,60,1467,5443],"class_list":{"0":"post-228189","1":"post","2":"type-post","3":"status-publish","4":"format-standard","5":"has-post-thumbnail","7":"category-tennis","8":"tag-alcaraz","9":"tag-daniil-medvedev","10":"tag-fr","11":"tag-france","12":"tag-sinner","13":"tag-sports","14":"tag-tennis","15":"tag-tsitsipas"},"share_on_mastodon":{"url":"https:\/\/pubeurope.com\/@fr\/114800838743513505","error":""},"_links":{"self":[{"href":"https:\/\/www.europesays.com\/fr\/wp-json\/wp\/v2\/posts\/228189","targetHints":{"allow":["GET"]}}],"collection":[{"href":"https:\/\/www.europesays.com\/fr\/wp-json\/wp\/v2\/posts"}],"about":[{"href":"https:\/\/www.europesays.com\/fr\/wp-json\/wp\/v2\/types\/post"}],"author":[{"embeddable":true,"href":"https:\/\/www.europesays.com\/fr\/wp-json\/wp\/v2\/users\/2"}],"replies":[{"embeddable":true,"href":"https:\/\/www.europesays.com\/fr\/wp-json\/wp\/v2\/comments?post=228189"}],"version-history":[{"count":0,"href":"https:\/\/www.europesays.com\/fr\/wp-json\/wp\/v2\/posts\/228189\/revisions"}],"wp:featuredmedia":[{"embeddable":true,"href":"https:\/\/www.europesays.com\/fr\/wp-json\/wp\/v2\/media\/228190"}],"wp:attachment":[{"href":"https:\/\/www.europesays.com\/fr\/wp-json\/wp\/v2\/media?parent=228189"}],"wp:term":[{"taxonomy":"category","embeddable":true,"href":"https:\/\/www.europesays.com\/fr\/wp-json\/wp\/v2\/categories?post=228189"},{"taxonomy":"post_tag","embeddable":true,"href":"https:\/\/www.europesays.com\/fr\/wp-json\/wp\/v2\/tags?post=228189"}],"curies":[{"name":"wp","href":"https:\/\/api.w.org\/{rel}","templated":true}]}}