{"id":228199,"date":"2025-07-05T13:27:15","date_gmt":"2025-07-05T13:27:15","guid":{"rendered":"https:\/\/www.europesays.com\/fr\/228199\/"},"modified":"2025-07-05T13:27:15","modified_gmt":"2025-07-05T13:27:15","slug":"elodie-gossuin-maman-fiere-ses-plus-grands-jumeaux-sont-bacheliers-elle-devoile-leurs-resultats","status":"publish","type":"post","link":"https:\/\/www.europesays.com\/fr\/228199\/","title":{"rendered":"Elodie Gossuin maman fi\u00e8re : ses plus grands jumeaux sont bacheliers, elle d\u00e9voile leurs r\u00e9sultats"},"content":{"rendered":"<p>Vendredi 4 juillet marquait une date importante pour de nombreux<br \/>\nlyc\u00e9ens fran\u00e7ais avec la publication des r\u00e9sultats du baccalaur\u00e9at.<br \/>\nParmi les familles concern\u00e9es, celle d\u00a0\u00bb<a href=\"https:\/\/www.closermag.fr\/people\/elodie-gossuin-ses-deux-plus-grands-jumeaux-quittent-la-maison-pour-leurs-etudes-et-ca-lui-fait-tres-peur-3557047\" rel=\"nofollow noopener\" target=\"_blank\">Elodie<br \/>\nGossuin<\/a> a eu de quoi se r\u00e9jouir. La personnalit\u00e9 t\u00e9l\u00e9visuelle a<br \/>\nen effet c\u00e9l\u00e9br\u00e9 la r\u00e9ussite de ses deux a\u00een\u00e9s sur Instagram.<\/p>\n<p>Des r\u00e9sultats qui r\u00e9jouissent toute la famille<\/p>\n<p>Jules et Rose Lacherie, n\u00e9s le 21 d\u00e9cembre 2007, viennent de<br \/>\nfranchir une \u00e9tape majeure de leur scolarit\u00e9. Les deux adolescents<br \/>\nont d\u00e9croch\u00e9 leur baccalaur\u00e9at avec les honneurs. Sur son compte<br \/>\nInstagram, leur m\u00e8re n&rsquo;a pas cach\u00e9 sa joie en publiant une vid\u00e9o<br \/>\nd&rsquo;elle en train de danser. \u00ab\u00a0Lib\u00e9ration. Mes b\u00e9b\u00e9s sont<br \/>\nbacheliers. Mention bien pour les deux. Si fi\u00e8re de vous\u00a0\u00bb,<br \/>\na-t-elle \u00e9crit en l\u00e9gende de sa publication, accompagn\u00e9e de la<br \/>\nc\u00e9l\u00e8bre chanson We are the champions de Queen.<\/p>\n<p>Cette annonce marque un tournant pour la famille <a href=\"https:\/\/www.closermag.fr\/people\/elodie-gossuin-et-bertrand-lacherie-lex-miss-ouvre-leur-album-photos-de-mariage-et-cest-caliente-3560302\" rel=\"nofollow noopener\" target=\"_blank\"><br \/>\nGossuin-Lacherie<\/a>. En effet, les jumeaux s&rsquo;appr\u00eatent d\u00e9sormais \u00e0<br \/>\nquitter le domicile familial pour poursuivre leurs \u00e9tudes<br \/>\nsup\u00e9rieures. Une perspective qui g\u00e9n\u00e8re des \u00e9motions contrast\u00e9es<br \/>\nchez leur m\u00e8re, partag\u00e9e entre la fiert\u00e9 et l&rsquo;appr\u00e9hension du<br \/>\nd\u00e9part proche de ses enfants.<\/p>\n<p>Prochaine \u00e9tape : les \u00e9tudes sup\u00e9rieures<\/p>\n<p>L&rsquo;avenir acad\u00e9mique des jumeaux est d\u00e9j\u00e0 trac\u00e9. Rose a \u00e9t\u00e9<br \/>\naccept\u00e9e en STAPS en r\u00e9gion parisienne tandis que Jules int\u00e9grera<br \/>\nune \u00e9cole de commerce \u00e0 Reims. Ces choix d&rsquo;orientation refl\u00e8tent<br \/>\nleurs aspirations personnelles et marquent le d\u00e9but de leur<br \/>\nind\u00e9pendance. Dans une r\u00e9cente interview accord\u00e9e au magazine Gala,<br \/>\nElodie Gossuin avait confi\u00e9 ses sentiments mitig\u00e9s face \u00e0 cette<br \/>\nnouvelle \u00e9tape.<\/p>\n<p>\u00ab\u00a0M\u00eame si j&rsquo;ai d\u00e9j\u00e0 boucl\u00e9 leurs inscriptions et r\u00e9serv\u00e9 une<br \/>\nchambre dans un campus, je ne veux pas en entendre parler\u00a0\u00bb,<br \/>\navait-elle d\u00e9clar\u00e9, illustrant parfaitement les contradictions<br \/>\nd&rsquo;une m\u00e8re protectrice. Elle avait \u00e9galement ajout\u00e9 : \u00ab\u00a0Je<br \/>\nn&rsquo;arrive pas \u00e0 m&rsquo;imaginer comment on va faire pour se reconstruire<br \/>\n\u00e0 quatre.\u00a0\u00bb Cette confidence r\u00e9v\u00e8le l&rsquo;attachement profond<br \/>\nqu&rsquo;elle porte \u00e0 ses enfants et l&rsquo;impact que leur d\u00e9part aura sur<br \/>\nl&rsquo;organisation familiale.<\/p>\n<p>Un mois de juin intense avant les<br \/>\nvacances<\/p>\n<p>Avant de pouvoir savourer ce succ\u00e8s, Elodie Gossuin a travers\u00e9<br \/>\nune p\u00e9riode particuli\u00e8rement charg\u00e9e. Le mois de juin a \u00e9t\u00e9 rythm\u00e9<br \/>\npar de nombreux \u00e9v\u00e9nements li\u00e9s \u00e0 la scolarit\u00e9 de ses quatre<br \/>\nenfants. \u00ab\u00a0Merci juin pour toutes tes kermesses, ton Parcoursup,<br \/>\nton Bac, brevet, les galas, les pi\u00e8ces de th\u00e9\u00e2tre\u2026 \u00ab\u00a0, a-t-elle<br \/>\n\u00e9crit sur ses r\u00e9seaux sociaux avec un brin d&rsquo;humour.<\/p>\n<p>L&rsquo;<a href=\"https:\/\/www.closermag.fr\/people\/je-netais-pas-prete-a-ca-elodie-gossuin-se-livre-sur-son-role-de-maman-et-les-angoisses-qui-vont-avec-3549797\" rel=\"nofollow noopener\" target=\"_blank\">ancienne<br \/>\nreine de beaut\u00e9<\/a> a conclu avec soulagement : \u00ab\u00a0J&rsquo;ai surv\u00e9cu !<br \/>\nHello juillet (sois cool s&rsquo;il te pla\u00eet, je suis HS).\u00a0\u00bb Cette<br \/>\nd\u00e9claration t\u00e9moigne de l&rsquo;investissement total d&rsquo;une m\u00e8re dans la<br \/>\nr\u00e9ussite de ses enfants. D\u00e9sormais, elle peut se tourner vers les<br \/>\nvacances d&rsquo;\u00e9t\u00e9 avec s\u00e9r\u00e9nit\u00e9, probablement dans les Landes o\u00f9 la<br \/>\nfamille a pour habitude de se ressourcer.<\/p>\n","protected":false},"excerpt":{"rendered":"Vendredi 4 juillet marquait une date importante pour de nombreux lyc\u00e9ens fran\u00e7ais avec la publication des r\u00e9sultats du&hellip;\n","protected":false},"author":2,"featured_media":228200,"comment_status":"","ping_status":"","sticky":false,"template":"","format":"standard","meta":{"footnotes":""},"categories":[1359],"tags":[548,58,16861,59,1011,27,973],"class_list":{"0":"post-228199","1":"post","2":"type-post","3":"status-publish","4":"format-standard","5":"has-post-thumbnail","7":"category-people","8":"tag-article-simple","9":"tag-divertissement","10":"tag-elodie-gossuin","11":"tag-entertainment","12":"tag-fr","13":"tag-france","14":"tag-people"},"share_on_mastodon":{"url":"https:\/\/pubeurope.com\/@fr\/114800862384166301","error":""},"_links":{"self":[{"href":"https:\/\/www.europesays.com\/fr\/wp-json\/wp\/v2\/posts\/228199","targetHints":{"allow":["GET"]}}],"collection":[{"href":"https:\/\/www.europesays.com\/fr\/wp-json\/wp\/v2\/posts"}],"about":[{"href":"https:\/\/www.europesays.com\/fr\/wp-json\/wp\/v2\/types\/post"}],"author":[{"embeddable":true,"href":"https:\/\/www.europesays.com\/fr\/wp-json\/wp\/v2\/users\/2"}],"replies":[{"embeddable":true,"href":"https:\/\/www.europesays.com\/fr\/wp-json\/wp\/v2\/comments?post=228199"}],"version-history":[{"count":0,"href":"https:\/\/www.europesays.com\/fr\/wp-json\/wp\/v2\/posts\/228199\/revisions"}],"wp:featuredmedia":[{"embeddable":true,"href":"https:\/\/www.europesays.com\/fr\/wp-json\/wp\/v2\/media\/228200"}],"wp:attachment":[{"href":"https:\/\/www.europesays.com\/fr\/wp-json\/wp\/v2\/media?parent=228199"}],"wp:term":[{"taxonomy":"category","embeddable":true,"href":"https:\/\/www.europesays.com\/fr\/wp-json\/wp\/v2\/categories?post=228199"},{"taxonomy":"post_tag","embeddable":true,"href":"https:\/\/www.europesays.com\/fr\/wp-json\/wp\/v2\/tags?post=228199"}],"curies":[{"name":"wp","href":"https:\/\/api.w.org\/{rel}","templated":true}]}}