{"id":228211,"date":"2025-07-05T13:33:11","date_gmt":"2025-07-05T13:33:11","guid":{"rendered":"https:\/\/www.europesays.com\/fr\/228211\/"},"modified":"2025-07-05T13:33:11","modified_gmt":"2025-07-05T13:33:11","slug":"vaccination-des-ados-contre-le-papillomavirus-peut-encore-mieux-faire-actualites","status":"publish","type":"post","link":"https:\/\/www.europesays.com\/fr\/228211\/","title":{"rendered":"Vaccination des ados contre le papillomavirus: peut encore mieux faire : Actualit\u00e9s"},"content":{"rendered":"<p class=\"lead \">\u00ab\u00a0Du mieux\u00a0\u00bb mais encore \u00ab\u00a0beaucoup de chemin \u00e0 faire\u00a0\u00bb pour une vaccination suffisante des adolescents contre le papillomavirus, cause de plusieurs cancers: c&rsquo;est le diagnostic de plusieurs sp\u00e9cialistes apr\u00e8s une deuxi\u00e8me ann\u00e9e de vaccination ouverte dans les coll\u00e8ges.<\/p>\n<p class=\"lead \">Le bilan officiel n&rsquo;a pas encore \u00e9t\u00e9 communiqu\u00e9, mais \u00ab\u00a0si on atteint 30-35% de nouveaux vaccin\u00e9s au coll\u00e8ge et sur la tranche d&rsquo;\u00e2ge apr\u00e8s cette deuxi\u00e8me campagne, ce sera d\u00e9j\u00e0 un succ\u00e8s\u00a0\u00bb, d\u00e9clare \u00e0 l&rsquo;AFP Jean-Baptiste Lusignan, responsable du p\u00f4le sant\u00e9 jeunesse du CRIPS Ile-de-France, une association membre du collectif \u00ab\u00a0Demain sans HPV\u00a0\u00bb. <\/p>\n<p class=\"lead \">Apr\u00e8s la premi\u00e8re campagne, \u00ab\u00a0on a pein\u00e9 dans les meilleurs d\u00e9partements \u00e0 atteindre 20-25%\u00a0\u00bb.<\/p>\n<p class=\"lead \">La vaccination, qui pr\u00e9vient jusqu&rsquo;\u00e0 90% des infections HPV \u00e0 l&rsquo;origine notamment de cancers (ut\u00e9rus, anus, ORL&#8230;), est recommand\u00e9e en France pour les adolescentes et adolescents de 11 \u00e0 14 ans r\u00e9volus, avec rattrapage possible jusqu&rsquo;\u00e0 26 ans. <\/p>\n<p class=\"lead \">Depuis l&rsquo;ann\u00e9e scolaire 2023-2024, les \u00e9l\u00e8ves de 5e peuvent \u00eatre vaccin\u00e9s avec une prise en charge totale par l&rsquo;assurance maladie, sous r\u00e9serve d&rsquo;autorisation parentale, dans tous les coll\u00e8ges publics et dans les \u00e9tablissements priv\u00e9s volontaires.<\/p>\n<p class=\"lead \">Apr\u00e8s \u00ab\u00a0un effet de nouveaut\u00e9\u00a0\u00bb, \u00ab\u00a0cette deuxi\u00e8me ann\u00e9e, on a eu plus de mal \u00e0 motiver les coll\u00e8ges pour relancer la vaccination HPV: certains ont connu un peu de rel\u00e2chement ou eu d&rsquo;autres sujets \u00e0 traiter, mais la plupart l&rsquo;ont maintenue\u00a0\u00bb, rapporte Jean-Baptiste Lusignan.<\/p>\n<p class=\"lead \">Mathilde Varrette, secr\u00e9taire g\u00e9n\u00e9rale adjointe des infirmiers du Snics-FSU, \u00e9voque cependant \u00ab\u00a0une baisse significative: autour de 0 \u00e0 6 \u00e9l\u00e8ves vaccin\u00e9s par \u00e9tablissement, apr\u00e8s 14 en moyenne la premi\u00e8re ann\u00e9e\u00a0\u00bb. <\/p>\n<p class=\"lead \">L&rsquo;informatisation des formulaires \u00e0 remplir par les parents \u00ab\u00a0a compliqu\u00e9 la proc\u00e9dure\u00a0\u00bb, et \u00ab\u00a0des parents ne souhaitent pas que leur enfant soit vaccin\u00e9 hors de leur pr\u00e9sence par un soignant inconnu\u00a0\u00bb, selon elle.<\/p>\n<p class=\"lead \">Mais la campagne en coll\u00e8ge peut compter, depuis son d\u00e9marrage, d&rsquo;une hausse de la vaccination contre le papillomavirus en ville, o\u00f9, au-del\u00e0 des m\u00e9decins, davantage de soignants peuvent la pratiquer (pharmaciens, infirmi\u00e8res, etc).<\/p>\n<p class=\"lead \">R\u00e9sultat: \u00ab\u00a0La France a, enfin, franchi la barre des 50% d&rsquo;adolescentes de 15 ans vaccin\u00e9es contre HPV: 53% en 2023, quasiment 60% en 2024. Ca progresse aussi chez les adolescents: on est pass\u00e9s de 25% \u00e0 quasiment 37%. Il y a un mieux et la vaccination au coll\u00e8ge est un \u00e9l\u00e9ment d\u00e9terminant\u00a0\u00bb, consid\u00e8re le Pr Xavier Carcopino, pr\u00e9sident de la soci\u00e9t\u00e9 fran\u00e7aise de colposcopie et de pathologie cervico-vaginale (SFCPV). <\/p>\n<p class=\"lead \">&#8211; \u00ab\u00a0Enorm\u00e9ment de marge\u00a0\u00bb &#8211;<\/p>\n<p class=\"lead \">Mais \u00ab\u00a0il reste beaucoup de chemin \u00e0 faire\u00a0\u00bb, souligne Philippe Bergerot, pr\u00e9sident de la Ligue contre le cancer. Car \u00ab\u00a0la France reste sous l&rsquo;objectif de 60%, qui devait \u00eatre atteint en 2023, et car l&rsquo;objectif r\u00e9el, c&rsquo;est 80% en 2030\u00a0\u00bb, rappelle le Pr Carcopino.<\/p>\n<p class=\"lead \">Des disparit\u00e9s territoriales demeurent, le sud de l&rsquo;Hexagone et l&rsquo;Outre-mer ayant les niveaux de vaccination HPV les plus faibles. \u00ab\u00a0Les in\u00e9galit\u00e9s territoriales peuvent \u00eatre intrins\u00e8quement li\u00e9es aux in\u00e9galit\u00e9s socio\u00e9conomiques\u00a0\u00bb, a point\u00e9 Sant\u00e9 publique France dans une \u00e9tude en f\u00e9vrier, \u00e9voquant aussi \u00ab\u00a0des freins culturels, notamment autour de la sexualit\u00e9\u00a0\u00bb.<\/p>\n<p class=\"lead \">Philippe Bergerot observe aussi que \u00ab\u00a0tout le monde n\u2019est pas persuad\u00e9 de l\u2019innocuit\u00e9 du vaccin: des parents mais \u00e9galement des soignants\u00a0\u00bb et juge \u00ab\u00a0essentiel d&rsquo;\u00e9duquer la population\u00a0\u00bb.<\/p>\n<p class=\"lead \">Pour Jean-Baptiste Lusignan, \u00ab\u00a0finalement, le plus gros frein est un manque d&rsquo;information\u00a0\u00bb. <\/p>\n<p class=\"lead \">L&rsquo;\u00e9tat de la m\u00e9decine scolaire joue aussi. \u00ab\u00a0Il y a des \u00e9tablissements o\u00f9 la vaccination marche mieux, et dans une large majorit\u00e9 des cas, c&rsquo;est quand il y a des infirmi\u00e8res pr\u00e9sentes et motiv\u00e9es: les \u00e9l\u00e8ves ont \u00e9t\u00e9 inform\u00e9s, les parents ont eu des r\u00e9ponses\u00a0\u00bb, d\u00e9crit-il. <\/p>\n<p class=\"lead \">Or, pointe Mathilde Varrette, \u00ab\u00a0avec une infirmi\u00e8re pour 1.600 \u00e9l\u00e8ves en moyenne, parfois un seul jour dans un \u00e9tablissement, l&rsquo;\u00e9ducation \u00e0 la sant\u00e9 autour de la vaccination contre le papillomavirus est plus compliqu\u00e9e\u00a0\u00bb.<\/p>\n<p class=\"lead \">En ville, le co\u00fbt du vaccin -environ 115 euros- peut \u00e9galement peser. S&rsquo;il est rembours\u00e9 \u00e0 65% par l&rsquo;Assurance maladie et le reste par une \u00e9ventuelle compl\u00e9mentaire, l&rsquo;avance des frais ou l&rsquo;absence de mutuelle peuvent constituer \u00ab\u00a0un gros frein\u00a0\u00bb, rel\u00e8ve Philippe Bergerot. <\/p>\n<p class=\"lead \">En Loire-Atlantique, le comit\u00e9 de la Ligue a donc lanc\u00e9 un dispositif, avec des pharmacies, pour r\u00e9gler le reste \u00e0 charge des patients.<\/p>\n<p class=\"lead \">Au-del\u00e0, la Ligue contre le cancer \u00ab\u00a0pr\u00f4ne la vaccination obligatoire\u00a0\u00bb contre le papillomavirus. A l&rsquo;inverse, \u00ab\u00a0Demain sans HPV\u00a0\u00bb pense qu&rsquo;il y a \u00ab\u00a0\u00e9norm\u00e9ment de marge\u00a0\u00bb de progression rien qu&rsquo;avec davantage d&rsquo;informations.<\/p>\n<p class=\"small font-weight-bold text-gray3 \"> publi\u00e9 le 5 juillet \u00e0 12h00, AFP<\/p>\n<p>                             Partager<\/p>\n","protected":false},"excerpt":{"rendered":"\u00ab\u00a0Du mieux\u00a0\u00bb mais encore \u00ab\u00a0beaucoup de chemin \u00e0 faire\u00a0\u00bb pour une vaccination suffisante des adolescents contre le papillomavirus,&hellip;\n","protected":false},"author":2,"featured_media":228212,"comment_status":"","ping_status":"","sticky":false,"template":"","format":"standard","meta":{"footnotes":""},"categories":[10],"tags":[4009,3959,101,31481,1011,27,72,585,71,4008,5336],"class_list":{"0":"post-228211","1":"post","2":"type-post","3":"status-publish","4":"format-standard","5":"has-post-thumbnail","7":"category-sante","8":"tag-pidmie","9":"tag-adolescents","10":"tag-cancer","11":"tag-collge","12":"tag-fr","13":"tag-france","14":"tag-health","15":"tag-sant","16":"tag-sante","17":"tag-vaccins","18":"tag-virus"},"share_on_mastodon":{"url":"https:\/\/pubeurope.com\/@fr\/114800886020301262","error":""},"_links":{"self":[{"href":"https:\/\/www.europesays.com\/fr\/wp-json\/wp\/v2\/posts\/228211","targetHints":{"allow":["GET"]}}],"collection":[{"href":"https:\/\/www.europesays.com\/fr\/wp-json\/wp\/v2\/posts"}],"about":[{"href":"https:\/\/www.europesays.com\/fr\/wp-json\/wp\/v2\/types\/post"}],"author":[{"embeddable":true,"href":"https:\/\/www.europesays.com\/fr\/wp-json\/wp\/v2\/users\/2"}],"replies":[{"embeddable":true,"href":"https:\/\/www.europesays.com\/fr\/wp-json\/wp\/v2\/comments?post=228211"}],"version-history":[{"count":0,"href":"https:\/\/www.europesays.com\/fr\/wp-json\/wp\/v2\/posts\/228211\/revisions"}],"wp:featuredmedia":[{"embeddable":true,"href":"https:\/\/www.europesays.com\/fr\/wp-json\/wp\/v2\/media\/228212"}],"wp:attachment":[{"href":"https:\/\/www.europesays.com\/fr\/wp-json\/wp\/v2\/media?parent=228211"}],"wp:term":[{"taxonomy":"category","embeddable":true,"href":"https:\/\/www.europesays.com\/fr\/wp-json\/wp\/v2\/categories?post=228211"},{"taxonomy":"post_tag","embeddable":true,"href":"https:\/\/www.europesays.com\/fr\/wp-json\/wp\/v2\/tags?post=228211"}],"curies":[{"name":"wp","href":"https:\/\/api.w.org\/{rel}","templated":true}]}}