{"id":228218,"date":"2025-07-05T13:37:10","date_gmt":"2025-07-05T13:37:10","guid":{"rendered":"https:\/\/www.europesays.com\/fr\/228218\/"},"modified":"2025-07-05T13:37:10","modified_gmt":"2025-07-05T13:37:10","slug":"5-900-foyers-prives-delectricite-a-cause-des-fortes-chaleurs","status":"publish","type":"post","link":"https:\/\/www.europesays.com\/fr\/228218\/","title":{"rendered":"5\u00a0900 foyers priv\u00e9s d&rsquo;\u00e9lectricit\u00e9 \u00e0 cause des fortes chaleurs"},"content":{"rendered":"<p>Sur leur t\u00e9l\u00e9phone, les abonn\u00e9s au syst\u00e8me d&rsquo;alerte de la <a href=\"https:\/\/www.laprovence.com\/bouches-du-rhone\/aubagne-13005\" target=\"_blank\" rel=\"nofollow noopener\">Ville d&rsquo;Aubagne<\/a> ont re\u00e7u ce matin un message les informant d&rsquo;une coupure d&rsquo;\u00e9lectricit\u00e9 touchant plusieurs quartiers de la commune. \u00ab\u00a0Les secteurs Camp Major, Tourelle, H\u00f4pital, Fenestrelles et une partie du centre-ville\u00a0\u00bb seraient concern\u00e9s par l&rsquo;incident.<\/p>\n<p>Au standard de <a href=\"https:\/\/www.laprovence.com\/article\/region\/13840934319198\/il-etait-imperatif-d-imaginer-un-autre-site-un-nouvel-hopital-dici-2031-a-aubagne-et-beaucoup-de-travail\" target=\"_blank\" rel=\"nofollow noopener\">l&rsquo;h\u00f4pital Edmond-Garcin<\/a>, on n&rsquo;a remarqu\u00e9 aucune coupure de courant. Mais Enedis confirme que sur la commune d&rsquo;Aubagne, \u00ab\u00a0depuis 9\u00a0h\u00a030 ce jour, 5\u00a0900 clients sont priv\u00e9s d&rsquo;\u00e9lectricit\u00e9\u00a0\u00bb. Une panne li\u00e9e \u00e0 \u00ab\u00a0un incident souterrain d\u00fb aux fortes chaleurs actuelles\u00a0\u00bb. Le gestionnaire du r\u00e9seau \u00e9lectrique assure que ses \u00e9quipes \u00ab\u00a0ont \u00e9t\u00e9 imm\u00e9diatement mobilis\u00e9es et mettent tout en \u0153uvre pour<strong> <\/strong>r\u00e9tablir [l&rsquo;\u00e9lectricit\u00e9 chez] les clients au plus vite\u00a0\u00bb.<\/p>\n<p>Trop de chaleur sous le goudron<\/p>\n<p>Comment <a href=\"https:\/\/www.laprovence.com\/article\/societe\/93661628995234\/canicule-les-bouches-du-rhone-le-vaucluse-et-8-autres-departements-toujours-en-vigilance-orange-ce-samedi\" target=\"_blank\" rel=\"nofollow noopener\">la canicule<\/a> peut-elle mettre en difficult\u00e9 le r\u00e9seau \u00e9lectrique\u00a0? \u00ab\u00a0Les tr\u00e8s fortes chaleurs cumul\u00e9es sur plusieurs jours avec une temp\u00e9rature qui ne descend pas la nuit font monter la temp\u00e9rature des sols goudronn\u00e9s de plusieurs dizaines de degr\u00e9s (en surface), ce qui met en forte contrainte les r\u00e9seaux souterrains\u00a0\u00bb, r\u00e9pond le service de communication d&rsquo;Enedis. \u00ab\u00a0Les bo\u00eetes de jonction (mat\u00e9riel qui sert \u00e0 relier deux c\u00e2bles souterrains entre eux)\u00a0\u00bb seraient particuli\u00e8rement impact\u00e9es.<\/p>\n<p>M\u00eame si le r\u00e9seau \u00e9lectrique est con\u00e7u\u00a0\u00ab\u00a0pour r\u00e9sister \u00e0 des niveaux importants de contraintes, notamment en cas de forte chaleur\u00a0\u00bb, des conditions climatiques caniculaires \u00ab\u00a0peuvent provoquer des coupures en affectant le fonctionnement de certains ouvrages \u00e9lectriques souterrains, en moyenne tension (20\u00a0000 volts) ou en basse tension (230-400 volts)\u00a0\u00bb.<\/p>\n<p>Creuser dans la chauss\u00e9e<\/p>\n<p>Comment r\u00e9soudre le probl\u00e8me\u00a0? Parfois, \u00ab\u00a0le <a href=\"https:\/\/www.laprovence.com\/article\/region\/1269479226846816\/aubagne-des-techniciens-interviennent-apres-une-coupure-delectricite-dans-le-quartier-de-la-dragonette\" target=\"_blank\" rel=\"nofollow noopener\">r\u00e9tablissement de l&rsquo;\u00e9lectricit\u00e9<\/a> peut s&rsquo;op\u00e9rer \u00e0 distance en quelques minutes, gr\u00e2ce au pilotage du r\u00e9seau r\u00e9alis\u00e9 par l&rsquo;Agence de conduite r\u00e9gionale d&rsquo;Enedis (tours de contr\u00f4le du r\u00e9seau)\u00a0\u00bb. Mais dans d&rsquo;autres cas, une intervention sur place est n\u00e9cessaire. Dans ce cas, \u00ab\u00a0Enedis utilise un camion \u00e9quip\u00e9 de d\u00e9tecteurs (camion de recherche de d\u00e9faut) afin de localiser tr\u00e8s pr\u00e9cis\u00e9ment l&rsquo;endroit du c\u00e2ble souterrain \u00e0 r\u00e9parer\u00a0\u00bb. Et \u00ab\u00a0d\u00e8s que le lieu pr\u00e9cis du tron\u00e7on de c\u00e2ble \u00e9lectrique en d\u00e9faut est localis\u00e9, il faut terrasser (creuser une tranch\u00e9e) pour que les techniciens d&rsquo;Enedis puissent intervenir sur le mat\u00e9riel souterrain endommag\u00e9 par la chaleur\u00a0\u00bb.<\/p>\n<p>Dans certaines situations, \u00ab\u00a0afin de limiter une trop longue coupure et en attendant la r\u00e9paration d\u00e9finitive, Enedis peut \u00eatre amen\u00e9e \u00e0 installer des groupes \u00e9lectrog\u00e8nes afin de garantir la r\u00e9alimentation en \u00e9lectricit\u00e9 des clients, le temps de la r\u00e9paration d\u00e9finitive des r\u00e9seaux concern\u00e9es\u00a0\u00bb. En l&rsquo;occurrence, on n&rsquo;en est pas encore l\u00e0. Peu avant midi, la recherche de d\u00e9faut \u00e9tait toujours \u00ab\u00a0en cours\u00a0\u00bb.<strong\/><\/p>\n","protected":false},"excerpt":{"rendered":"Sur leur t\u00e9l\u00e9phone, les abonn\u00e9s au syst\u00e8me d&rsquo;alerte de la Ville d&rsquo;Aubagne ont re\u00e7u ce matin un message&hellip;\n","protected":false},"author":2,"featured_media":228219,"comment_status":"","ping_status":"","sticky":false,"template":"","format":"standard","meta":{"footnotes":""},"categories":[6],"tags":[17,36668,8008,35,3738,36670,4440,33,34,36669,1011,27,24036,16],"class_list":{"0":"post-228218","1":"post","2":"type-post","3":"status-publish","4":"format-standard","5":"has-post-thumbnail","7":"category-economie","8":"tag-17","9":"tag-5-900","10":"tag-aubagne","11":"tag-business","12":"tag-cause","13":"tag-delectricite","14":"tag-dune","15":"tag-economie","16":"tag-economy","17":"tag-foyers","18":"tag-fr","19":"tag-france","20":"tag-prives","21":"tag-region"},"share_on_mastodon":{"url":"https:\/\/pubeurope.com\/@fr\/114800901901487413","error":""},"_links":{"self":[{"href":"https:\/\/www.europesays.com\/fr\/wp-json\/wp\/v2\/posts\/228218","targetHints":{"allow":["GET"]}}],"collection":[{"href":"https:\/\/www.europesays.com\/fr\/wp-json\/wp\/v2\/posts"}],"about":[{"href":"https:\/\/www.europesays.com\/fr\/wp-json\/wp\/v2\/types\/post"}],"author":[{"embeddable":true,"href":"https:\/\/www.europesays.com\/fr\/wp-json\/wp\/v2\/users\/2"}],"replies":[{"embeddable":true,"href":"https:\/\/www.europesays.com\/fr\/wp-json\/wp\/v2\/comments?post=228218"}],"version-history":[{"count":0,"href":"https:\/\/www.europesays.com\/fr\/wp-json\/wp\/v2\/posts\/228218\/revisions"}],"wp:featuredmedia":[{"embeddable":true,"href":"https:\/\/www.europesays.com\/fr\/wp-json\/wp\/v2\/media\/228219"}],"wp:attachment":[{"href":"https:\/\/www.europesays.com\/fr\/wp-json\/wp\/v2\/media?parent=228218"}],"wp:term":[{"taxonomy":"category","embeddable":true,"href":"https:\/\/www.europesays.com\/fr\/wp-json\/wp\/v2\/categories?post=228218"},{"taxonomy":"post_tag","embeddable":true,"href":"https:\/\/www.europesays.com\/fr\/wp-json\/wp\/v2\/tags?post=228218"}],"curies":[{"name":"wp","href":"https:\/\/api.w.org\/{rel}","templated":true}]}}