{"id":228220,"date":"2025-07-05T13:38:10","date_gmt":"2025-07-05T13:38:10","guid":{"rendered":"https:\/\/www.europesays.com\/fr\/228220\/"},"modified":"2025-07-05T13:38:10","modified_gmt":"2025-07-05T13:38:10","slug":"deux-humanitaires-americains-ont-ete-blesses-dans-un-attentat-a-la-grenade","status":"publish","type":"post","link":"https:\/\/www.europesays.com\/fr\/228220\/","title":{"rendered":"Deux humanitaires am\u00e9ricains ont \u00e9t\u00e9 bless\u00e9s dans un \u00ab\u00a0attentat\u00a0\u00bb \u00e0 la grenade"},"content":{"rendered":"<p>L\u2019attaque s\u2019est produite dans un centre de distribution d\u2019aide, dans le sud du territoire palestinien. La Fondation humanitaire de <a href=\"https:\/\/www.20minutes.fr\/monde\/gaza\/\" class=\"color-ultramarine c-link\" rel=\"nofollow noopener\" target=\"_blank\">Gaza <\/a>(GHF), organisation soutenue par les <a href=\"https:\/\/www.20minutes.fr\/monde\/etats-unis\/\" class=\"color-ultramarine c-link\" rel=\"nofollow noopener\" target=\"_blank\">Etats-Unis<\/a> et <a href=\"https:\/\/www.20minutes.fr\/monde\/israel\/\" class=\"color-ultramarine c-link\" rel=\"nofollow noopener\" target=\"_blank\">Isra\u00ebl<\/a>, a annonc\u00e9 samedi que deux de ses employ\u00e9s am\u00e9ricains avaient \u00e9t\u00e9 bless\u00e9s dans la matin\u00e9e par un \u00ab\u00a0attentat\u00a0\u00bb.<\/p>\n<p>\u00ab\u00a0Ce matin, deux travailleurs humanitaires am\u00e9ricains ont \u00e9t\u00e9 bless\u00e9s dans un attentat terroriste cibl\u00e9 pendant des activit\u00e9s de <a href=\"https:\/\/www.20minutes.fr\/monde\/aide_humanitaire\/\" class=\"color-ultramarine c-link\" rel=\"nofollow noopener\" target=\"_blank\">distribution alimentaire<\/a> [au centre GHF de] Khan Youn\u00e8s\u00a0\u00bb, a indiqu\u00e9 GHF dans un communiqu\u00e9 transmis \u00e0 l\u2019AFP. \u00ab\u00a0L\u2019attaque men\u00e9e, selon les premi\u00e8res informations, par deux assaillants ayant lanc\u00e9 deux grenades sur les Am\u00e9ricains, s\u2019est produite \u00e0 la fin d\u2019une distribution par ailleurs r\u00e9ussie, au cours de laquelle des milliers de Gazaouis ont re\u00e7u de la nourriture en toute s\u00e9curit\u00e9\u00a0\u00bb, ajoute le texte.<\/p>\n<p>Plus de 600 personnes tu\u00e9es lors de distributions<\/p>\n<p>Selon GHF, \u00ab\u00a0aucun travailleur humanitaire local ni aucun civil n\u2019a \u00e9t\u00e9 bless\u00e9\u00a0\u00bb. \u00ab\u00a0Les deux Am\u00e9ricains bless\u00e9s re\u00e7oivent des soins m\u00e9dicaux et sont dans un \u00e9tat stable\u00a0\u00bb et leurs jours ne sont \u00ab\u00a0pas en danger\u00a0\u00bb, ajoute la Fondation. GHF a commenc\u00e9 \u00e0 distribuer des bo\u00eetes de produits alimentaires le 26\u00a0mai, apr\u00e8s un blocus de deux mois et demi-impos\u00e9 par Isra\u00ebl \u00e0 l\u2019entr\u00e9e de toute aide humanitaire dans le territoire palestinien en guerre, en d\u00e9pit des avertissements de l\u2019ONU et d\u2019<a href=\"https:\/\/www.20minutes.fr\/dossier\/ong\" class=\"color-ultramarine c-link\" rel=\"nofollow noopener\" target=\"_blank\">ONG<\/a> sur un risque imminent de famine.<\/p>\n<p>Les distributions de GHF ont donn\u00e9 lieu \u00e0 des sc\u00e8nes chaotiques. Vendredi, le Haut-Commissariat de l\u2019<a href=\"https:\/\/www.20minutes.fr\/monde\/onu\/\" class=\"color-ultramarine c-link\" rel=\"nofollow noopener\" target=\"_blank\">ONU<\/a> aux droits humains a indiqu\u00e9 avoir \u00ab\u00a0enregistr\u00e9\u00a0\u00bb 613 personnes tu\u00e9es lors de distribution d\u2019aide \u00e0 Gaza entre le d\u00e9but des distributions de GHF et le 27\u00a0juin, dont 509 pr\u00e8s des seuls centres de cette organisation.<\/p>\n<p>Le Hamas soup\u00e7onn\u00e9<\/p>\n<p>L\u2019arm\u00e9e isra\u00e9lienne a reconnu \u00e0 plusieurs reprises que des soldats avaient ouvert le feu en direction de \u00ab\u00a0suspects\u00a0\u00bb pr\u00e9sentant une \u00ab\u00a0menace\u00a0\u00bb aux abords des centres de GHF, o\u00f9 se pressent chaque jour des foules de Palestiniens formant des queues immenses, selon des t\u00e9moins. La D\u00e9fense civile de Gaza affirme que plusieurs centaines de civils ont \u00e9t\u00e9 tu\u00e9es par des tirs de soldats, de chars ou de drones isra\u00e9liens en tentant de rallier des centres de distribution d\u2019aide.<\/p>\n<\/p>\n<p>L\u2019<a href=\"https:\/\/www.20minutes.fr\/dossier\/armee_israelienne\" class=\"color-ultramarine c-link\" rel=\"nofollow noopener\" target=\"_blank\">arm\u00e9e isra\u00e9lienne<\/a> a incrimin\u00e9 de son c\u00f4t\u00e9 \u00e0 plusieurs reprises le mouvement islamiste palestinien <a href=\"https:\/\/www.20minutes.fr\/monde\/hamas\/\" class=\"color-ultramarine c-link\" rel=\"nofollow noopener\" target=\"_blank\">Hamas<\/a>, contre lequel elle est en guerre \u00e0 Gaza depuis le 7\u00a0octobre 2023, pour ces incidents meurtriers. Compte tenu des restrictions impos\u00e9es aux m\u00e9dias et des difficult\u00e9s d\u2019acc\u00e8s sur le terrain \u00e0 Gaza, il est extr\u00eamement difficile pour l\u2019AFP de v\u00e9rifier de mani\u00e8re ind\u00e9pendante les affirmations des deux camps.<\/p>\n<p><a href=\"https:\/\/www.20minutes.fr\/monde\/gaza\/\" class=\"c-link c-btn c-btn--primary\" rel=\"nofollow noopener\" target=\"_blank\">Notre dossier sur Gaza<\/a><\/p>\n<p>\u00ab\u00a0GHF a mis en garde \u00e0 plusieurs reprises contre des menaces cr\u00e9dibles de la part du Hamas, y compris des projets explicites de cibler le personnel am\u00e9ricain, les travailleurs humanitaires palestiniens et les civils qui d\u00e9pendent de nos sites pour se nourrir\u00a0\u00bb, \u00e9crit GHF, jugeant que \u00ab\u00a0l\u2019attaque d\u2019aujourd\u2019hui [samedi] confirme tragiquement ces avertissements\u00a0\u00bb.<\/p>\n","protected":false},"excerpt":{"rendered":"L\u2019attaque s\u2019est produite dans un centre de distribution d\u2019aide, dans le sud du territoire palestinien. La Fondation humanitaire&hellip;\n","protected":false},"author":2,"featured_media":228221,"comment_status":"","ping_status":"","sticky":false,"template":"","format":"standard","meta":{"footnotes":""},"categories":[5],"tags":[47,11,73,1011,27,665,3519,14,664,74,12,7612,28],"class_list":{"0":"post-228220","1":"post","2":"type-post","3":"status-publish","4":"format-standard","5":"has-post-thumbnail","7":"category-international","8":"tag-actualite","9":"tag-actualites","10":"tag-etats-unis","11":"tag-fr","12":"tag-france","13":"tag-gaza","14":"tag-hamas","15":"tag-international","16":"tag-israel","17":"tag-monde","18":"tag-news","19":"tag-proche-orient","20":"tag-world"},"share_on_mastodon":{"url":"https:\/\/pubeurope.com\/@fr\/114800905759469466","error":""},"_links":{"self":[{"href":"https:\/\/www.europesays.com\/fr\/wp-json\/wp\/v2\/posts\/228220","targetHints":{"allow":["GET"]}}],"collection":[{"href":"https:\/\/www.europesays.com\/fr\/wp-json\/wp\/v2\/posts"}],"about":[{"href":"https:\/\/www.europesays.com\/fr\/wp-json\/wp\/v2\/types\/post"}],"author":[{"embeddable":true,"href":"https:\/\/www.europesays.com\/fr\/wp-json\/wp\/v2\/users\/2"}],"replies":[{"embeddable":true,"href":"https:\/\/www.europesays.com\/fr\/wp-json\/wp\/v2\/comments?post=228220"}],"version-history":[{"count":0,"href":"https:\/\/www.europesays.com\/fr\/wp-json\/wp\/v2\/posts\/228220\/revisions"}],"wp:featuredmedia":[{"embeddable":true,"href":"https:\/\/www.europesays.com\/fr\/wp-json\/wp\/v2\/media\/228221"}],"wp:attachment":[{"href":"https:\/\/www.europesays.com\/fr\/wp-json\/wp\/v2\/media?parent=228220"}],"wp:term":[{"taxonomy":"category","embeddable":true,"href":"https:\/\/www.europesays.com\/fr\/wp-json\/wp\/v2\/categories?post=228220"},{"taxonomy":"post_tag","embeddable":true,"href":"https:\/\/www.europesays.com\/fr\/wp-json\/wp\/v2\/tags?post=228220"}],"curies":[{"name":"wp","href":"https:\/\/api.w.org\/{rel}","templated":true}]}}