{"id":228222,"date":"2025-07-05T13:39:09","date_gmt":"2025-07-05T13:39:09","guid":{"rendered":"https:\/\/www.europesays.com\/fr\/228222\/"},"modified":"2025-07-05T13:39:09","modified_gmt":"2025-07-05T13:39:09","slug":"sous-pression-lacquereur-dune-ferme-vendue-aux-encheres-jette-leponge","status":"publish","type":"post","link":"https:\/\/www.europesays.com\/fr\/228222\/","title":{"rendered":"Sous pression, l\u2019acqu\u00e9reur d\u2019une ferme vendue aux ench\u00e8res jette l\u2019\u00e9ponge"},"content":{"rendered":"<p>Lucas 18 ans souhaitait reprendre \u00e0 Mauvezin-sur-Gupie, dans <a href=\"https:\/\/www.20minutes.fr\/dossier\/lot_et_garonne\" class=\"color-ultramarine c-link\" target=\"_blank\" rel=\"noopener\">le Lot-et-Garonne<\/a>, la ferme de ses grands-parents, plac\u00e9e en liquidation judiciaire. Mais une surench\u00e8re de derni\u00e8re minute lui a fait passer l\u2019affaire sous le nez. L\u2019acqu\u00e9reur, <a href=\"https:\/\/www.20minutes.fr\/societe\/4161934-20250704-lot-garonne-si-su-retraite-brise-reve-jeune-agriculteur-defend\" class=\"color-ultramarine c-link\" target=\"_blank\" rel=\"noopener\">se d\u00e9fend en disant qu\u2019il ignorait la situation<\/a>. La pression est telle de la part de <a href=\"https:\/\/www.coordinationrurale.fr\/nos-cr-locales\/lot-et-garonne\/\" rel=\"nofollow noopener\" target=\"_blank\" class=\"color-ultramarine c-link\">la Coordination Rurale du Lot-et-Garonne<\/a>, majoritaire \u00e0 la chambre d\u2019agriculture, que le retrait\u00e9 vient d\u2019annoncer qu\u2019il souhaitait renoncer \u00e0 son acquisition, <a href=\"https:\/\/france3-regions.franceinfo.fr\/nouvelle-aquitaine\/lot-et-garonne\/agen\/il-n-en-peut-plus-de-ces-menaces-l-acheteur-d-une-ferme-a-11-000-euros-se-retire-sous-la-pression-de-la-coordination-rurale-3182745.html\" rel=\"nofollow noopener\" target=\"_blank\" class=\"color-ultramarine c-link\">annonce France 3 Nouvelle-Aquitaine.<\/a><\/p>\n<p>Le 19 juin, <a href=\"https:\/\/www.safer.fr\/\" rel=\"nofollow noopener\" target=\"_blank\" class=\"color-ultramarine c-link\">la SAFER (Soci\u00e9t\u00e9 d\u2019am\u00e9nagement foncier et d\u2019\u00e9tablissement rural)<\/a> formule une offre au nom du jeune homme, avec l\u2019aide de la chambre d\u2019agriculture du d\u00e9partement et de la Coordination rurale et elle est accept\u00e9e \u00e0 hauteur de 10.045 euros. Pensant faire une affaire un retrait\u00e9 surench\u00e9rit, assurant ne pas savoir qu\u2019un jeune souhaite reprendre la ferme. La Coordination est persuad\u00e9e de son c\u00f4t\u00e9 qu\u2019il savait.<\/p>\n<p>Menace d&rsquo;\u00ab\u00a0exercer une pression forte sur le terrain\u00a0\u00bb<\/p>\n<p>Le 3 juillet, <a href=\"https:\/\/www.facebook.com\/47CoordinationRurale\/posts\/pfbid02KYeuAtg4aUbDCyci3TjRstSCbSHKg29bFeLy5VRPSpXASiceDsWxdFiK9ZGoXYGsl\" rel=\"nofollow noopener\" target=\"_blank\" class=\"color-ultramarine c-link\">dans une lettre ouverte au pr\u00e9fet<\/a>, la Coordination Rurale du Lot-et-Garonne menace \u00ab\u00a0d\u2019exercer une pression forte sur le terrain\u00a0\u00bb si la vente ne se fait pas au profit du jeune Lucas. Sur les r\u00e9seaux sociaux, la pression est mise \u00e9galement sur l\u2019acqu\u00e9reur. Celui-ci finit par renoncer. \u00ab\u00a0Au vu de ce qu\u2019il sait d\u00e9sormais, il ne veut pas aller au bout de la surench\u00e8re, car c\u2019est contraire \u00e0 ses principes moraux, commente son avocat ma\u00eetre Alexandre Novion aupr\u00e8s de France 3. Il souhaite abandonner.\u00a0\u00bb<\/p>\n<\/p>\n<p>Dans un communiqu\u00e9 publi\u00e9 ce vendredi, le premier pr\u00e9sident de la cour d\u2019appel d\u2019Agen et le procureur g\u00e9n\u00e9ral rappellent que \u00ab\u00a0le fait, dans une adjudication publique, d\u2019entraver ou de troubler la libert\u00e9 des ench\u00e8res ou des soumissions, par violences, voies de fait ou menaces est un d\u00e9lit correctionnel puni d\u2019une peine de six mois d\u2019emprisonnement et de 22.500 euros d\u2019amende.\u00a0\u00bb<\/p>\n<p><a href=\"https:\/\/www.20minutes.fr\/dossier\/agriculture\" class=\"c-link c-btn c-btn--primary\" target=\"_blank\" rel=\"noopener\">Toutes nos infos sur l&rsquo;agriculture<\/a><\/p>\n<p>L\u2019acqu\u00e9reur pris pour cible envisage de \u00ab\u00a0d\u00e9poser une plainte devant le procureur de la R\u00e9publique pour violences, menaces et mise en danger d\u2019autrui\u00a0\u00bb, confirme son avocat Me Novion.<\/p>\n","protected":false},"excerpt":{"rendered":"Lucas 18 ans souhaitait reprendre \u00e0 Mauvezin-sur-Gupie, dans le Lot-et-Garonne, la ferme de ses grands-parents, plac\u00e9e en liquidation&hellip;\n","protected":false},"author":2,"featured_media":228223,"comment_status":"","ping_status":"","sticky":false,"template":"","format":"standard","meta":{"footnotes":""},"categories":[4],"tags":[47,11,2572,327,3177,1011,27,8838,12,2219,3764,25,104],"class_list":{"0":"post-228222","1":"post","2":"type-post","3":"status-publish","4":"format-standard","5":"has-post-thumbnail","7":"category-france","8":"tag-actualite","9":"tag-actualites","10":"tag-agriculteurs","11":"tag-agriculture","12":"tag-aquitaine","13":"tag-fr","14":"tag-france","15":"tag-lot-et-garonne","16":"tag-news","17":"tag-nouvelle-aquitaine","18":"tag-procureur-de-la-republique","19":"tag-republique-francaise","20":"tag-societe"},"share_on_mastodon":{"url":"https:\/\/pubeurope.com\/@fr\/114800909882189667","error":""},"_links":{"self":[{"href":"https:\/\/www.europesays.com\/fr\/wp-json\/wp\/v2\/posts\/228222","targetHints":{"allow":["GET"]}}],"collection":[{"href":"https:\/\/www.europesays.com\/fr\/wp-json\/wp\/v2\/posts"}],"about":[{"href":"https:\/\/www.europesays.com\/fr\/wp-json\/wp\/v2\/types\/post"}],"author":[{"embeddable":true,"href":"https:\/\/www.europesays.com\/fr\/wp-json\/wp\/v2\/users\/2"}],"replies":[{"embeddable":true,"href":"https:\/\/www.europesays.com\/fr\/wp-json\/wp\/v2\/comments?post=228222"}],"version-history":[{"count":0,"href":"https:\/\/www.europesays.com\/fr\/wp-json\/wp\/v2\/posts\/228222\/revisions"}],"wp:featuredmedia":[{"embeddable":true,"href":"https:\/\/www.europesays.com\/fr\/wp-json\/wp\/v2\/media\/228223"}],"wp:attachment":[{"href":"https:\/\/www.europesays.com\/fr\/wp-json\/wp\/v2\/media?parent=228222"}],"wp:term":[{"taxonomy":"category","embeddable":true,"href":"https:\/\/www.europesays.com\/fr\/wp-json\/wp\/v2\/categories?post=228222"},{"taxonomy":"post_tag","embeddable":true,"href":"https:\/\/www.europesays.com\/fr\/wp-json\/wp\/v2\/tags?post=228222"}],"curies":[{"name":"wp","href":"https:\/\/api.w.org\/{rel}","templated":true}]}}