{"id":228226,"date":"2025-07-05T13:41:23","date_gmt":"2025-07-05T13:41:23","guid":{"rendered":"https:\/\/www.europesays.com\/fr\/228226\/"},"modified":"2025-07-05T13:41:23","modified_gmt":"2025-07-05T13:41:23","slug":"saint-chamond-la-plage-sinstalle-du-5-au-13-juillet-au-square-croix-gauthier","status":"publish","type":"post","link":"https:\/\/www.europesays.com\/fr\/228226\/","title":{"rendered":"Saint-Chamond. La plage s\u2019installe du 5 au 13\u00a0juillet au square Croix-Gauthier"},"content":{"rendered":"<p>Transats et parasols, after works et d\u00e9fil\u00e9s, concerts et soir\u00e9es festives, buvette et restauration, structures gonflables\u2026 Pendant une semaine, un parfum de vacances et de bord de mer flottera \u00e0 Saint-Chamond\u00a0! Une nouvelle animation ludique sera propos\u00e9e pour l\u2019occasion\u00a0: la \u00ab\u00a0roue des lots\u00a0\u00bb. Le principe est simple\u00a0: les passants pourront faire tourner la roue et tenter de remporter un lot ou un goodie\u00a0!<\/p>\n<p class=\"note\">Du 5 au 13\u00a0juillet, tous les jours de 10 \u00e0 21\u00a0h. Square Croix-Gauthier. Entr\u00e9e payante. Rens. https:\/\/saint-chamond.fr\/<\/p>\n","protected":false},"excerpt":{"rendered":"Transats et parasols, after works et d\u00e9fil\u00e9s, concerts et soir\u00e9es festives, buvette et restauration, structures gonflables\u2026 Pendant une&hellip;\n","protected":false},"author":2,"featured_media":228227,"comment_status":"","ping_status":"","sticky":false,"template":"","format":"standard","meta":{"footnotes":""},"categories":[9653],"tags":[1111,11,2430,1687,7539,1777,674,1011,27,12,25,9669,9670,4001],"class_list":{"0":"post-228226","1":"post","2":"type-post","3":"status-publish","4":"format-standard","5":"has-post-thumbnail","7":"category-saint-etienne","8":"tag-actu","9":"tag-actualites","10":"tag-auvergne-rhone-alpes","11":"tag-culture-loisirs","12":"tag-edition-loire-sud","13":"tag-eu","14":"tag-europe","15":"tag-fr","16":"tag-france","17":"tag-news","18":"tag-republique-francaise","19":"tag-saint-chamond","20":"tag-saint-chamond-ville","21":"tag-saint-etienne"},"share_on_mastodon":{"url":"https:\/\/pubeurope.com\/@fr\/114800917524766603","error":""},"_links":{"self":[{"href":"https:\/\/www.europesays.com\/fr\/wp-json\/wp\/v2\/posts\/228226","targetHints":{"allow":["GET"]}}],"collection":[{"href":"https:\/\/www.europesays.com\/fr\/wp-json\/wp\/v2\/posts"}],"about":[{"href":"https:\/\/www.europesays.com\/fr\/wp-json\/wp\/v2\/types\/post"}],"author":[{"embeddable":true,"href":"https:\/\/www.europesays.com\/fr\/wp-json\/wp\/v2\/users\/2"}],"replies":[{"embeddable":true,"href":"https:\/\/www.europesays.com\/fr\/wp-json\/wp\/v2\/comments?post=228226"}],"version-history":[{"count":0,"href":"https:\/\/www.europesays.com\/fr\/wp-json\/wp\/v2\/posts\/228226\/revisions"}],"wp:featuredmedia":[{"embeddable":true,"href":"https:\/\/www.europesays.com\/fr\/wp-json\/wp\/v2\/media\/228227"}],"wp:attachment":[{"href":"https:\/\/www.europesays.com\/fr\/wp-json\/wp\/v2\/media?parent=228226"}],"wp:term":[{"taxonomy":"category","embeddable":true,"href":"https:\/\/www.europesays.com\/fr\/wp-json\/wp\/v2\/categories?post=228226"},{"taxonomy":"post_tag","embeddable":true,"href":"https:\/\/www.europesays.com\/fr\/wp-json\/wp\/v2\/tags?post=228226"}],"curies":[{"name":"wp","href":"https:\/\/api.w.org\/{rel}","templated":true}]}}