{"id":228228,"date":"2025-07-05T13:42:25","date_gmt":"2025-07-05T13:42:25","guid":{"rendered":"https:\/\/www.europesays.com\/fr\/228228\/"},"modified":"2025-07-05T13:42:25","modified_gmt":"2025-07-05T13:42:25","slug":"football-las-cannes-se-renforce-avec-des-anciens-verts","status":"publish","type":"post","link":"https:\/\/www.europesays.com\/fr\/228228\/","title":{"rendered":"Football. L\u2019AS Cannes se renforce avec des anciens Verts"},"content":{"rendered":"<p>L\u2019AS Cannes a recrut\u00e9 fort. Sur le plan mercato pour les joueurs avec la pr\u00e9sence de S\u00e9bastien Corchia, mais \u00e9galement du c\u00f4t\u00e9 du staff et au sein du club. En effet, apr\u00e8s signature de l\u2019ex-d\u00e9fenseur de l\u2019ASSE S\u00e9bastien Perez comme coordinateur sportif en mars\u00a02024, c\u2019est d\u00e9sormais <a href=\"https:\/\/www.leprogres.fr\/sport\/2020\/07\/28\/gregory-coupet-je-suis-fan-de-la-technique-de-jessy-moulin\" target=\"_blank\" rel=\"noopener\">Gr\u00e9gory Coupet, un autre joueur de l\u2019AS Saint-\u00c9tienne<\/a> qui a rejoint l\u2019AS Cannes en tant qu\u2019entra\u00eeneur des gardiens.<\/p>\n<p>Ce contenu est bloqu\u00e9 car vous n&rsquo;avez pas accept\u00e9 les cookies et autres traceurs.<\/p>\n<p>En cliquant sur \u00ab J\u2019accepte \u00bb, les cookies et autres traceurs seront d\u00e9pos\u00e9s et vous pourrez visualiser les contenus  (<a href=\"\" class=\"consentModule_policy\" target=\"_blank\" title=\"Consulter la politique de protection des donn\u00e9es du fournisseur\">plus d&rsquo;informations<\/a>).<\/p>\n<p>En cliquant sur \u00ab J\u2019accepte tous les cookies \u00bb, vous autorisez des d\u00e9p\u00f4ts de cookies et autres traceurs pour le stockage de vos donn\u00e9es sur nos sites et applications \u00e0 des fins de personnalisation et de ciblage publicitaire.<\/p>\n<p class=\"consentModule_secondaryText\">Vous gardez la possibilit\u00e9 de retirer votre consentement \u00e0 tout moment en consultant notre <a href=\"https:\/\/www.leprogres.fr\/protection-des-donnees\" target=\"_blank\" title=\"Consulter notre politique de protection des donn\u00e9es\" rel=\"noopener\">politique de protection des donn\u00e9es<\/a>. <br \/>&#13;<br \/>\n            <a href=\"https:\/\/www.leprogres.fr\/sport\/2025\/07\/04\/javascript:Didomi.notice.show()\" class=\"consentModule_cmp\" target=\"_blank\" rel=\"noopener\">G\u00e9rer mes choix<\/a>&#13;\n        <\/p>\n<p>&#13;<br \/>\n                        J&rsquo;accepte&#13;<br \/>\n            J&rsquo;accepte tous les cookies&#13;\n        <\/p>\n<p>\u00c0 cela, il faut ajouter la pr\u00e9sence de Xavier Bru, tr\u00e9sorier de l\u2019ASC. Le club cannois propri\u00e9t\u00e9 de l\u2019Am\u00e9ricain Dan Friedkin (il poss\u00e8de \u00e9galement l\u2019AS Rome) est pr\u00e9sident par son fils, Ryan. L\u2019ambition des dirigeants est de poursuivre le redressement de l\u2019institution et de viser \u00e0 une mont\u00e9e en National le plus rapidement possible. Pour se doter de tous les moyens, Morgan Amalfitano qui a effectu\u00e9 toute sa formation \u00e0 l\u2019AS Cannes (1993-2004) est de retour au bercail comme analyste vid\u00e9o. L\u2019AS Cannes se structure pour revenir sur le devant de la sc\u00e8ne.<\/p>\n<p class=\"note\">L\u2019AS Cannes sera en stage au Chambon-sur-Lignon du 27 au 30\u00a0juillet.<\/p>\n","protected":false},"excerpt":{"rendered":"L\u2019AS Cannes a recrut\u00e9 fort. Sur le plan mercato pour les joueurs avec la pr\u00e9sence de S\u00e9bastien Corchia,&hellip;\n","protected":false},"author":2,"featured_media":228229,"comment_status":"","ping_status":"","sticky":false,"template":"","format":"standard","meta":{"footnotes":""},"categories":[9653],"tags":[1111,11,4000,2430,7539,1777,674,63,1011,27,12,2755,25,4001,7538,517],"class_list":{"0":"post-228228","1":"post","2":"type-post","3":"status-publish","4":"format-standard","5":"has-post-thumbnail","7":"category-saint-etienne","8":"tag-actu","9":"tag-actualites","10":"tag-asse-as-saint-etienne-football","11":"tag-auvergne-rhone-alpes","12":"tag-edition-loire-sud","13":"tag-eu","14":"tag-europe","15":"tag-football","16":"tag-fr","17":"tag-france","18":"tag-news","19":"tag-ol-olympique-lyonnais-football","20":"tag-republique-francaise","21":"tag-saint-etienne","22":"tag-saint-etienne-ville","23":"tag-sport"},"share_on_mastodon":{"url":"https:\/\/pubeurope.com\/@fr\/114800921352298563","error":""},"_links":{"self":[{"href":"https:\/\/www.europesays.com\/fr\/wp-json\/wp\/v2\/posts\/228228","targetHints":{"allow":["GET"]}}],"collection":[{"href":"https:\/\/www.europesays.com\/fr\/wp-json\/wp\/v2\/posts"}],"about":[{"href":"https:\/\/www.europesays.com\/fr\/wp-json\/wp\/v2\/types\/post"}],"author":[{"embeddable":true,"href":"https:\/\/www.europesays.com\/fr\/wp-json\/wp\/v2\/users\/2"}],"replies":[{"embeddable":true,"href":"https:\/\/www.europesays.com\/fr\/wp-json\/wp\/v2\/comments?post=228228"}],"version-history":[{"count":0,"href":"https:\/\/www.europesays.com\/fr\/wp-json\/wp\/v2\/posts\/228228\/revisions"}],"wp:featuredmedia":[{"embeddable":true,"href":"https:\/\/www.europesays.com\/fr\/wp-json\/wp\/v2\/media\/228229"}],"wp:attachment":[{"href":"https:\/\/www.europesays.com\/fr\/wp-json\/wp\/v2\/media?parent=228228"}],"wp:term":[{"taxonomy":"category","embeddable":true,"href":"https:\/\/www.europesays.com\/fr\/wp-json\/wp\/v2\/categories?post=228228"},{"taxonomy":"post_tag","embeddable":true,"href":"https:\/\/www.europesays.com\/fr\/wp-json\/wp\/v2\/tags?post=228228"}],"curies":[{"name":"wp","href":"https:\/\/api.w.org\/{rel}","templated":true}]}}