{"id":228230,"date":"2025-07-05T13:43:10","date_gmt":"2025-07-05T13:43:10","guid":{"rendered":"https:\/\/www.europesays.com\/fr\/228230\/"},"modified":"2025-07-05T13:43:10","modified_gmt":"2025-07-05T13:43:10","slug":"nancy-lycee-saint-dominique-bac-2025-mention-tres-bien-capucine-ougier-17-ans-bac-general","status":"publish","type":"post","link":"https:\/\/www.europesays.com\/fr\/228230\/","title":{"rendered":"Nancy, lyc\u00e9e Saint-Dominique | Bac 2025 Mention Tr\u00e8s Bien. Capucine Ougier, 17 ans, bac g\u00e9n\u00e9ral"},"content":{"rendered":"<p>Capucine Ougier, 17 ans, de Saint-Max, a d\u00e9croch\u00e9 son bac g\u00e9n\u00e9ral math\u00e9matiques et SVT option arts avec mention tr\u00e8s bien. Passionn\u00e9e de hockey sur glace, elle soutient l&rsquo;\u00e9quipe d&rsquo;\u00c9pinal avec sa m\u00e8re. Elle a obtenu la note de 20 au Grand oral, m\u00eame si les SVT sont sa mati\u00e8re pr\u00e9f\u00e9r\u00e9e. Tr\u00e8s heureuse et surprise par cette mention, elle a partag\u00e9 ce moment avec sa famille. Capucine Ougier, qui appr\u00e9cie la lecture et les langues vivantes, s&rsquo;appr\u00eate \u00e0 int\u00e9grer une classe pr\u00e9paratoire BCPST au lyc\u00e9e Henri-Poincar\u00e9 \u00e0 Nancy. Elle vise une carri\u00e8re dans la protection de l&rsquo;environnement.<\/p>\n<p>\u270e R\u00e9dig\u00e9 avec l&rsquo;aide d&rsquo;outils IA et v\u00e9rifi\u00e9 par un journaliste \ud83d\udec8 En savoir plus avec la charte IA d&rsquo;Ebra.<\/p>\n","protected":false},"excerpt":{"rendered":"Capucine Ougier, 17 ans, de Saint-Max, a d\u00e9croch\u00e9 son bac g\u00e9n\u00e9ral math\u00e9matiques et SVT option arts avec mention&hellip;\n","protected":false},"author":2,"featured_media":228231,"comment_status":"","ping_status":"","sticky":false,"template":"","format":"standard","meta":{"footnotes":""},"categories":[9635],"tags":[1111,11,36609,1704,1057,1777,674,10961,1011,27,775,1702,1703,12,25],"class_list":{"0":"post-228230","1":"post","2":"type-post","3":"status-publish","4":"format-standard","5":"has-post-thumbnail","7":"category-nancy","8":"tag-actu","9":"tag-actualites","10":"tag-baccalaureat-mention-tres-bien","11":"tag-edition-nancy-et-agglomeration","12":"tag-education","13":"tag-eu","14":"tag-europe","15":"tag-examen-diplome","16":"tag-fr","17":"tag-france","18":"tag-grand-est","19":"tag-nancy","20":"tag-nancy-ville-54b","21":"tag-news","22":"tag-republique-francaise"},"share_on_mastodon":{"url":"https:\/\/pubeurope.com\/@fr\/114800925323020878","error":""},"_links":{"self":[{"href":"https:\/\/www.europesays.com\/fr\/wp-json\/wp\/v2\/posts\/228230","targetHints":{"allow":["GET"]}}],"collection":[{"href":"https:\/\/www.europesays.com\/fr\/wp-json\/wp\/v2\/posts"}],"about":[{"href":"https:\/\/www.europesays.com\/fr\/wp-json\/wp\/v2\/types\/post"}],"author":[{"embeddable":true,"href":"https:\/\/www.europesays.com\/fr\/wp-json\/wp\/v2\/users\/2"}],"replies":[{"embeddable":true,"href":"https:\/\/www.europesays.com\/fr\/wp-json\/wp\/v2\/comments?post=228230"}],"version-history":[{"count":0,"href":"https:\/\/www.europesays.com\/fr\/wp-json\/wp\/v2\/posts\/228230\/revisions"}],"wp:featuredmedia":[{"embeddable":true,"href":"https:\/\/www.europesays.com\/fr\/wp-json\/wp\/v2\/media\/228231"}],"wp:attachment":[{"href":"https:\/\/www.europesays.com\/fr\/wp-json\/wp\/v2\/media?parent=228230"}],"wp:term":[{"taxonomy":"category","embeddable":true,"href":"https:\/\/www.europesays.com\/fr\/wp-json\/wp\/v2\/categories?post=228230"},{"taxonomy":"post_tag","embeddable":true,"href":"https:\/\/www.europesays.com\/fr\/wp-json\/wp\/v2\/tags?post=228230"}],"curies":[{"name":"wp","href":"https:\/\/api.w.org\/{rel}","templated":true}]}}