{"id":228236,"date":"2025-07-05T13:46:28","date_gmt":"2025-07-05T13:46:28","guid":{"rendered":"https:\/\/www.europesays.com\/fr\/228236\/"},"modified":"2025-07-05T13:46:28","modified_gmt":"2025-07-05T13:46:28","slug":"municipales-2026-laure-lavalette-donnee-tres-largement-en-tete-a-toulon","status":"publish","type":"post","link":"https:\/\/www.europesays.com\/fr\/228236\/","title":{"rendered":"Municipales 2026 : Laure Lavalette donn\u00e9e tr\u00e8s largement en t\u00eate \u00e0 Toulon"},"content":{"rendered":"<p>\tMunicipales 2026 : Laure Lavalette donn\u00e9e tr\u00e8s largement en t\u00eate \u00e0 Toulon &#8211; Valeurs actuelles<\/p>\n<p><a href=\"https:\/\/www.valeursactuelles.com\/\" target=\"_blank\" rel=\"noopener\">Accueil<\/a> \u00bb <a href=\"https:\/\/www.valeursactuelles.com\/politique\" target=\"_blank\" rel=\"noopener\">Politique<\/a> \u00bb Municipales 2026 : Laure Lavalette donn\u00e9e tr\u00e8s largement en t\u00eate \u00e0 Toulon<\/p>\n<p>            la boutique <img decoding=\"async\" class=\"lazy\" src=\"https:\/\/www.valeursactuelles.com\/assets\/themes\/krea-theme\/images\/valeurs-actuelles-yellow.svg\" title=\"Valeurs actuelles\"\/><\/p>\n<p>                                                            <img decoding=\"async\" class=\"lazy\" src=\"https:\/\/www.europesays.com\/fr\/wp-content\/uploads\/2025\/06\/VA_HS39_001B.jpg\"\/><\/p>\n<p>                                                    Voir le produit<\/p>\n<p>                                                            <img decoding=\"async\" class=\"lazy\" src=\"https:\/\/www.europesays.com\/fr\/wp-content\/uploads\/2025\/06\/WhatsApp-Image-2024-05-28-a-11.48.56_25edefee-1.jpg\"\/><\/p>\n<p>                                                    Voir le produit<\/p>\n<p>                                                            <img decoding=\"async\" class=\"lazy\" src=\"https:\/\/www.europesays.com\/fr\/wp-content\/uploads\/2025\/06\/SM017_001.jpg\"\/><\/p>\n<p>                                                    Voir le produit<\/p>\n","protected":false},"excerpt":{"rendered":"Municipales 2026 : Laure Lavalette donn\u00e9e tr\u00e8s largement en t\u00eate \u00e0 Toulon &#8211; Valeurs actuelles Accueil \u00bb Politique&hellip;\n","protected":false},"author":2,"featured_media":228237,"comment_status":"","ping_status":"","sticky":false,"template":"","format":"standard","meta":{"footnotes":""},"categories":[9619],"tags":[1111,11,1777,674,1011,27,1077,36671,430,3434,12,882,1078,25,2310],"class_list":{"0":"post-228236","1":"post","2":"type-post","3":"status-publish","4":"format-standard","5":"has-post-thumbnail","7":"category-toulon","8":"tag-actu","9":"tag-actualites","10":"tag-eu","11":"tag-europe","12":"tag-fr","13":"tag-france","14":"tag-jordan-bardella","15":"tag-laure-lavalette","16":"tag-marine-le-pen","17":"tag-municipales-2026","18":"tag-news","19":"tag-provence-alpes-cote-dazur","20":"tag-rassemblement-national","21":"tag-republique-francaise","22":"tag-toulon"},"share_on_mastodon":{"url":"https:\/\/pubeurope.com\/@fr\/114800937538086484","error":""},"_links":{"self":[{"href":"https:\/\/www.europesays.com\/fr\/wp-json\/wp\/v2\/posts\/228236","targetHints":{"allow":["GET"]}}],"collection":[{"href":"https:\/\/www.europesays.com\/fr\/wp-json\/wp\/v2\/posts"}],"about":[{"href":"https:\/\/www.europesays.com\/fr\/wp-json\/wp\/v2\/types\/post"}],"author":[{"embeddable":true,"href":"https:\/\/www.europesays.com\/fr\/wp-json\/wp\/v2\/users\/2"}],"replies":[{"embeddable":true,"href":"https:\/\/www.europesays.com\/fr\/wp-json\/wp\/v2\/comments?post=228236"}],"version-history":[{"count":0,"href":"https:\/\/www.europesays.com\/fr\/wp-json\/wp\/v2\/posts\/228236\/revisions"}],"wp:featuredmedia":[{"embeddable":true,"href":"https:\/\/www.europesays.com\/fr\/wp-json\/wp\/v2\/media\/228237"}],"wp:attachment":[{"href":"https:\/\/www.europesays.com\/fr\/wp-json\/wp\/v2\/media?parent=228236"}],"wp:term":[{"taxonomy":"category","embeddable":true,"href":"https:\/\/www.europesays.com\/fr\/wp-json\/wp\/v2\/categories?post=228236"},{"taxonomy":"post_tag","embeddable":true,"href":"https:\/\/www.europesays.com\/fr\/wp-json\/wp\/v2\/tags?post=228236"}],"curies":[{"name":"wp","href":"https:\/\/api.w.org\/{rel}","templated":true}]}}