{"id":228240,"date":"2025-07-05T13:48:16","date_gmt":"2025-07-05T13:48:16","guid":{"rendered":"https:\/\/www.europesays.com\/fr\/228240\/"},"modified":"2025-07-05T13:48:16","modified_gmt":"2025-07-05T13:48:16","slug":"feu-de-vegetation-entre-beziers-et-montpellier","status":"publish","type":"post","link":"https:\/\/www.europesays.com\/fr\/228240\/","title":{"rendered":"feu de v\u00e9g\u00e9tation entre B\u00e9ziers et Montpellier"},"content":{"rendered":"<p>\n\t\t\t\t\tUn feu de v\u00e9g\u00e9tation s&rsquo;est d\u00e9clar\u00e9 sur l&rsquo;autoroute A9 entre Montpellier et B\u00e9ziers ce samedi 5 juillet.\t\t\t\t<\/p>\n<p>Un important incendie de v\u00e9g\u00e9tation est en cours au bord de l\u2019autoroute A9, entre <a href=\"https:\/\/infoccitanie.fr\/tag\/montpellier\/\" rel=\"nofollow noopener\" target=\"_blank\">Montpellier <\/a>et <a href=\"https:\/\/infoccitanie.fr\/tag\/beziers\/\" rel=\"nofollow noopener\" target=\"_blank\">B\u00e9ziers<\/a>, au niveau du kilom\u00e8tre 115, en direction de Lyon \u00e0 la sortie 7, pr\u00e8s de Fabr\u00e8gues.<\/p>\n<p>Les services de secours interviennent sur place. Le massif de la Gardiole est menac\u00e9 par les flammes. Des moyens a\u00e9riens sont demand\u00e9s en renfort. Plus d\u2019informations \u00e0 suivre. <\/p>\n<p><img fetchpriority=\"high\" decoding=\"async\" width=\"1024\" height=\"536\" src=\"https:\/\/www.europesays.com\/fr\/wp-content\/uploads\/2025\/07\/706-autoroute-a9-feu-vegetation-entre-beziers-montpe-1024x536.jpg\" alt=\"\" class=\"wp-image-119906\"  \/>DR \/ L\u2019incendie s\u2019est d\u00e9clar\u00e9 aux alentours de 13h30<br \/>\n<a data-no-instant=\"1\" href=\"https:\/\/www.vinci-autoroutes.com\/fr\/actualites\/services-et-aires\/programme-animations-gratuites-sur-aires-2025\/\" rel=\"noopener nofollow\" class=\"a2t-link\" aria-label=\"427-image\" target=\"_blank\"><img decoding=\"async\" loading=\"lazy\" src=\"https:\/\/www.europesays.com\/fr\/wp-content\/uploads\/2025\/07\/427-image.jpeg\" alt=\"\"   width=\"1150\" height=\"300\"\/><\/a>\t\t\t\t<\/p>\n","protected":false},"excerpt":{"rendered":"Un feu de v\u00e9g\u00e9tation s&rsquo;est d\u00e9clar\u00e9 sur l&rsquo;autoroute A9 entre Montpellier et B\u00e9ziers ce samedi 5 juillet. Un&hellip;\n","protected":false},"author":2,"featured_media":228241,"comment_status":"","ping_status":"","sticky":false,"template":"","format":"standard","meta":{"footnotes":""},"categories":[9599],"tags":[1111,11,1777,674,1011,27,1310,2208,12,2680,25],"class_list":{"0":"post-228240","1":"post","2":"type-post","3":"status-publish","4":"format-standard","5":"has-post-thumbnail","7":"category-montpellier","8":"tag-actu","9":"tag-actualites","10":"tag-eu","11":"tag-europe","12":"tag-fr","13":"tag-france","14":"tag-incendie","15":"tag-montpellier","16":"tag-news","17":"tag-occitanie","18":"tag-republique-francaise"},"share_on_mastodon":{"url":"https:\/\/pubeurope.com\/@fr\/114800945174030937","error":""},"_links":{"self":[{"href":"https:\/\/www.europesays.com\/fr\/wp-json\/wp\/v2\/posts\/228240","targetHints":{"allow":["GET"]}}],"collection":[{"href":"https:\/\/www.europesays.com\/fr\/wp-json\/wp\/v2\/posts"}],"about":[{"href":"https:\/\/www.europesays.com\/fr\/wp-json\/wp\/v2\/types\/post"}],"author":[{"embeddable":true,"href":"https:\/\/www.europesays.com\/fr\/wp-json\/wp\/v2\/users\/2"}],"replies":[{"embeddable":true,"href":"https:\/\/www.europesays.com\/fr\/wp-json\/wp\/v2\/comments?post=228240"}],"version-history":[{"count":0,"href":"https:\/\/www.europesays.com\/fr\/wp-json\/wp\/v2\/posts\/228240\/revisions"}],"wp:featuredmedia":[{"embeddable":true,"href":"https:\/\/www.europesays.com\/fr\/wp-json\/wp\/v2\/media\/228241"}],"wp:attachment":[{"href":"https:\/\/www.europesays.com\/fr\/wp-json\/wp\/v2\/media?parent=228240"}],"wp:term":[{"taxonomy":"category","embeddable":true,"href":"https:\/\/www.europesays.com\/fr\/wp-json\/wp\/v2\/categories?post=228240"},{"taxonomy":"post_tag","embeddable":true,"href":"https:\/\/www.europesays.com\/fr\/wp-json\/wp\/v2\/tags?post=228240"}],"curies":[{"name":"wp","href":"https:\/\/api.w.org\/{rel}","templated":true}]}}