{"id":228242,"date":"2025-07-05T13:49:10","date_gmt":"2025-07-05T13:49:10","guid":{"rendered":"https:\/\/www.europesays.com\/fr\/228242\/"},"modified":"2025-07-05T13:49:10","modified_gmt":"2025-07-05T13:49:10","slug":"le-nouveau-jardin-traversant-de-darnetal-inaugure-et-nomme-en-hommage-a-catherine-houx","status":"publish","type":"post","link":"https:\/\/www.europesays.com\/fr\/228242\/","title":{"rendered":"Le nouveau jardin traversant de Darn\u00e9tal inaugur\u00e9 et nomm\u00e9 en hommage \u00e0 Catherine Houx"},"content":{"rendered":"<p>            Par<br \/>\n        <strong><br \/>\n            <a href=\"https:\/\/actu.fr\/auteur\/isabellevilly\" title=\"Consulter tous les articles de Isabelle Villy\" target=\"_blank\" rel=\"noopener\">Isabelle Villy<\/a><br \/>\n        <\/strong><\/p>\n<p>        Publi\u00e9 le<\/p>\n<p>            5 juil. 2025 \u00e0 15h02        <\/p>\n<p>La fra\u00eecheur du <strong>jardin traversant<\/strong> de Darn\u00e9tal, pr\u00e8s de <a href=\"https:\/\/actu.fr\/normandie\/rouen_76540\/trois-jeunes-ages-de-15-a-20-ans-arretes-pour-des-vols-a-la-roulotte-a-rouen-dans-la-nuit_62867332.html\" target=\"_blank\" rel=\"noopener\">Rouen (Seine-Maritime)<\/a>, \u00e9tait r\u00e9confortante, mercredi 25 juin, sous la chaleur \u00e9touffante. Au c\u0153ur du <strong>quartier du Robec<\/strong>, le maire Christopher Langlois, en pr\u00e9sence d\u2019une grande partie de son \u00e9quipe municipale, est ainsi venu d\u00e9voiler une plaque appos\u00e9e sur les grilles du jardin, qui portera d\u00e9sormais le nom de<strong> Catherine-Houx<\/strong>.<\/p>\n<p class=\" wall-content\">En pr\u00e9sence d\u2019Alexane, Pierre et Marie, les trois enfants de Catherine Houx, et de sa m\u00e8re, Fran\u00e7oise Houx, le maire a rendu <strong>un vibrant hommage<\/strong> \u00e0 la disparue, avec une \u00e9motion palpable et partag\u00e9e par toutes les personnes pr\u00e9sentes.<\/p>\n<p>Catherine Houx a marqu\u00e9 des g\u00e9n\u00e9rations d\u2019\u00e9coliers darn\u00e9talais<\/p>\n<p class=\" wall-content\">\u00ab Ce jardin n\u2019est pas seulement un projet d\u2019am\u00e9nagement urbain. <strong>Il est avant tout un hommage<\/strong>. Un hommage \u00e0 une femme dont la m\u00e9moire reste vive dans le c\u0153ur des Darn\u00e9talais. Une femme dont les valeurs ont inspir\u00e9 toute une vie : Catherine Houx \u00bb, a exprim\u00e9 Christopher Langlois, soulignant quelle enseignante passionn\u00e9e et qui a \u00e9t\u00e9 une directrice d\u2019\u00e9cole \u00ab<strong> rigoureuse, bienveillante et profond\u00e9ment investie<\/strong> aupr\u00e8s des enfants et des familles, qui a marqu\u00e9 des g\u00e9n\u00e9rations enti\u00e8res de petits Darn\u00e9talais \u00bb.<\/p>\n<p class=\" wall-content\">Au-del\u00e0 de ces qualit\u00e9s professionnelles, Catherine Houx \u00e9tait aussi impliqu\u00e9e pour la Ville de Darn\u00e9tal. <strong>\u00c9lue d\u00e8s 2008<\/strong>, elle est devenue adjointe au maire Christian Lecerf, de 2012 \u00e0 2020 : elle \u00e9tait logiquement en charge de la jeunesse et des affaires scolaires.<\/p>\n<p>    <img   decoding=\"async\" loading=\"lazy\" class=\"size-large\" src=\"https:\/\/www.europesays.com\/fr\/wp-content\/uploads\/2025\/07\/46abc6405e5861cabc6405e5810bbcv-768x640.jpg\" alt=\"Darn\u00e9tal jardin catherine houx\" width=\"768\" height=\"640\"\/><br \/>\n    Promenade rafra\u00eechissante dans le jardin traversant qui porte d\u00e9sormais le nom de Catherine Houx.\u00a0 \u00a9Isabelle VILLY<\/p>\n<p class=\" wall-content\">\u00ab Elle portait ses dossiers avec une conviction, une pr\u00e9sence, un charisme dont chacun ici se souvient encore. <strong>Elle \u00e9coutait, elle proposait, elle avan\u00e7ait.<\/strong> Toujours au service des autres \u00bb, s\u2019est souvenu Christopher Langlois, estimant qu\u2019elle \u00e9tait l\u2019expression m\u00eame de l\u2019int\u00e9r\u00eat g\u00e9n\u00e9ral au quotidien.<\/p>\n<p>Vid\u00e9os : en ce moment sur Actu<\/p>\n<blockquote class=\"ac-article-quote wall-content\">\n<p>Chaque fois qu\u2019un enfant jouera ici, chaque fois qu\u2019un promeneur s\u2019y arr\u00eatera, chaque fois qu\u2019une famille s\u2019y retrouvera, un peu de Catherine vivra encore avec nous.<\/p>\n<p>Christopher Langlois<\/p><\/blockquote>\n<p class=\" wall-content\">Exemplaire, Catherine Houx \u00e9tait, pour ceux qui l\u2019ont c\u00f4toy\u00e9e, une r\u00e9f\u00e9rence et une source d\u2019inspiration, avec des qualit\u00e9s humaines que tous lui reconnaissaient. \u00ab Elle nous manque. Et elle nous manquera longtemps encore \u00bb, a ajout\u00e9,<strong> Christopher Langlois<\/strong>, la voix \u00e9trangl\u00e9e de tristesse.<\/p>\n<p>Un poumon vert et un lieu de vie au c\u0153ur de la Ville<\/p>\n<p>Au c\u0153ur du quartier du Parc du Robec, le jardin Catherine-Houx s&rsquo;inscrit dans le cadre du renouvellement urbain de tout le quartier, contractualis\u00e9 dans le cadre du NPNRU (Nouveau Programme National de Renouvellement Urbain), sign\u00e9 en d\u00e9cembre\u00a02019.<br \/>&#13;<br \/>\nL&rsquo;ancien square Jules Ferry est ainsi devenu \u00ab un poumon vert, un lieu de vie, un parcours de promenade, mais aussi trait d&rsquo;union entre le quartier et le centre-ville, entre les berges du Robec et la vie du quotidien \u00bb, a rappel\u00e9 Christopher Langlois.<br \/>&#13;<br \/>\nLe jardin s&rsquo;\u00e9tend sur une surface de 3 000\u00a0m2 : la trame arbor\u00e9e existante a \u00e9t\u00e9 conserv\u00e9e, mais du mobilier urbain, tels des jeux pour les enfants, mais aussi des \u00e9quipements pour faire du sport, adapt\u00e9 \u00e0 tout \u00e2ge, ont \u00e9t\u00e9 install\u00e9s dans l&rsquo;enceinte du site. De nouvelles esp\u00e8ces, fleurs, v\u00e9g\u00e9taux apportent diff\u00e9rentes fragrances et des touches d\u00e9licates pour l&rsquo;\u0153il des visiteurs : \u00ab c&rsquo;est un jardin qui ne restera pas fig\u00e9, il va \u00e9voluer \u00bb, a assur\u00e9 Samuel Leroux, responsable entretien et qualit\u00e9 durable des espaces publics de la Ville.<br \/>&#13;<br \/>\n\u00ab Jouer, se d\u00e9tendre, se rencontrer, ou simplement se promener. Le tout avec une attention particuli\u00e8re port\u00e9e \u00e0 la s\u00e9curit\u00e9, \u00e0 la covisibilit\u00e9, et \u00e0 l&rsquo;int\u00e9gration paysag\u00e8re dans l&rsquo;environnement forestier et naturel de notre territoire \u00bb : telle est l&rsquo;ambition de ce nouveau lieu au c\u0153ur de la ville, qui traduit l&rsquo;ambition d&rsquo;un quartier qui se veut tourn\u00e9 vers l&rsquo;avenir.<br \/>&#13;<br \/>\nLe co\u00fbt du projet pour la Ville de Darn\u00e9tal repr\u00e9sente un investissement cons\u00e9quent de\u00a0851 450\u00a0euros (HT). Il a b\u00e9n\u00e9fici\u00e9 de la participation de nombreux partenaires : les fonds europ\u00e9ens FEDER (239 196\u00a0euros), la dotation politique de la Ville (DPV : 80 000\u00a0euros), la M\u00e9tropole Rouen Normandie (156 690\u00a0euros), l&rsquo;Agence de l&rsquo;eau (125 760\u00a0euros), le fonds vert (15 667\u00a0euros), et la R\u00e9gion Normandie (60 000\u00a0euros).<\/p>\n<p class=\" wall-content\">Un hommage re\u00e7u avec \u00e9motion par sa famille pr\u00e9sente, dont les yeux embu\u00e9s se tournaient r\u00e9guli\u00e8rement vers la photo de Catherine Houx, sur la plaque comm\u00e9morative.<\/p>\n<p>Une empreinte inoubliable<\/p>\n<p class=\" wall-content\">Le<strong> jardin traversant<\/strong> am\u00e9nag\u00e9 dans l\u2019ancien square Ferry portera donc d\u00e9sormais son nom : \u00ab un espace \u00e0 son image : accueillant, vivant, travers\u00e9 de lumi\u00e8re et de rires d\u2019enfants. Un lieu o\u00f9 les g\u00e9n\u00e9rations se croisent, o\u00f9 les liens se tissent, o\u00f9 l\u2019on se sent bien \u00bb, a d\u00e9peint le maire, rappelant une fois encore \u00e0 sa famille que l\u2019empreinte laiss\u00e9e \u00e0 Darn\u00e9tal par leur m\u00e8re est <strong>inoubliable<\/strong>.<\/p>\n<p>    <img   decoding=\"async\" loading=\"lazy\" class=\"size-large\" src=\"https:\/\/www.europesays.com\/fr\/wp-content\/uploads\/2025\/07\/db60e6405e586ff60e6405e58b770ev-768x640.jpg\" alt=\"Darn\u00e9tal jardin catherine houx\" width=\"768\" height=\"640\"\/><br \/>\n    Une plaque a \u00e9t\u00e9 d\u00e9voil\u00e9e en hommage \u00e0 l\u2019\u00e9lue disparue.\u00a0 \u00a9Isabelle VILLY<\/p>\n<p class=\" wall-content\">Prenant \u00e0 son tour la parole, l\u2019adjoint <strong>Christian Lecerf<\/strong> a, lui aussi, rendu hommage \u00e0 son ancienne adjointe et a eu toutes les peines du monde \u00e0 masquer son \u00e9motion, en \u00e9voquant la m\u00e9moire de la disparue.<\/p>\n<p>Suivez l\u2019actualit\u00e9 de Rouen <a href=\"https:\/\/www.whatsapp.com\/channel\/0029VaKfnf99hXF2ddApFB1D\" target=\"_blank\" rel=\"noopener\">sur notre cha\u00eene WhatsApp<\/a> et <a href=\"https:\/\/www.tiktok.com\/@76actu.fr?lang=fr\" target=\"_blank\" rel=\"noopener\">sur notre compte TikTok<\/a><\/p>\n<p class=\" wall-content\">Suivez toute l\u2019actualit\u00e9 de vos villes et m\u00e9dias favoris en vous inscrivant \u00e0 <a href=\"https:\/\/moncompte.actu.fr\" title=\"D\u00e9couvez Mon Actu\" rel=\"nofollow noopener\" data-trk=\"{&quot;cta&quot;:{&quot;action&quot;:&quot;https:\\\/\\\/moncompte.actu.fr&quot;,&quot;category&quot;:&quot;mon compte&quot;,&quot;from&quot;:&quot;article footer&quot;,&quot;name&quot;:&quot;Mon actu&quot;,&quot;type&quot;:&quot;cta&quot;}}\" target=\"_blank\">Mon Actu<\/a>.<\/p>\n<p>                    <script async src=\"\/\/www.tiktok.com\/embed.js\"><\/script><\/p>\n","protected":false},"excerpt":{"rendered":"Par Isabelle Villy Publi\u00e9 le 5 juil. 2025 \u00e0 15h02 La fra\u00eecheur du jardin traversant de Darn\u00e9tal, pr\u00e8s&hellip;\n","protected":false},"author":2,"featured_media":228243,"comment_status":"","ping_status":"","sticky":false,"template":"","format":"standard","meta":{"footnotes":""},"categories":[9587],"tags":[1111,11,1777,674,1011,27,1652,9725,12,5161,25,9590],"class_list":{"0":"post-228242","1":"post","2":"type-post","3":"status-publish","4":"format-standard","5":"has-post-thumbnail","7":"category-rouen","8":"tag-actu","9":"tag-actualites","10":"tag-eu","11":"tag-europe","12":"tag-fr","13":"tag-france","14":"tag-loisirs-culture","15":"tag-metropole-rouen","16":"tag-news","17":"tag-normandie","18":"tag-republique-francaise","19":"tag-rouen"},"share_on_mastodon":{"url":"https:\/\/pubeurope.com\/@fr\/114800948961271583","error":""},"_links":{"self":[{"href":"https:\/\/www.europesays.com\/fr\/wp-json\/wp\/v2\/posts\/228242","targetHints":{"allow":["GET"]}}],"collection":[{"href":"https:\/\/www.europesays.com\/fr\/wp-json\/wp\/v2\/posts"}],"about":[{"href":"https:\/\/www.europesays.com\/fr\/wp-json\/wp\/v2\/types\/post"}],"author":[{"embeddable":true,"href":"https:\/\/www.europesays.com\/fr\/wp-json\/wp\/v2\/users\/2"}],"replies":[{"embeddable":true,"href":"https:\/\/www.europesays.com\/fr\/wp-json\/wp\/v2\/comments?post=228242"}],"version-history":[{"count":0,"href":"https:\/\/www.europesays.com\/fr\/wp-json\/wp\/v2\/posts\/228242\/revisions"}],"wp:featuredmedia":[{"embeddable":true,"href":"https:\/\/www.europesays.com\/fr\/wp-json\/wp\/v2\/media\/228243"}],"wp:attachment":[{"href":"https:\/\/www.europesays.com\/fr\/wp-json\/wp\/v2\/media?parent=228242"}],"wp:term":[{"taxonomy":"category","embeddable":true,"href":"https:\/\/www.europesays.com\/fr\/wp-json\/wp\/v2\/categories?post=228242"},{"taxonomy":"post_tag","embeddable":true,"href":"https:\/\/www.europesays.com\/fr\/wp-json\/wp\/v2\/tags?post=228242"}],"curies":[{"name":"wp","href":"https:\/\/api.w.org\/{rel}","templated":true}]}}