{"id":22825,"date":"2025-04-13T18:37:07","date_gmt":"2025-04-13T18:37:07","guid":{"rendered":"https:\/\/www.europesays.com\/fr\/22825\/"},"modified":"2025-04-13T18:37:07","modified_gmt":"2025-04-13T18:37:07","slug":"un-minigolf-flambant-neuf-a-lile-de-loisirs-de-cergy-pontoise","status":"publish","type":"post","link":"https:\/\/www.europesays.com\/fr\/22825\/","title":{"rendered":"un minigolf flambant neuf \u00e0 l&rsquo;\u00eele de loisirs de Cergy-Pontoise"},"content":{"rendered":"<p>            Par<br \/>\n        <strong><br \/>\n            <a href=\"https:\/\/actu.fr\/auteur\/jeromecavaretta\" title=\"Consulter tous les articles de J\u00e9r\u00f4me Cavaretta\" target=\"_blank\" rel=\"noopener\">J\u00e9r\u00f4me Cavaretta<\/a><br \/>\n        <\/strong><\/p>\n<p>        Publi\u00e9 le<\/p>\n<p>            12 avr. 2025 \u00e0 7h30        <\/p>\n<p>Le pr\u00e9c\u00e9dent \u00e9tait mill\u00e9sim\u00e9\u2026 1985 et montrait de tr\u00e8s s\u00e9rieux signes de fatigue. Un nouveau <b>minigolf<\/b> vient d\u2019\u00eatre am\u00e9nag\u00e9 pr\u00e8s du royaume des enfants et de l\u2019accueil de l\u2019<b>\u00eele de loisirs de <a href=\"https:\/\/actu.fr\/ile-de-france\/cergy_95127\" target=\"_blank\" rel=\"noopener\">Cergy-Pontoise<\/a><\/b>. Un parcours sem\u00e9 d\u2019emb\u00fbches long de <b>18 trous<\/b>.<\/p>\n<p>\u00ab\u00a0Une activit\u00e9 tr\u00e8s demand\u00e9e\u00a0\u00bb<\/p>\n<p class=\" wall-content\">\u00a0140 000 euros ont \u00e9t\u00e9 investis dans cette version \u00e9dulcor\u00e9e tr\u00e8s pris\u00e9e par les familles. D\u00e9j\u00e0 op\u00e9rationnelle, l\u2019aire de jeu sera bient\u00f4t engazonn\u00e9e. Son tarif d\u2019acc\u00e8s reste identique : 4,50 euros par personne.<\/p>\n<blockquote class=\"ac-article-quote wall-content\">\n<p>\u00ab C\u2019est une activit\u00e9 tr\u00e8s demand\u00e9e, il fallait l\u2019agrandir et le rendre plus ludique \u00bb,\u00a0\u00e9claire Fabien Franc, le directeur de l\u2019\u00eele de loisirs.\u00a0<\/p>\n<\/blockquote>\n<p class=\" wall-content\">Preuve du succ\u00e8s du minigolf, le parcours d\u00e9fra\u00eechi du poumon vert de l\u2019agglo continuait d\u2019attirer les foules. \u00ab On faisait encore 10 000\u00a0euros de recettes par an. Avec le nouveau parcours, on esp\u00e8re doubler puis tripler ce montant. C\u2019est s\u00fbr que \u00e7a va marcher \u00bb, assure le responsable.<\/p>\n<p>Tarif : 4,50\u00a0euros par personne.<\/p>\n<p class=\" wall-content\">Suivez toute l\u2019actualit\u00e9 de vos villes et m\u00e9dias favoris en vous inscrivant \u00e0 <a href=\"https:\/\/moncompte.actu.fr\" title=\"D\u00e9couvez Mon Actu\" rel=\"nofollow noopener\" data-trk=\"{&quot;cta&quot;:{&quot;action&quot;:&quot;https:\\\/\\\/moncompte.actu.fr&quot;,&quot;category&quot;:&quot;mon compte&quot;,&quot;from&quot;:&quot;article footer&quot;,&quot;name&quot;:&quot;Mon actu&quot;,&quot;type&quot;:&quot;cta&quot;}}\" target=\"_blank\">Mon Actu<\/a>.<\/p>\n<ul class=\"ac-article-tag wall-content\">\n<li><a href=\"https:\/\/actu.fr\/tag\/agglomeration-de-cergy-pontoise\" data-trk=\"{&quot;cta&quot;:{&quot;action&quot;:&quot;Agglom\\u00e9ration de Cergy-Pontoise&quot;,&quot;category&quot;:&quot;tag&quot;,&quot;from&quot;:&quot;article footer&quot;,&quot;name&quot;:&quot;Agglom\\u00e9ration de Cergy-Pontoise&quot;,&quot;type&quot;:&quot;cta&quot;}}\" target=\"_blank\" rel=\"noopener\">#Agglom\u00e9ration de Cergy-Pontoise<\/a><\/li>\n<\/ul>\n","protected":false},"excerpt":{"rendered":"Par J\u00e9r\u00f4me Cavaretta Publi\u00e9 le 12 avr. 2025 \u00e0 7h30 Le pr\u00e9c\u00e9dent \u00e9tait mill\u00e9sim\u00e9\u2026 1985 et montrait de&hellip;\n","protected":false},"author":2,"featured_media":22826,"comment_status":"","ping_status":"","sticky":false,"template":"","format":"standard","meta":{"footnotes":""},"categories":[1418],"tags":[8428,1011,27,1472,104,60],"class_list":{"0":"post-22825","1":"post","2":"type-post","3":"status-publish","4":"format-standard","5":"has-post-thumbnail","7":"category-golf","8":"tag-agglomeration-de-cergy-pontoise","9":"tag-fr","10":"tag-france","11":"tag-golf","12":"tag-societe","13":"tag-sports"},"share_on_mastodon":{"url":"https:\/\/pubeurope.com\/@fr\/114332109687429781","error":""},"_links":{"self":[{"href":"https:\/\/www.europesays.com\/fr\/wp-json\/wp\/v2\/posts\/22825","targetHints":{"allow":["GET"]}}],"collection":[{"href":"https:\/\/www.europesays.com\/fr\/wp-json\/wp\/v2\/posts"}],"about":[{"href":"https:\/\/www.europesays.com\/fr\/wp-json\/wp\/v2\/types\/post"}],"author":[{"embeddable":true,"href":"https:\/\/www.europesays.com\/fr\/wp-json\/wp\/v2\/users\/2"}],"replies":[{"embeddable":true,"href":"https:\/\/www.europesays.com\/fr\/wp-json\/wp\/v2\/comments?post=22825"}],"version-history":[{"count":0,"href":"https:\/\/www.europesays.com\/fr\/wp-json\/wp\/v2\/posts\/22825\/revisions"}],"wp:featuredmedia":[{"embeddable":true,"href":"https:\/\/www.europesays.com\/fr\/wp-json\/wp\/v2\/media\/22826"}],"wp:attachment":[{"href":"https:\/\/www.europesays.com\/fr\/wp-json\/wp\/v2\/media?parent=22825"}],"wp:term":[{"taxonomy":"category","embeddable":true,"href":"https:\/\/www.europesays.com\/fr\/wp-json\/wp\/v2\/categories?post=22825"},{"taxonomy":"post_tag","embeddable":true,"href":"https:\/\/www.europesays.com\/fr\/wp-json\/wp\/v2\/tags?post=22825"}],"curies":[{"name":"wp","href":"https:\/\/api.w.org\/{rel}","templated":true}]}}