{"id":228255,"date":"2025-07-05T14:01:11","date_gmt":"2025-07-05T14:01:11","guid":{"rendered":"https:\/\/www.europesays.com\/fr\/228255\/"},"modified":"2025-07-05T14:01:11","modified_gmt":"2025-07-05T14:01:11","slug":"apres-des-mois-de-travaux-le-pont-anne-de-bretagne-rouvre-a-la-circulation","status":"publish","type":"post","link":"https:\/\/www.europesays.com\/fr\/228255\/","title":{"rendered":"apr\u00e8s des mois de travaux, le pont Anne de Bretagne rouvre \u00e0 la circulation"},"content":{"rendered":"<p>            Par<br \/>\n        <strong><br \/>\n            <a href=\"https:\/\/actu.fr\/auteur\/thomas-bernard\" title=\"Consulter tous les articles de Thomas Bernard\" rel=\"nofollow noopener\" target=\"_blank\">Thomas Bernard<\/a><br \/>\n        <\/strong><\/p>\n<p>        Publi\u00e9 le<\/p>\n<p>            5 juil. 2025 \u00e0 15h32        <\/p>\n<p>Ferm\u00e9s aux v\u00e9hicules motoris\u00e9s depuis avril\u00a02024, le pont Anne de Bretagne et le boulevard L\u00e9on Bureau, sur l\u2019\u00eele de Nantes, vont <strong>rouvrir partiellement \u00e0 la circulation automobile<\/strong>. Les travaux de r\u00e9seau sur le boulevard L\u00e9on Bureau sont termin\u00e9s.<\/p>\n<p class=\" wall-content\">\u00c0 partir du <strong>lundi 7\u00a0juillet 2025 \u00e0 12h<\/strong>, voitures et motos pourront de nouveau emprunter le tron\u00e7on dans le sens \u00eele de Nantes \u2013 Quai de la Fosse.<\/p>\n<p>R\u00e9ouverture partielle<\/p>\n<p class=\" wall-content\">La circulation automobile se fera sur une voie provisoire, am\u00e9nag\u00e9e sur le pont d\u2019origine. \u00ab\u2009Ce retour partiel \u00e0 la circulation facilitera les sorties de l\u2019\u00eele de Nantes vers le nord-ouest de la ville\u2009\u00bb, indique la Ville de Nantes.<\/p>\n<p class=\" wall-content\">Une r\u00e9ouverture partielle puisque l\u2019ouvrage sera de nouveau <a href=\"https:\/\/actu.fr\/pays-de-la-loire\/nantes_44109\/a-nantes-le-pont-anne-de-bretagne-rouvrira-a-la-circulation-cet-ete-avant-de-refermer_62561617.html\" rel=\"nofollow noopener\" target=\"_blank\">ferm\u00e9 \u00e0 la circulation motoris\u00e9e <strong>\u00e0 partir de l\u2019\u00e9t\u00e9 2026<\/strong><\/a>. Des travaux de raccordements des nouvelles lignes au r\u00e9seau existant sur le nouveau pont, mais aussi de la r\u00e9novation des plateformes de tramway sur le quai de la Fosse seront effectu\u00e9s.<\/p>\n<p class=\" wall-content\">Pour rappel, le secteur est en chantier afin d\u2019accueillir <a href=\"https:\/\/actu.fr\/pays-de-la-loire\/nantes_44109\/nouvelles-lignes-de-trams-et-de-busway-a-nantes-quels-sont-les-travaux-prevus-en-2025_62071006.html\" rel=\"nofollow noopener\" target=\"_blank\">les deux futures lignes de tramway<\/a> en plus des voies pour les v\u00e9hicules, <a href=\"https:\/\/actu.fr\/pays-de-la-loire\/nantes_44109\/avant-apres-nantes-decouvrez-en-images-la-transformation-du-pont-anne-de-bretagne_53938977.html\" rel=\"nofollow noopener\" target=\"_blank\">tout en laissant une large place aux v\u00e9los et aux pi\u00e9tons<\/a>.<\/p>\n<p>Vid\u00e9os : en ce moment sur Actu<\/p>\n<p class=\" wall-content\">Suivez toute l\u2019actualit\u00e9 de vos villes et m\u00e9dias favoris en vous inscrivant \u00e0 <a href=\"https:\/\/moncompte.actu.fr\" title=\"D\u00e9couvez Mon Actu\" rel=\"nofollow noopener\" data-trk=\"{&quot;cta&quot;:{&quot;action&quot;:&quot;https:\\\/\\\/moncompte.actu.fr&quot;,&quot;category&quot;:&quot;mon compte&quot;,&quot;from&quot;:&quot;article footer&quot;,&quot;name&quot;:&quot;Mon actu&quot;,&quot;type&quot;:&quot;cta&quot;}}\" target=\"_blank\">Mon Actu<\/a>.<\/p>\n","protected":false},"excerpt":{"rendered":"Par Thomas Bernard Publi\u00e9 le 5 juil. 2025 \u00e0 15h32 Ferm\u00e9s aux v\u00e9hicules motoris\u00e9s depuis avril\u00a02024, le pont&hellip;\n","protected":false},"author":2,"featured_media":228256,"comment_status":"","ping_status":"","sticky":false,"template":"","format":"standard","meta":{"footnotes":""},"categories":[2818],"tags":[1111,11,3542,1777,674,1011,27,766,12,2636,25,104,2086],"class_list":{"0":"post-228255","1":"post","2":"type-post","3":"status-publish","4":"format-standard","5":"has-post-thumbnail","7":"category-nantes","8":"tag-actu","9":"tag-actualites","10":"tag-circulation","11":"tag-eu","12":"tag-europe","13":"tag-fr","14":"tag-france","15":"tag-nantes","16":"tag-news","17":"tag-pays-de-la-loire","18":"tag-republique-francaise","19":"tag-societe","20":"tag-travaux"},"share_on_mastodon":{"url":"https:\/\/pubeurope.com\/@fr\/114800996070286543","error":""},"_links":{"self":[{"href":"https:\/\/www.europesays.com\/fr\/wp-json\/wp\/v2\/posts\/228255","targetHints":{"allow":["GET"]}}],"collection":[{"href":"https:\/\/www.europesays.com\/fr\/wp-json\/wp\/v2\/posts"}],"about":[{"href":"https:\/\/www.europesays.com\/fr\/wp-json\/wp\/v2\/types\/post"}],"author":[{"embeddable":true,"href":"https:\/\/www.europesays.com\/fr\/wp-json\/wp\/v2\/users\/2"}],"replies":[{"embeddable":true,"href":"https:\/\/www.europesays.com\/fr\/wp-json\/wp\/v2\/comments?post=228255"}],"version-history":[{"count":0,"href":"https:\/\/www.europesays.com\/fr\/wp-json\/wp\/v2\/posts\/228255\/revisions"}],"wp:featuredmedia":[{"embeddable":true,"href":"https:\/\/www.europesays.com\/fr\/wp-json\/wp\/v2\/media\/228256"}],"wp:attachment":[{"href":"https:\/\/www.europesays.com\/fr\/wp-json\/wp\/v2\/media?parent=228255"}],"wp:term":[{"taxonomy":"category","embeddable":true,"href":"https:\/\/www.europesays.com\/fr\/wp-json\/wp\/v2\/categories?post=228255"},{"taxonomy":"post_tag","embeddable":true,"href":"https:\/\/www.europesays.com\/fr\/wp-json\/wp\/v2\/tags?post=228255"}],"curies":[{"name":"wp","href":"https:\/\/api.w.org\/{rel}","templated":true}]}}