{"id":228259,"date":"2025-07-05T14:03:13","date_gmt":"2025-07-05T14:03:13","guid":{"rendered":"https:\/\/www.europesays.com\/fr\/228259\/"},"modified":"2025-07-05T14:03:13","modified_gmt":"2025-07-05T14:03:13","slug":"head-au-coeur-du-jeu-a-bordeaux-avec-les-balles-et-la-raquette-officielles-du-tournoi","status":"publish","type":"post","link":"https:\/\/www.europesays.com\/fr\/228259\/","title":{"rendered":"HEAD au c\u0153ur du jeu \u00e0 Bordeaux avec les balles et la raquette officielles du tournoi"},"content":{"rendered":"<p><strong>HEAD<\/strong> est de nouveau au c\u0153ur de l\u2019action \u00e0 Bordeaux. Pr\u00e9sente sur l\u2019\u00e9v\u00e9nement en tant que <strong>partenaire officiel<\/strong> du tournoi.<\/p>\n<p><strong>Les balles HEAD Pro+ et HEAD Pro S+<\/strong>, reconnues pour leur durabilit\u00e9 et leur performance en comp\u00e9tition, sont utilis\u00e9es tout au long de cette \u00e9dition du <strong>Betclic Bordeaux Premier Padel P2<\/strong>. Une garantie de qualit\u00e9 pour des matchs toujours plus spectaculaires.<\/p>\n<p><img title=\"WhatsApp Image 2025-07-03 \u00e0 221924_bf4ab631 | Padel Magazine\" decoding=\"async\" src=\"https:\/\/www.europesays.com\/fr\/wp-content\/uploads\/2025\/07\/WhatsApp-Image-2025-07-03-a-221924_bf4ab631.jpg\" alt=\"\" class=\"wp-image-263337\"\/><\/p>\n<p>Mais ce n\u2019est pas tout : la <strong>raquette officielle<\/strong> de cette \u00e9dition est la <strong>HEAD Speed ONE<\/strong>, un mod\u00e8le \u00e0 la fois explosif et pr\u00e9cis, que les spectateurs peuvent retrouver \u00e0 la vente <strong>sur le stand Padel Reference<\/strong>, au c\u0153ur du village du tournoi.<\/p>\n<p><img title=\"WhatsApp Image 2025-07-03 \u00e0 180945_aea3344e | Padel Magazine\" decoding=\"async\" src=\"https:\/\/www.europesays.com\/fr\/wp-content\/uploads\/2025\/07\/WhatsApp-Image-2025-07-03-a-180945_aea3344e.jpg\" alt=\"\" class=\"wp-image-263338\"\/><\/p>\n<blockquote class=\"wp-block-quote is-layout-flow wp-block-quote-is-layout-flow\">\n<p>\u201cNous sommes ravis d\u2019\u00eatre la balle et la raquette officielles du Bordeaux Premier Padel P2. Les balles HEAD Padel Pro+ et HEAD Padel Pro S+, ainsi que la raquette Speed ONE sont les protagonistes du tournoi.\u201d<\/p>\n<\/blockquote>\n<p>\u00c0 Bordeaux, HEAD ne se contente pas d\u2019accompagner les meilleurs joueurs du monde : la marque s\u2019impose aussi comme une r\u00e9f\u00e9rence incontournable pour tous les passionn\u00e9s de padel.<\/p>\n<p><img loading=\"lazy\" decoding=\"async\" data-del=\"avatar\" alt=\"Benjamin Dupouy\" src=\"https:\/\/www.europesays.com\/fr\/wp-content\/uploads\/2025\/04\/IMG_5219-150x150.jpg\" class=\"avatar pp-user-avatar avatar-100 photo \" height=\"100\" width=\"100\"\/><\/p>\n<p>J\u2019ai d\u00e9couvert le padel directement lors d\u2019un tournoi, et franchement, je n\u2019ai pas trop accroch\u00e9 au d\u00e9but. Mais la deuxi\u00e8me fois, \u00e7a a \u00e9t\u00e9 le coup de foudre, et depuis, je ne rate plus un seul match. Je suis m\u00eame pr\u00eat \u00e0 rester \u00e9veill\u00e9 jusqu\u2019\u00e0 3h du matin pour regarder une finale de Premier Padel !<\/p>\n<p class=\"related-title\">Sur le m\u00eame sujet<\/p>\n","protected":false},"excerpt":{"rendered":"HEAD est de nouveau au c\u0153ur de l\u2019action \u00e0 Bordeaux. Pr\u00e9sente sur l\u2019\u00e9v\u00e9nement en tant que partenaire officiel&hellip;\n","protected":false},"author":2,"featured_media":228260,"comment_status":"","ping_status":"","sticky":false,"template":"","format":"standard","meta":{"footnotes":""},"categories":[2817],"tags":[1111,11,1997,1777,674,1011,27,36672,12,2219,30680,25],"class_list":{"0":"post-228259","1":"post","2":"type-post","3":"status-publish","4":"format-standard","5":"has-post-thumbnail","7":"category-bordeaux","8":"tag-actu","9":"tag-actualites","10":"tag-bordeaux","11":"tag-eu","12":"tag-europe","13":"tag-fr","14":"tag-france","15":"tag-head","16":"tag-news","17":"tag-nouvelle-aquitaine","18":"tag-premier-padel-bordeaux-p2","19":"tag-republique-francaise"},"share_on_mastodon":{"url":"https:\/\/pubeurope.com\/@fr\/114801004146186032","error":""},"_links":{"self":[{"href":"https:\/\/www.europesays.com\/fr\/wp-json\/wp\/v2\/posts\/228259","targetHints":{"allow":["GET"]}}],"collection":[{"href":"https:\/\/www.europesays.com\/fr\/wp-json\/wp\/v2\/posts"}],"about":[{"href":"https:\/\/www.europesays.com\/fr\/wp-json\/wp\/v2\/types\/post"}],"author":[{"embeddable":true,"href":"https:\/\/www.europesays.com\/fr\/wp-json\/wp\/v2\/users\/2"}],"replies":[{"embeddable":true,"href":"https:\/\/www.europesays.com\/fr\/wp-json\/wp\/v2\/comments?post=228259"}],"version-history":[{"count":0,"href":"https:\/\/www.europesays.com\/fr\/wp-json\/wp\/v2\/posts\/228259\/revisions"}],"wp:featuredmedia":[{"embeddable":true,"href":"https:\/\/www.europesays.com\/fr\/wp-json\/wp\/v2\/media\/228260"}],"wp:attachment":[{"href":"https:\/\/www.europesays.com\/fr\/wp-json\/wp\/v2\/media?parent=228259"}],"wp:term":[{"taxonomy":"category","embeddable":true,"href":"https:\/\/www.europesays.com\/fr\/wp-json\/wp\/v2\/categories?post=228259"},{"taxonomy":"post_tag","embeddable":true,"href":"https:\/\/www.europesays.com\/fr\/wp-json\/wp\/v2\/tags?post=228259"}],"curies":[{"name":"wp","href":"https:\/\/api.w.org\/{rel}","templated":true}]}}