{"id":228267,"date":"2025-07-05T14:08:10","date_gmt":"2025-07-05T14:08:10","guid":{"rendered":"https:\/\/www.europesays.com\/fr\/228267\/"},"modified":"2025-07-05T14:08:10","modified_gmt":"2025-07-05T14:08:10","slug":"lincendie-dun-compteur-electrique-enfume-la-faculte-deconomie-de-colbert-a-marseille","status":"publish","type":"post","link":"https:\/\/www.europesays.com\/fr\/228267\/","title":{"rendered":"L\u2019incendie d\u2019un compteur \u00e9lectrique enfume la facult\u00e9 d\u2019\u00e9conomie de Colbert \u00e0 Marseille"},"content":{"rendered":"<p>Dans la nuit du vendredi\u00a04 au samedi 5\u00a0juillet, les marins-pompiers de Marseille ont \u00e9t\u00e9 appel\u00e9s pour une intervention \u00e0 la facult\u00e9 d\u2019\u00e9conomie de Colbert, au centre-ville de <a href=\"https:\/\/www.laprovence.com\/bouches-du-rhone\/marseille-13055\" target=\"_blank\" rel=\"noopener\">Marseille<\/a>.<\/p>\n<p>Un compteur \u00e9lectrique en feu<\/p>\n<p>En effet, de la fum\u00e9e se d\u00e9gageait et se propageait dans les salles de classe, d\u00e9sertes \u00e0 cette heure.<\/p>\n<p>Sur place, ils ont identifi\u00e9 l\u2019origine du d\u00e9but <a href=\"https:\/\/www.laprovence.com\/article\/faits-divers-justice\/17203807083574\/un-homme-de-70-ans-decede-a-aix-en-provence-dans-l-incendie-de-son-domicile\" target=\"_blank\" rel=\"noopener\">d\u2019incendie\u00a0<\/a>: un compteur \u00e9lectrique, qui, pour une raison ind\u00e9termin\u00e9e, avait pris feu.<\/p>\n<p>Le gardien de la facult\u00e9 a \u00e9t\u00e9 bri\u00e8vement \u00e9vacu\u00e9 de son logement et le sinistre a \u00e9t\u00e9 rapidement ma\u00eetris\u00e9. Aucun d\u00e9g\u00e2t n\u2019est \u00e0 d\u00e9plorer hormis la forte odeur de fum\u00e9e qui a impr\u00e9gn\u00e9 les locaux.<\/p>\n","protected":false},"excerpt":{"rendered":"Dans la nuit du vendredi\u00a04 au samedi 5\u00a0juillet, les marins-pompiers de Marseille ont \u00e9t\u00e9 appel\u00e9s pour une intervention&hellip;\n","protected":false},"author":2,"featured_media":228268,"comment_status":"","ping_status":"","sticky":false,"template":"","format":"standard","meta":{"footnotes":""},"categories":[2814],"tags":[17,1111,11,36673,36675,2837,8722,36674,1777,674,14026,274,1011,27,5022,884,12,882,25],"class_list":{"0":"post-228267","1":"post","2":"type-post","3":"status-publish","4":"format-standard","5":"has-post-thumbnail","7":"category-marseille","8":"tag-17","9":"tag-actu","10":"tag-actualites","11":"tag-compteur","12":"tag-deconomie","13":"tag-dun","14":"tag-electrique","15":"tag-enfume","16":"tag-eu","17":"tag-europe","18":"tag-faculte","19":"tag-faits-divers-justice","20":"tag-fr","21":"tag-france","22":"tag-lincendie","23":"tag-marseille","24":"tag-news","25":"tag-provence-alpes-cote-dazur","26":"tag-republique-francaise"},"share_on_mastodon":{"url":"https:\/\/pubeurope.com\/@fr\/114801023624131360","error":""},"_links":{"self":[{"href":"https:\/\/www.europesays.com\/fr\/wp-json\/wp\/v2\/posts\/228267","targetHints":{"allow":["GET"]}}],"collection":[{"href":"https:\/\/www.europesays.com\/fr\/wp-json\/wp\/v2\/posts"}],"about":[{"href":"https:\/\/www.europesays.com\/fr\/wp-json\/wp\/v2\/types\/post"}],"author":[{"embeddable":true,"href":"https:\/\/www.europesays.com\/fr\/wp-json\/wp\/v2\/users\/2"}],"replies":[{"embeddable":true,"href":"https:\/\/www.europesays.com\/fr\/wp-json\/wp\/v2\/comments?post=228267"}],"version-history":[{"count":0,"href":"https:\/\/www.europesays.com\/fr\/wp-json\/wp\/v2\/posts\/228267\/revisions"}],"wp:featuredmedia":[{"embeddable":true,"href":"https:\/\/www.europesays.com\/fr\/wp-json\/wp\/v2\/media\/228268"}],"wp:attachment":[{"href":"https:\/\/www.europesays.com\/fr\/wp-json\/wp\/v2\/media?parent=228267"}],"wp:term":[{"taxonomy":"category","embeddable":true,"href":"https:\/\/www.europesays.com\/fr\/wp-json\/wp\/v2\/categories?post=228267"},{"taxonomy":"post_tag","embeddable":true,"href":"https:\/\/www.europesays.com\/fr\/wp-json\/wp\/v2\/tags?post=228267"}],"curies":[{"name":"wp","href":"https:\/\/api.w.org\/{rel}","templated":true}]}}