{"id":228273,"date":"2025-07-05T14:11:09","date_gmt":"2025-07-05T14:11:09","guid":{"rendered":"https:\/\/www.europesays.com\/fr\/228273\/"},"modified":"2025-07-05T14:11:09","modified_gmt":"2025-07-05T14:11:09","slug":"190-actions-pour-renforcer-les-ambitions-dans-la-metropole-de-lyon","status":"publish","type":"post","link":"https:\/\/www.europesays.com\/fr\/228273\/","title":{"rendered":"190 actions pour renforcer les ambitions dans la M\u00e9tropole de Lyon"},"content":{"rendered":"<p>Le bilan du premier contrat Eau &amp; Climat (2022-2024) peut \u00eatre fait. Il a permis de lancer une action int\u00e9gr\u00e9e et partag\u00e9e en mati\u00e8re de r\u00e9silience hydrologique. Le contrat \u00e9tait articul\u00e9 autour de cinq axes strat\u00e9giques : la ville perm\u00e9able, la restauration des milieux aquatiques, la pr\u00e9servation de la ressource, la modernisation de l\u2019assainissement et la r\u00e9duction des substances toxiques.<\/p>\n<p>Plus de 194 projets ont \u00e9t\u00e9 accompagn\u00e9s sur le territoire. Parmi les r\u00e9alisations, on retrouve le chantier de restauration du ruisseau de la Mouche \u00e0 Saint Genis Laval avec la suppression d\u2019un seuil, la renaturation et le rem\u00e9andrage du lit sur 200 m\u00e8tres. Mais aussi, la d\u00e9connexion des eaux pluviales des r\u00e9seaux d\u2019assainissement a constitu\u00e9 un pilier du contrat, avec plus de 97 ha d\u00e9connect\u00e9s \u00e0 l\u2019\u00e9chelle m\u00e9tropolitaine, dont 71 hectares port\u00e9s par le SYTRAL, Villeurbanne et V\u00e9nissieux, les 3 principaux contributeurs. Ou encore, plusieurs secteurs ont fait l\u2019objet d\u2019op\u00e9rations significatives, notamment \u00e0 Saint-Fons (74 ha d\u00e9connect\u00e9s du r\u00e9seau unitaire), Pierre-B\u00e9nite (programme de restructuration sur le bassin de l\u2019Yzeron et r\u00e9novation du traitement primaire), Fontaines-sur-Sa\u00f4ne (4 ha d\u00e9connect\u00e9s) ou encore la Feyssine (10,1 ha). Au total, ce sont plus de 120 ha qui ont \u00e9t\u00e9 d\u00e9connect\u00e9s des r\u00e9seaux unitaires sur l\u2019ensemble du territoire.<\/p>\n<p><strong>Des ambitions renforc\u00e9es pour le contrat 2025-2027<\/strong><\/p>\n<p>Pour ce nouveau contrat Eau &amp; Climat 2025-2027, 190 actions seront mises en \u0153uvre. Il a \u00e9t\u00e9 construit avec l\u2019appui de 17 partenaires publics et priv\u00e9s et s\u2019inscrit dans la continuit\u00e9 du partenariat engag\u00e9 entre la M\u00e9tropole de Lyon et l\u2019agence de l\u2019eau Rh\u00f4ne M\u00e9diterran\u00e9e Corse.<\/p>\n<p>\u00ab\u00a0Avec 190 actions pour pr\u00e8s de 286 millions d\u2019euros d\u2019investissements, dont 53,9 millions apport\u00e9s par l\u2019agence, ce contrat est le plus ambitieux jamais sign\u00e9 \u00e0 l\u2019\u00e9chelle du bassin Rh\u00f4ne M\u00e9diterran\u00e9e Corse. Il t\u00e9moigne de la confiance plac\u00e9e dans la M\u00e9tropole de Lyon et dans sa r\u00e9gie publique de l\u2019eau, mais surtout d\u2019un engagement collectif \u00e0 faire de l\u2019eau un levier structurant de la transition \u00e9cologique\u00a0\u00bb, \u00e9voque <a href=\"https:\/\/www.lyonmag.com\/profil-personnalite-lyonnaise\/518\/bruno-bernard\" target=\"_blank\" rel=\"noopener\">Bruno Bernard<\/a>, pr\u00e9sident de la M\u00e9tropole de Lyon.<\/p>\n<p>Les actions r\u00e9pondront \u00e0 cinq enjeux majeurs : pr\u00e9server les milieux aquatiques et humides, prot\u00e9ger la ressource en eau, d\u00e9velopper massivement la ville perm\u00e9able, moderniser les r\u00e9seaux d\u2019assainissement, et r\u00e9duire les pollutions \u00e0 la source. C\u2019est dans un contexte marqu\u00e9 par l\u2019intensification des pressions sur la ressource en eau et les milieux aquatiques que ces 5 grands axes ont \u00e9t\u00e9 choisis.<\/p>\n<p><strong>Les cinq axes en quelques actions<\/strong><\/p>\n<p>Pour la protection et la restauration des milieux aquatiques et humides, le contrat pr\u00e9voit notamment l\u2019extension des op\u00e9rations \u00e0 de nouveaux bassins versants, afin de restaurer les continuit\u00e9s \u00e9cologiques, renforcer les habitats naturels et am\u00e9liorer la r\u00e9silience face aux inondations.<br \/>En ce qui concerne le d\u00e9ploiement massif de la ville perm\u00e9able, la M\u00e9tropole poursuit son objectif de 400 ha d\u00e9simperm\u00e9abilis\u00e9s d\u2019ici 2030, dont 60 ha seront r\u00e9alis\u00e9s sur la dur\u00e9e du contrat.<\/p>\n<p>Du c\u00f4t\u00e9 du renforcement de la performance des syst\u00e8mes d\u2019assainissement, le contrat pr\u00e9voit des actions structurantes pour am\u00e9liorer la performance des r\u00e9seaux d\u2019assainissement et limiter leur impact sur les milieux aquatiques.<\/p>\n<p>Pour pr\u00e9server la ressource en eau et pr\u00e9venir les pollutions, la M\u00e9tropole de Lyon et sa r\u00e9gie publique de l\u2019eau, Eau du Grand Lyon, se sont engag\u00e9s \u00e0 r\u00e9duire les pr\u00e9l\u00e8vements de 2 millions de m\u00b3 d\u2019eau potable d\u2019ici 2027, en coh\u00e9rence avec les objectifs du Plan Eau national et du Plan de bassin d\u2019adaptation au changement climatique.<\/p>\n<p>Enfin, en ce qui concerne la mobilisation des habitant et la r\u00e9duction des pollutions \u00e0 la source, le contrat Eau &amp; Climat consacrera un volet sp\u00e9cifique \u00e0 la sensibilisation, \u00e0 la formation et \u00e0 la participation citoyenne avec le d\u00e9ploiement de campagnes de communication sur les perturbateurs endocriniens, les micropolluants, les polluants \u00e9ternels et les pesticides ou la mise en place d\u2019outils p\u00e9dagogiques \u00e0 destination du grand public, des enfants, des professionnels de sant\u00e9 ou des agents publics.<\/p>\n<p>Parmi les projets \u00e0 venir, le ruisseau de la Rize fera l\u2019objet d\u2019un projet de restauration \u00e9cologique int\u00e9grant suppression de seuils, continuit\u00e9 piscicole, revalorisation paysag\u00e8re en c\u0153ur urbain.<\/p>\n<p>A Fontaines-sur-Sa\u00f4ne, un programme d\u2019accompagnement pour la d\u00e9simperm\u00e9abilisation des parcelles priv\u00e9es sera lanc\u00e9 avec l\u2019objectif de la d\u00e9connexion du r\u00e9seau unitaire.<\/p>\n<p>Une renaturation et une gestion des volumes d\u2019eau seront r\u00e9alis\u00e9es au ruisseau des Planches accompagn\u00e9e d\u2019actions de rem\u00e9andrage et renforcement des habitats naturels.<\/p>\n<p>La station de traitement de Saint Fons fera l\u2019objet d\u2019une r\u00e9novation des ouvrages de traitement biologique pour am\u00e9liorer les performances de la STEU.<\/p>\n","protected":false},"excerpt":{"rendered":"Le bilan du premier contrat Eau &amp; Climat (2022-2024) peut \u00eatre fait. Il a permis de lancer une&hellip;\n","protected":false},"author":2,"featured_media":228274,"comment_status":"","ping_status":"","sticky":false,"template":"","format":"standard","meta":{"footnotes":""},"categories":[1889],"tags":[1111,11,2813,2190,2430,1109,251,1112,2811,1777,674,118,1011,27,1922,1110,1114,2428,2810,12,241,316,25,2812,517,800],"class_list":{"0":"post-228273","1":"post","2":"type-post","3":"status-publish","4":"format-standard","5":"has-post-thumbnail","7":"category-lyon","8":"tag-actu","9":"tag-actualites","10":"tag-article","11":"tag-asvel","12":"tag-auvergne-rhone-alpes","13":"tag-breves","14":"tag-culture","15":"tag-depeches","16":"tag-economique","17":"tag-eu","18":"tag-europe","19":"tag-faits-divers","20":"tag-fr","21":"tag-france","22":"tag-info","23":"tag-informations","24":"tag-infos","25":"tag-lyon","26":"tag-lyonmag","27":"tag-news","28":"tag-ol","29":"tag-politique","30":"tag-republique-francaise","31":"tag-sociale","32":"tag-sport","33":"tag-transports"},"share_on_mastodon":{"url":"https:\/\/pubeurope.com\/@fr\/114801035390327189","error":""},"_links":{"self":[{"href":"https:\/\/www.europesays.com\/fr\/wp-json\/wp\/v2\/posts\/228273","targetHints":{"allow":["GET"]}}],"collection":[{"href":"https:\/\/www.europesays.com\/fr\/wp-json\/wp\/v2\/posts"}],"about":[{"href":"https:\/\/www.europesays.com\/fr\/wp-json\/wp\/v2\/types\/post"}],"author":[{"embeddable":true,"href":"https:\/\/www.europesays.com\/fr\/wp-json\/wp\/v2\/users\/2"}],"replies":[{"embeddable":true,"href":"https:\/\/www.europesays.com\/fr\/wp-json\/wp\/v2\/comments?post=228273"}],"version-history":[{"count":0,"href":"https:\/\/www.europesays.com\/fr\/wp-json\/wp\/v2\/posts\/228273\/revisions"}],"wp:featuredmedia":[{"embeddable":true,"href":"https:\/\/www.europesays.com\/fr\/wp-json\/wp\/v2\/media\/228274"}],"wp:attachment":[{"href":"https:\/\/www.europesays.com\/fr\/wp-json\/wp\/v2\/media?parent=228273"}],"wp:term":[{"taxonomy":"category","embeddable":true,"href":"https:\/\/www.europesays.com\/fr\/wp-json\/wp\/v2\/categories?post=228273"},{"taxonomy":"post_tag","embeddable":true,"href":"https:\/\/www.europesays.com\/fr\/wp-json\/wp\/v2\/tags?post=228273"}],"curies":[{"name":"wp","href":"https:\/\/api.w.org\/{rel}","templated":true}]}}