{"id":228275,"date":"2025-07-05T14:13:10","date_gmt":"2025-07-05T14:13:10","guid":{"rendered":"https:\/\/www.europesays.com\/fr\/228275\/"},"modified":"2025-07-05T14:13:10","modified_gmt":"2025-07-05T14:13:10","slug":"en-ile-de-france-une-formation-de-deux-annees-pour-apprendre-a-annoncer","status":"publish","type":"post","link":"https:\/\/www.europesays.com\/fr\/228275\/","title":{"rendered":"En \u00cele-de-France, une formation de deux ann\u00e9es pour apprendre \u00e0 \u00ab Annoncer \u00bb"},"content":{"rendered":"<p>La promesse de la formation francilienne \u00ab\u2009Annoncer\u2009\u00bb\u2009? Former des disciples missionnaires\u2009et les faire grandir dans la connaissance et l\u2019amour de l\u2019\u00c9glise.<\/p>\n<p>Le pr\u00e9c\u00e9dent cycle \u00e0 peine achev\u00e9, il est d\u00e9j\u00e0 temps, pour Diane de Laportali\u00e8re, de se tourner vers le nouveau, qui s\u2019ouvre en octobre, pour courir jusqu\u2019en 2027. La coordinatrice de la formation \u00ab\u2009Annoncer\u2009\u00bb a tout juste le temps de souffler. L\u2019\u00e9t\u00e9 qui d\u00e9bute permettra les ajustements et mises \u00e0 jour dont cette formation ne cesse de b\u00e9n\u00e9ficier depuis sa cr\u00e9ation, il y a une vingtaine d\u2019ann\u00e9es.<\/p>\n","protected":false},"excerpt":{"rendered":"La promesse de la formation francilienne \u00ab\u2009Annoncer\u2009\u00bb\u2009? Former des disciples missionnaires\u2009et les faire grandir dans la connaissance et&hellip;\n","protected":false},"author":2,"featured_media":228276,"comment_status":"","ping_status":"","sticky":false,"template":"","format":"standard","meta":{"footnotes":""},"categories":[1592],"tags":[1111,11,1777,674,3805,3799,3803,1011,27,662,3804,12,626,25,3800,3802,3801],"class_list":{"0":"post-228275","1":"post","2":"type-post","3":"status-publish","4":"format-standard","5":"has-post-thumbnail","7":"category-ile-de-france","8":"tag-actu","9":"tag-actualites","10":"tag-eu","11":"tag-europe","12":"tag-famille-catholique","13":"tag-famille-chretienne","14":"tag-famille-chretienne-actualites","15":"tag-fr","16":"tag-france","17":"tag-ile-de-france","18":"tag-magazine-famille-chretienne","19":"tag-news","20":"tag-paris","21":"tag-republique-francaise","22":"tag-site-catho","23":"tag-site-catholique","24":"tag-site-chretien"},"share_on_mastodon":{"url":"https:\/\/pubeurope.com\/@fr\/114801043297455635","error":""},"_links":{"self":[{"href":"https:\/\/www.europesays.com\/fr\/wp-json\/wp\/v2\/posts\/228275","targetHints":{"allow":["GET"]}}],"collection":[{"href":"https:\/\/www.europesays.com\/fr\/wp-json\/wp\/v2\/posts"}],"about":[{"href":"https:\/\/www.europesays.com\/fr\/wp-json\/wp\/v2\/types\/post"}],"author":[{"embeddable":true,"href":"https:\/\/www.europesays.com\/fr\/wp-json\/wp\/v2\/users\/2"}],"replies":[{"embeddable":true,"href":"https:\/\/www.europesays.com\/fr\/wp-json\/wp\/v2\/comments?post=228275"}],"version-history":[{"count":0,"href":"https:\/\/www.europesays.com\/fr\/wp-json\/wp\/v2\/posts\/228275\/revisions"}],"wp:featuredmedia":[{"embeddable":true,"href":"https:\/\/www.europesays.com\/fr\/wp-json\/wp\/v2\/media\/228276"}],"wp:attachment":[{"href":"https:\/\/www.europesays.com\/fr\/wp-json\/wp\/v2\/media?parent=228275"}],"wp:term":[{"taxonomy":"category","embeddable":true,"href":"https:\/\/www.europesays.com\/fr\/wp-json\/wp\/v2\/categories?post=228275"},{"taxonomy":"post_tag","embeddable":true,"href":"https:\/\/www.europesays.com\/fr\/wp-json\/wp\/v2\/tags?post=228275"}],"curies":[{"name":"wp","href":"https:\/\/api.w.org\/{rel}","templated":true}]}}