{"id":228279,"date":"2025-07-05T14:15:16","date_gmt":"2025-07-05T14:15:16","guid":{"rendered":"https:\/\/www.europesays.com\/fr\/228279\/"},"modified":"2025-07-05T14:15:16","modified_gmt":"2025-07-05T14:15:16","slug":"on-sest-baigne-dans-la-seine-a-paris","status":"publish","type":"post","link":"https:\/\/www.europesays.com\/fr\/228279\/","title":{"rendered":"on s\u2019est baign\u00e9 dans la Seine \u00e0 Paris"},"content":{"rendered":"<p>\u00ab\u00a0Ne bois pas la tasse\u00a0\u00bb, \u00ab\u00a0Mais c\u2019est sale\u00a0\u00bb, \u00ab\u00a0Tu vas y aller en maillot\u00a0?\u00a0\u00bb, \u00ab\u00a0Tu es s\u00fbre que ce n\u2019est pas dangereux\u00a0?\u00a0\u00bb. Depuis quelques jours, \u00e0 l\u2019id\u00e9e que <a href=\"https:\/\/www.parismatch.com\/actu\/societe\/pour-se-baigner-dans-la-seine-cet-ete-voici-ce-quil-faudra-faire-252774\" rel=\"nofollow noopener\" target=\"_blank\" data-ylk=\"slk:je puisse me jeter dans le fleuve parisien;elm:context_link;itc:0;sec:content-canvas\" class=\"link \">je puisse me jeter dans le fleuve parisien<\/a>, les r\u00e9actions \u00e9taient pour le moins craintives, voire \u00e9pidermiques. Mais voil\u00e0\u00a0! En 1988, Jacques Chirac avait fait na\u00eetre chez moi, petite Parisienne, un r\u00eave de gosse\u2026 Il aura fallu, non pas comme \u00e9voqu\u00e9 alors par le Maire de Paris en 1994, mais en 2025 pour voir ce v\u0153u r\u00e9alis\u00e9\u00a0: nager dans la Seine\u00a0! Et puisque \u00ab\u00a0les promesses n\u2019engagent que ceux qui les re\u00e7oivent\u00a0\u00bb, il fallait en avoir le c\u0153ur net\u00a0!<\/p>\n<p>Comme indiqu\u00e9 sur le site de la Mairie de Paris\u00a0: <a href=\"https:\/\/www.parismatch.com\/actu\/societe\/les-baigneurs-sont-de-retour-dans-la-seine-100-ans-apres-253803\" rel=\"nofollow noopener\" target=\"_blank\" data-ylk=\"slk:le point de baignade du Bras Marie, dans le Marais, est inaugur\u00e9 le samedi 5\u00a0juillet;elm:context_link;itc:0;sec:content-canvas\" class=\"link \">le point de baignade du Bras Marie, dans le Marais, est inaugur\u00e9 le samedi 5\u00a0juillet<\/a>. Le tourniquet (l\u2019entr\u00e9e est gratuite) ouvre \u00e0 8h\u00a0! Par\u00e9e d\u2019un sac et d\u2019une serviette, me voil\u00e0 partie, en m\u00e9tro\u2026 Sur le quai des C\u00e9lestins\u00a0: une apparition\u00a0! Un magistral ponton tout en bois donne acc\u00e8s au bassin de 70&#215;20 m\u00e8tres, face \u00e0 l\u2019\u00eele Saint-Louis, entre le Pont de Sully et Marie. Une vraie carte postale\u00a0! Les 20 frileux degr\u00e9s matinaux n\u2019ont pas d\u00e9motiv\u00e9 les Parisiens. Beaucoup de gens du quartier, amus\u00e9s, font la queue, comme \u00e0 la piscine en vacances. \u00ab\u00a0On n\u2019y croyait plus\u00a0\u00bb, \u00ab\u00a0C\u2019est trop dr\u00f4le\u00a0\u00bb. L\u2019humeur est joyeuse\u00a0!<\/p>\n<p>\u00ab\u00a0Comme \u00e0 la plage\u00a0\u00bb<\/p>\n<p>Ici, contrairement aux deux autres rendez-vous de baignade (Pont de Grenelle et Bercy), pas de vestiaire ni de toilettes\u2026 Juste des douches\u00a0! C\u2019est vraiment comme \u00e0 la plage\u00a0! \u00c2mes pudiques &#8230;<\/p>\n<p><a href=\"https:\/\/www.parismatch.com\/actu\/societe\/leffet-dun-bain-comme-dans-un-lac-urbain-on-sest-baigne-dans-la-seine-a-paris-253809?at_medium=affiliate&amp;at_campaign=Yahoo\" rel=\"nofollow noopener\" target=\"_blank\" data-ylk=\"slk:Lire la suite sur ParisMatch;elm:context_link;itc:0;sec:content-canvas\" class=\"link \">Lire la suite sur ParisMatch<\/a><\/p>\n","protected":false},"excerpt":{"rendered":"\u00ab\u00a0Ne bois pas la tasse\u00a0\u00bb, \u00ab\u00a0Mais c\u2019est sale\u00a0\u00bb, \u00ab\u00a0Tu vas y aller en maillot\u00a0?\u00a0\u00bb, \u00ab\u00a0Tu es s\u00fbre que&hellip;\n","protected":false},"author":2,"featured_media":228280,"comment_status":"","ping_status":"","sticky":false,"template":"","format":"standard","meta":{"footnotes":""},"categories":[1888],"tags":[1111,1928,11,1927,36676,1777,674,1011,27,3095,12,1926,626,1925,36677,25],"class_list":{"0":"post-228279","1":"post","2":"type-post","3":"status-publish","4":"format-standard","5":"has-post-thumbnail","7":"category-paris","8":"tag-actu","9":"tag-actu-paris","10":"tag-actualites","11":"tag-actualites-paris","12":"tag-bras-marie","13":"tag-eu","14":"tag-europe","15":"tag-fr","16":"tag-france","17":"tag-jacques-chirac","18":"tag-news","19":"tag-news-paris","20":"tag-paris","21":"tag-paris-news","22":"tag-pont-de-grenelle","23":"tag-republique-francaise"},"share_on_mastodon":{"url":"https:\/\/pubeurope.com\/@fr\/114801051649306223","error":""},"_links":{"self":[{"href":"https:\/\/www.europesays.com\/fr\/wp-json\/wp\/v2\/posts\/228279","targetHints":{"allow":["GET"]}}],"collection":[{"href":"https:\/\/www.europesays.com\/fr\/wp-json\/wp\/v2\/posts"}],"about":[{"href":"https:\/\/www.europesays.com\/fr\/wp-json\/wp\/v2\/types\/post"}],"author":[{"embeddable":true,"href":"https:\/\/www.europesays.com\/fr\/wp-json\/wp\/v2\/users\/2"}],"replies":[{"embeddable":true,"href":"https:\/\/www.europesays.com\/fr\/wp-json\/wp\/v2\/comments?post=228279"}],"version-history":[{"count":0,"href":"https:\/\/www.europesays.com\/fr\/wp-json\/wp\/v2\/posts\/228279\/revisions"}],"wp:featuredmedia":[{"embeddable":true,"href":"https:\/\/www.europesays.com\/fr\/wp-json\/wp\/v2\/media\/228280"}],"wp:attachment":[{"href":"https:\/\/www.europesays.com\/fr\/wp-json\/wp\/v2\/media?parent=228279"}],"wp:term":[{"taxonomy":"category","embeddable":true,"href":"https:\/\/www.europesays.com\/fr\/wp-json\/wp\/v2\/categories?post=228279"},{"taxonomy":"post_tag","embeddable":true,"href":"https:\/\/www.europesays.com\/fr\/wp-json\/wp\/v2\/tags?post=228279"}],"curies":[{"name":"wp","href":"https:\/\/api.w.org\/{rel}","templated":true}]}}