{"id":228291,"date":"2025-07-05T14:21:09","date_gmt":"2025-07-05T14:21:09","guid":{"rendered":"https:\/\/www.europesays.com\/fr\/228291\/"},"modified":"2025-07-05T14:21:09","modified_gmt":"2025-07-05T14:21:09","slug":"aeralis-choisit-glasgow-prestwick-pour-accueillir-la-chaine-de-montage-finale-au-royaume-uni","status":"publish","type":"post","link":"https:\/\/www.europesays.com\/fr\/228291\/","title":{"rendered":"Aeralis choisit Glasgow Prestwick pour accueillir la cha\u00eene de montage finale au Royaume-Uni"},"content":{"rendered":"<p>L\u2019a\u00e9roport de Glasgow Prestwick a \u00e9t\u00e9 confirm\u00e9 comme le lieu de l\u2019assemblage final du Royaume-Uni pr\u00e9vu pour l\u2019entra\u00eeneur \u00e0 r\u00e9action d\u2019Aeralis, avec un \u00abaccord strat\u00e9gique maintenant discut\u00e9 entre les deux parties\u00bb.<\/p>\n<p>\u00abNous sommes extr\u00eamement enthousiasm\u00e9s par cet accord avec Aeralis et l\u2019opportunit\u00e9 qu\u2019il offre de g\u00e9n\u00e9rer des emplois, des apprentissages, des investissements et de l\u2019innovation dans la r\u00e9gion de Prestwick\u00bb, a d\u00e9clar\u00e9 Ian Force, directeur g\u00e9n\u00e9ral de l\u2019a\u00e9roport de Prestwick, Ian Fornie. \u00ab\u00a0Nous sommes impatients de travailler avec Aeralis pour que cela se produise\u00a0\u00bb, ajoute-t-il sur l\u2019annonce du 4 juillet.<\/p>\n<p>\u00abPrestwick repr\u00e9sente un site id\u00e9al pour notre cha\u00eene de montage finale au Royaume-Uni\u00bb, explique Tristan Crawford, directeur g\u00e9n\u00e9ral d\u2019Aeralis. \u00abL\u2019a\u00e9roport a un fort h\u00e9ritage de l\u2019aviation, en particulier dans la fabrication d\u2019avions entiers, ainsi que d\u2019excellentes ressources locales a\u00e9rospatiales et de ressources MRO, et un mod\u00e8le d\u2019exploitation bien adapt\u00e9 pour soutenir de nouveaux programmes a\u00e9rospatiaux.\u00bb<\/p>\n<p>Crawford affirme que le site Prestwick \u00aboffrira \u00e0 Aeralis une \u00e9norme capacit\u00e9 de fonctionnement pour construire, tester et industrialiser le nouvel avion\u00bb.<\/p>\n<p>\u00ab\u00a0Aeralis travaillera d\u00e9sormais avec l\u2019a\u00e9roport et les parties prenantes locales pour affiner les d\u00e9tails du site, ainsi que pour \u00e9tablir les relations critiques avec les partenaires locaux de la technologie, de l\u2019infrastructure et de la cha\u00eene d\u2019approvisionnement pour offrir une entreprise durable et \u00e9volutive\u00a0\u00bb, a d\u00e9clar\u00e9 la soci\u00e9t\u00e9.<\/p>\n<p>Alan Gemmell, d\u00e9put\u00e9 du centre de l\u2019Ayrshire, a d\u00e9clar\u00e9 que la d\u00e9cision d\u2019Aeralis \u00abde s\u2019engager \u00e0 assembler et \u00e0 entretenir ici est une opportunit\u00e9 unique de ramener la fabrication de jets \u00e0 Prestwick\u00bb.<\/p>\n<p>S\u2019adressant \u00e0 FlightGlobal fin avril, Crawford a d\u00e9clar\u00e9 que Prestwick avait <strong>est devenu un candidat de premier plan<\/strong> En raison de facteurs, notamment une \u00abbase de comp\u00e9tences en a\u00e9rospatiale install\u00e9e\u00bb, un acc\u00e8s de piste 24\/7 et la capacit\u00e9 de l\u2019emplacement \u00e0 soutenir un \u00abprogramme gouvernemental pour promouvoir la croissance des r\u00e9gions\u00bb.<\/p>\n<p>La soci\u00e9t\u00e9 cherche un engagement de lancement aupr\u00e8s de clients potentiels, dans le but de livrer un entra\u00eeneur avanc\u00e9 op\u00e9rationnel \u00e0 partir du d\u00e9but de la d\u00e9cennie.<\/p>\n<p>Son syst\u00e8me de production pour les avions impliquerait \u00e9galement la fabrication de son fuselage commun de base (CCF) par des a\u00e9rostructures Hamble \u00e0 Southampton, Hampshire et l\u2019installation de syst\u00e8mes initiaux et de syst\u00e8mes internes sur le site de Gosport \u00e0 proximit\u00e9 de Standardaero.<\/p>\n<p>Aeralis pr\u00e9voit de produire une famille d\u2019avions modulaires autour de la structure CCF standardis\u00e9e, avec d\u2019autres versions pour potentiellement inclure un entra\u00eeneur de base \u00e0 moteur unique et un mod\u00e8le d\u2019attaque lumineux arm\u00e9.<\/p>\n<p>La start-up a identifi\u00e9 la France, le Qatar et le Royaume-Uni parmi ses objectifs de vente cl\u00e9s.<\/p>\n","protected":false},"excerpt":{"rendered":"L\u2019a\u00e9roport de Glasgow Prestwick a \u00e9t\u00e9 confirm\u00e9 comme le lieu de l\u2019assemblage final du Royaume-Uni pr\u00e9vu pour l\u2019entra\u00eeneur&hellip;\n","protected":false},"author":2,"featured_media":228292,"comment_status":"","ping_status":"","sticky":false,"template":"","format":"standard","meta":{"footnotes":""},"categories":[1588],"tags":[34144,11,36678,3839,16040,1777,674,2396,7188,36679,12,471,36680,473,1853,1873,1851,1850,1852],"class_list":{"0":"post-228291","1":"post","2":"type-post","3":"status-publish","4":"format-standard","5":"has-post-thumbnail","7":"category-royaume-uni","8":"tag-accueillir","9":"tag-actualites","10":"tag-aeralis","11":"tag-chaine","12":"tag-choisit","13":"tag-eu","14":"tag-europe","15":"tag-finale","16":"tag-glasgow","17":"tag-montage","18":"tag-news","19":"tag-pour","20":"tag-prestwick","21":"tag-royaume-uni","22":"tag-royaume-uni-de-grande-bretagne-et-dirlande-du-nord","23":"tag-royaumeuni","24":"tag-uk","25":"tag-united-kingdom","26":"tag-united-kingdom-of-great-britain-and-northern-ireland"},"share_on_mastodon":{"url":"https:\/\/pubeurope.com\/@fr\/114801074819954404","error":""},"_links":{"self":[{"href":"https:\/\/www.europesays.com\/fr\/wp-json\/wp\/v2\/posts\/228291","targetHints":{"allow":["GET"]}}],"collection":[{"href":"https:\/\/www.europesays.com\/fr\/wp-json\/wp\/v2\/posts"}],"about":[{"href":"https:\/\/www.europesays.com\/fr\/wp-json\/wp\/v2\/types\/post"}],"author":[{"embeddable":true,"href":"https:\/\/www.europesays.com\/fr\/wp-json\/wp\/v2\/users\/2"}],"replies":[{"embeddable":true,"href":"https:\/\/www.europesays.com\/fr\/wp-json\/wp\/v2\/comments?post=228291"}],"version-history":[{"count":0,"href":"https:\/\/www.europesays.com\/fr\/wp-json\/wp\/v2\/posts\/228291\/revisions"}],"wp:featuredmedia":[{"embeddable":true,"href":"https:\/\/www.europesays.com\/fr\/wp-json\/wp\/v2\/media\/228292"}],"wp:attachment":[{"href":"https:\/\/www.europesays.com\/fr\/wp-json\/wp\/v2\/media?parent=228291"}],"wp:term":[{"taxonomy":"category","embeddable":true,"href":"https:\/\/www.europesays.com\/fr\/wp-json\/wp\/v2\/categories?post=228291"},{"taxonomy":"post_tag","embeddable":true,"href":"https:\/\/www.europesays.com\/fr\/wp-json\/wp\/v2\/tags?post=228291"}],"curies":[{"name":"wp","href":"https:\/\/api.w.org\/{rel}","templated":true}]}}