{"id":228297,"date":"2025-07-05T14:24:10","date_gmt":"2025-07-05T14:24:10","guid":{"rendered":"https:\/\/www.europesays.com\/fr\/228297\/"},"modified":"2025-07-05T14:24:10","modified_gmt":"2025-07-05T14:24:10","slug":"lue-annoncera-des-sanctions-contre-israel-la-semaine-prochaine","status":"publish","type":"post","link":"https:\/\/www.europesays.com\/fr\/228297\/","title":{"rendered":"L\u2019UE annoncera des sanctions contre Isra\u00ebl la semaine prochaine"},"content":{"rendered":"<p>                    <img decoding=\"async\" style=\"aspect-ratio:16\/9\" src=\"https:\/\/www.europesays.com\/fr\/wp-content\/uploads\/2025\/07\/GettyImages-2186493151-780x520-1.webp\" width=\"100%\" loading=\"eager\"\/><\/p>\n<p>                            <a href=\"https:\/\/fr.businessam.be\/author\/redactie\/\" class=\"author-thumbnail\" style=\"border: 2px inset #00000099;\" target=\"_blank\" rel=\"noopener\"><img loading=\"lazy\" decoding=\"async\" src=\"https:\/\/www.europesays.com\/fr\/wp-content\/uploads\/2025\/07\/1751725450_234_cropped-favicon-192x192.png\" width=\"80\" height=\"80\" alt=\"Business AM\"\/><\/a>\ue05bpar <a href=\"https:\/\/fr.businessam.be\/author\/redactie\/\" target=\"_blank\" rel=\"noopener\">Business AM<\/a><br \/>\ue010publi\u00e9 le samedi 05 juillet 2025 \u00e0 15:44 \u2022 <br \/>\ue00c2 min de lecture<\/p>\n<p>Principaux renseingnements<\/p>\n<ul class=\"wp-block-list\">\n<li><strong>L\u2019UE examinera la semaine prochaine d\u2019\u00e9ventuelles sanctions contre Isra\u00ebl.<\/strong><\/li>\n<li><strong>Les mesures possibles incluent la suspension de l\u2019accord d\u2019association et des sanctions ciblant des individus.<\/strong><\/li>\n<li><strong>Obtenir un soutien unanime pour suspendre l\u2019accord sera difficile.<\/strong><\/li>\n<\/ul>\n<p>L\u2019Union europ\u00e9enne pr\u00e9pare des sanctions contre Isra\u00ebl en raison des <a href=\"https:\/\/fr.businessam.be\/des-centaines-de-morts-lors-de-la-distribution-daide-alimentaire-a-gaza\/\" target=\"_blank\" rel=\"noopener\">op\u00e9rations militaires continues \u00e0 Gaza<\/a>. La cheffe de la diplomatie europ\u00e9enne, <a href=\"https:\/\/fr.businessam.be\/lue-demande-une-augmentation-des-depenses-de-defense-face-a-des-menaces-croissantes\/\" target=\"_blank\" rel=\"noopener\">Kaja Kallas<\/a>, pr\u00e9sentera diff\u00e9rentes options la semaine prochaine.<\/p>\n<p>Parmi les mesures envisag\u00e9es figurent le gel total ou partiel de l\u2019accord d\u2019association entre l\u2019UE et Isra\u00ebl. Des sanctions individuelles contre des responsables isra\u00e9liens, des militaires et des civils sont \u00e9galement \u00e0 l\u2019\u00e9tude. D\u2019autres pistes incluent des restrictions commerciales, un embargo sur les armes ou l\u2019arr\u00eat de la coop\u00e9ration scientifique.<\/p>\n<p>Sanctions potentielles<\/p>\n<p>Une des options est la suspension totale ou partielle de l\u2019accord d\u2019association entre l\u2019UE et Isra\u00ebl. Par ailleurs, des sanctions ciblant des responsables isra\u00e9liens, des membres de l\u2019arm\u00e9e et des civils sont envisag\u00e9es. Des limitations commerciales, un embargo sur les armes ou l\u2019interruption de la collaboration scientifique et technique font \u00e9galement partie des mesures possibles.<\/p>\n<p>Processus d\u00e9cisionnel et contre-rapport isra\u00e9lien<\/p>\n<p>Les ministres europ\u00e9ens des Affaires \u00e9trang\u00e8res discuteront des propositions le 15 juillet. Le m\u00eame jour, Isra\u00ebl compte soumettre un rapport sur les am\u00e9liorations de la situation humanitaire \u00e0 Gaza. (em)<\/p>\n<p><a href=\"https:\/\/portalfr.businessam.be\/plans\/business-am-fr-offre-dete\/\" target=\"_blank\" rel=\"noreferrer noopener\">Si vous souhaitez acc\u00e9der \u00e0 tous les articles, abonnez-vous ici!<\/a><\/p>\n","protected":false},"excerpt":{"rendered":"\ue05bpar Business AM\ue010publi\u00e9 le samedi 05 juillet 2025 \u00e0 15:44 \u2022 \ue00c2 min de lecture Principaux renseingnements L\u2019UE&hellip;\n","protected":false},"author":2,"featured_media":208903,"comment_status":"","ping_status":"","sticky":false,"template":"","format":"standard","meta":{"footnotes":""},"categories":[1586],"tags":[11,2120,1777,674,1779,1011,27,665,12,36681,25,7185,1778,364],"class_list":{"0":"post-228297","1":"post","2":"type-post","3":"status-publish","4":"format-standard","5":"has-post-thumbnail","7":"category-europe","8":"tag-actualites","9":"tag-conflit","10":"tag-eu","11":"tag-europe","12":"tag-european-union","13":"tag-fr","14":"tag-france","15":"tag-gaza","16":"tag-news","17":"tag-palestina","18":"tag-republique-francaise","19":"tag-sanctions","20":"tag-ue","21":"tag-union-europeenne"},"share_on_mastodon":{"url":"https:\/\/pubeurope.com\/@fr\/114801086636364186","error":""},"_links":{"self":[{"href":"https:\/\/www.europesays.com\/fr\/wp-json\/wp\/v2\/posts\/228297","targetHints":{"allow":["GET"]}}],"collection":[{"href":"https:\/\/www.europesays.com\/fr\/wp-json\/wp\/v2\/posts"}],"about":[{"href":"https:\/\/www.europesays.com\/fr\/wp-json\/wp\/v2\/types\/post"}],"author":[{"embeddable":true,"href":"https:\/\/www.europesays.com\/fr\/wp-json\/wp\/v2\/users\/2"}],"replies":[{"embeddable":true,"href":"https:\/\/www.europesays.com\/fr\/wp-json\/wp\/v2\/comments?post=228297"}],"version-history":[{"count":0,"href":"https:\/\/www.europesays.com\/fr\/wp-json\/wp\/v2\/posts\/228297\/revisions"}],"wp:featuredmedia":[{"embeddable":true,"href":"https:\/\/www.europesays.com\/fr\/wp-json\/wp\/v2\/media\/208903"}],"wp:attachment":[{"href":"https:\/\/www.europesays.com\/fr\/wp-json\/wp\/v2\/media?parent=228297"}],"wp:term":[{"taxonomy":"category","embeddable":true,"href":"https:\/\/www.europesays.com\/fr\/wp-json\/wp\/v2\/categories?post=228297"},{"taxonomy":"post_tag","embeddable":true,"href":"https:\/\/www.europesays.com\/fr\/wp-json\/wp\/v2\/tags?post=228297"}],"curies":[{"name":"wp","href":"https:\/\/api.w.org\/{rel}","templated":true}]}}