{"id":228304,"date":"2025-07-05T14:28:16","date_gmt":"2025-07-05T14:28:16","guid":{"rendered":"https:\/\/www.europesays.com\/fr\/228304\/"},"modified":"2025-07-05T14:28:16","modified_gmt":"2025-07-05T14:28:16","slug":"le-tournoi-de-golf-le-swing-des-rapaces-rend-hommage-a-une-figure-emblematique-du-hockey-gapencais","status":"publish","type":"post","link":"https:\/\/www.europesays.com\/fr\/228304\/","title":{"rendered":"le tournoi de golf Le Swing des Rapaces rend hommage \u00e0 une figure embl\u00e9matique du hockey gapen\u00e7ais"},"content":{"rendered":"<p>La 3e \u00e9dition du tournoi de golf Le Swing des Rapaces s\u2019est tenue ce vendredi 4 juillet. Un tournoi organis\u00e9 en hommage \u00e0 l\u2019ancien hockeyeur gapen\u00e7ais Dany Galland, double champion de France dans les ann\u00e9es 1970.<\/p>\n<p>La 3e \u00e9dition du tournoi de golf <a href=\"https:\/\/www.bfmtv.com\/bfm-dici\/replay-emissions\/dici-week-end\/swing-des-rapaces-a-gap-une-journee-de-golf-pour-financer-le-hockey_VN-202407060276.html\" title=\"&quot;Swing des Rapaces&quot;: \u00e0 Gap, une journ\u00e9e de golf pour financer le hockey\" class=\"internal_link\" rel=\"nofollow noopener\" target=\"_blank\">Le Swing des Rapaces<\/a> s\u2019est tenue ce vendredi 4 juillet sur le parcours du golf de Gap-Bayard.<\/p>\n<p>Pas moins de 90 participants \u00e9taient inscrits, entre hockeyeurs, chefs d\u2019entreprise, repr\u00e9sentants du d\u00e9partement ou simples passionn\u00e9s de golf, sous un ciel bleu \u00e9clatant o\u00f9 une ambiance conviviale s\u2019est d\u00e9gag\u00e9e.<\/p>\n<p>Un hommage \u00e0 Dany Galland<\/p>\n<p>Le tournoi rend hommage \u00e0 <a href=\"https:\/\/www.bfmtv.com\/bfm-dici\/gap-dany-galland-adjoint-aux-sport-et-ancien-hockeyeur-est-mort-a-l-age-de-73-ans_AN-202408140520.html\" title=\"Gap : &quot;Dany&quot; Galland, adjoint aux sports et ancien hockeyeur, est mort \u00e0 l&#039;\u00e2ge de 73 ans\" class=\"internal_link\" rel=\"nofollow noopener\" target=\"_blank\">Dany Galland<\/a>, figure embl\u00e9matique du hockey gapen\u00e7ais, sacr\u00e9 champion de France \u00e0 deux reprises dans les ann\u00e9es 70 avec le club des <a href=\"https:\/\/www.bfmtv.com\/bfm-dici\/ligue-magnus-quels-sont-les-objectifs-des-rapaces-de-gap-et-des-diables-rouges-de-briancon_AV-202507020798.html\" title=\"Ligue Magnus: quels sont les objectifs des Rapaces de Gap et des Diables Rouges de Brian\u00e7on?\" class=\"internal_link\" rel=\"nofollow noopener\" target=\"_blank\">Rapaces de Gap<\/a>.<\/p>\n<p>Grand amateur de golf, il \u00e9tait \u00e9galement tr\u00e8s impliqu\u00e9 dans la vie locale, ayant exerc\u00e9 les fonctions d\u2019adjoint aux sports \u00e0 la ville de Gap. \u00ab\u00a0En 2023, lors de la premi\u00e8re \u00e9dition, Dany \u00e9tait pr\u00e9sent, m\u00eame s\u2019il \u00e9tait d\u00e9j\u00e0 malade. L\u2019ann\u00e9e suivante, il nous a quitt\u00e9s. Nous avons alors d\u00e9cid\u00e9 de lui rendre hommage chaque ann\u00e9e \u00e0 travers ce tournoi\u00a0\u00bb, explique \u00e0 BFM DICI son ami et ancien co\u00e9quipier Laurent Bellet, organisateur de l\u2019\u00e9v\u00e9nement.<\/p>\n<blockquote class=\"embed embed_quote\"><p>\u00ab\u00a0Dany, c\u2019\u00e9tait un monument dans la r\u00e9gion\u00a0\u00bb, ajoute-t-il avec \u00e9motion.<\/p><\/blockquote>\n<p>Ce tournoi, dont les fonds r\u00e9colt\u00e9s sont revers\u00e9s au club des Rapaces, se veut avant tout un moment de partage et de souvenir. \u00ab\u00a0Toute la journ\u00e9e, on pense \u00e0 lui\u00a0\u00bb, sourit Laurent Bellet.<\/p>\n<p>Une journ\u00e9e charg\u00e9e d\u2019\u00e9motion pour la famille et les proches<\/p>\n<p>Pour la famille de Dany Galland, cet \u00e9v\u00e9nement est un bel hommage. Son \u00e9pouse, sa fille et son fils Renaud \u00e9taient pr\u00e9sents lors de cette journ\u00e9e. \u00ab\u00a0J\u2019ai retrouv\u00e9 mon p\u00e8re sur les parcours de golf, c\u2019\u00e9tait notre passion commune. Je n\u2019ai jamais jou\u00e9 au hockey comme lui\u00a0\u00bb, confie Renaud Galland.<\/p>\n<blockquote class=\"embed embed_quote\"><p>\u00ab\u00a0Cette journ\u00e9e c\u00e9l\u00e8bre la personne merveilleuse qu\u2019il \u00e9tait. Il y a ici \u00e9norm\u00e9ment de gens qu\u2019il aimait et qui l\u2019aimaient\u00a0\u00bb, poursuit-il avec \u00e9motion.<\/p><\/blockquote>\n<p>De nombreux anciens joueurs des Rapaces de Gap \u00e9taient \u00e9galement pr\u00e9sents, renfor\u00e7ant encore un peu plus la chaleur de cet hommage sportif et humain.<\/p>\n","protected":false},"excerpt":{"rendered":"La 3e \u00e9dition du tournoi de golf Le Swing des Rapaces s\u2019est tenue ce vendredi 4 juillet. Un&hellip;\n","protected":false},"author":2,"featured_media":228305,"comment_status":"","ping_status":"","sticky":false,"template":"","format":"standard","meta":{"footnotes":""},"categories":[1418],"tags":[1011,27,1472,60],"class_list":{"0":"post-228304","1":"post","2":"type-post","3":"status-publish","4":"format-standard","5":"has-post-thumbnail","7":"category-golf","8":"tag-fr","9":"tag-france","10":"tag-golf","11":"tag-sports"},"share_on_mastodon":{"url":"https:\/\/pubeurope.com\/@fr\/114801102276934340","error":""},"_links":{"self":[{"href":"https:\/\/www.europesays.com\/fr\/wp-json\/wp\/v2\/posts\/228304","targetHints":{"allow":["GET"]}}],"collection":[{"href":"https:\/\/www.europesays.com\/fr\/wp-json\/wp\/v2\/posts"}],"about":[{"href":"https:\/\/www.europesays.com\/fr\/wp-json\/wp\/v2\/types\/post"}],"author":[{"embeddable":true,"href":"https:\/\/www.europesays.com\/fr\/wp-json\/wp\/v2\/users\/2"}],"replies":[{"embeddable":true,"href":"https:\/\/www.europesays.com\/fr\/wp-json\/wp\/v2\/comments?post=228304"}],"version-history":[{"count":0,"href":"https:\/\/www.europesays.com\/fr\/wp-json\/wp\/v2\/posts\/228304\/revisions"}],"wp:featuredmedia":[{"embeddable":true,"href":"https:\/\/www.europesays.com\/fr\/wp-json\/wp\/v2\/media\/228305"}],"wp:attachment":[{"href":"https:\/\/www.europesays.com\/fr\/wp-json\/wp\/v2\/media?parent=228304"}],"wp:term":[{"taxonomy":"category","embeddable":true,"href":"https:\/\/www.europesays.com\/fr\/wp-json\/wp\/v2\/categories?post=228304"},{"taxonomy":"post_tag","embeddable":true,"href":"https:\/\/www.europesays.com\/fr\/wp-json\/wp\/v2\/tags?post=228304"}],"curies":[{"name":"wp","href":"https:\/\/api.w.org\/{rel}","templated":true}]}}