{"id":228306,"date":"2025-07-05T14:29:10","date_gmt":"2025-07-05T14:29:10","guid":{"rendered":"https:\/\/www.europesays.com\/fr\/228306\/"},"modified":"2025-07-05T14:29:10","modified_gmt":"2025-07-05T14:29:10","slug":"hugo-pagerie-dit-stop-au-fc-chauray-et-se-consacre-au-volley","status":"publish","type":"post","link":"https:\/\/www.europesays.com\/fr\/228306\/","title":{"rendered":"Hugo Pagerie dit stop au FC Chauray et se consacre au volley"},"content":{"rendered":"<p>\u00c0 la fois d\u00e9fenseur au FC Chauray et passeur pour le VBP Niort, Hugo Pagerie avait la particularit\u00e9 d\u2019exceller au ballon rond et au volley. <a target=\"_blank\" href=\"https:\/\/www.lanouvellerepublique.fr\/niort\/nationale-2-hugo-pagerie-ne-baisse-pas-de-rythme-avec-le-vbp-niort-1741771807\" rel=\"noopener\">Deux disciplines qu\u2019il pratique simultan\u00e9ment<\/a> depuis ses quatre\u00a0ans. N\u00e9 de parents volleyeurs, le Deux-S\u00e9vrien se tourne naturellement vers ce sport, avant d\u2019ajouter le football, d\u00e9couvert dans les cours de r\u00e9cr\u00e9ation avec ses amis, \u00e0 l\u2019\u00e9quation&#8230;. <\/p>\n<p>    Cet article a \u00e9t\u00e9 tronqu\u00e9. Abonnez-vous pour lire l&rsquo;article complet sur notre site.<\/p>\n<p style=\"margin: 0 !important; padding: 0 !important; font-size: 12px !important;\">Cet article a \u00e9t\u00e9 tronqu\u00e9. Abonnez-vous pour lire l&rsquo;article complet.<\/p>\n<p>    <a href=\"https:\/\/www.lanouvellerepublique.fr\/abonnements\" style=\"display: inline-block; margin-top: 5px !important; padding: 6px 12px !important; background: #cb1c27; color: white; text-decoration: none; border-radius: 4px; font-size: 12px !important;\" target=\"_blank\" rel=\"noopener\"><br \/>\n      S&rsquo;abonner<br \/>\n    <\/a><\/p>\n","protected":false},"excerpt":{"rendered":"\u00c0 la fois d\u00e9fenseur au FC Chauray et passeur pour le VBP Niort, Hugo Pagerie avait la particularit\u00e9&hellip;\n","protected":false},"author":2,"featured_media":228307,"comment_status":"","ping_status":"","sticky":false,"template":"","format":"standard","meta":{"footnotes":""},"categories":[1417],"tags":[1392,2545,1011,27,6752,60,1470,1469],"class_list":{"0":"post-228306","1":"post","2":"type-post","3":"status-publish","4":"format-standard","5":"has-post-thumbnail","7":"category-volley","8":"tag-a-la-une-local","9":"tag-deux-sevres","10":"tag-fr","11":"tag-france","12":"tag-niort","13":"tag-sports","14":"tag-volley","15":"tag-volleyball"},"share_on_mastodon":{"url":"https:\/\/pubeurope.com\/@fr\/114801106160533418","error":""},"_links":{"self":[{"href":"https:\/\/www.europesays.com\/fr\/wp-json\/wp\/v2\/posts\/228306","targetHints":{"allow":["GET"]}}],"collection":[{"href":"https:\/\/www.europesays.com\/fr\/wp-json\/wp\/v2\/posts"}],"about":[{"href":"https:\/\/www.europesays.com\/fr\/wp-json\/wp\/v2\/types\/post"}],"author":[{"embeddable":true,"href":"https:\/\/www.europesays.com\/fr\/wp-json\/wp\/v2\/users\/2"}],"replies":[{"embeddable":true,"href":"https:\/\/www.europesays.com\/fr\/wp-json\/wp\/v2\/comments?post=228306"}],"version-history":[{"count":0,"href":"https:\/\/www.europesays.com\/fr\/wp-json\/wp\/v2\/posts\/228306\/revisions"}],"wp:featuredmedia":[{"embeddable":true,"href":"https:\/\/www.europesays.com\/fr\/wp-json\/wp\/v2\/media\/228307"}],"wp:attachment":[{"href":"https:\/\/www.europesays.com\/fr\/wp-json\/wp\/v2\/media?parent=228306"}],"wp:term":[{"taxonomy":"category","embeddable":true,"href":"https:\/\/www.europesays.com\/fr\/wp-json\/wp\/v2\/categories?post=228306"},{"taxonomy":"post_tag","embeddable":true,"href":"https:\/\/www.europesays.com\/fr\/wp-json\/wp\/v2\/tags?post=228306"}],"curies":[{"name":"wp","href":"https:\/\/api.w.org\/{rel}","templated":true}]}}