{"id":228308,"date":"2025-07-05T14:30:13","date_gmt":"2025-07-05T14:30:13","guid":{"rendered":"https:\/\/www.europesays.com\/fr\/228308\/"},"modified":"2025-07-05T14:30:13","modified_gmt":"2025-07-05T14:30:13","slug":"pour-galthie-les-bleus-sont-en-grande-souffrance-sur-un-poste-precis","status":"publish","type":"post","link":"https:\/\/www.europesays.com\/fr\/228308\/","title":{"rendered":"pour Galthi\u00e9, les Bleus sont en grande souffrance sur un poste pr\u00e9cis"},"content":{"rendered":"<p>Le constat dress\u00e9 par Fabien Galthi\u00e9 a de quoi inqui\u00e9ter. Ce samedi matin, le XV de France dispute son premier de ses trois test-match face \u00e0 la Nouvelle-Z\u00e9lande. Pour l\u2019occasion et en absence de nombreux cadres, le s\u00e9lectionneur a d\u00e9cid\u00e9 de positionner Micka\u00ebl Guillard en num\u00e9ro 8. S\u2019il a \u00e9t\u00e9 form\u00e9 \u00e0 ce poste, le Lyonnais \u00e9volue d\u00e9sormais davantage un cran plus haut, en deuxi\u00e8me-ligne.<\/p>\n<p>\u00ab\u00a0Il y a tr\u00e8s peu de num\u00e9ro 8\u00a0\u00bb d\u00e9plore Galthi\u00e9<\/p>\n<p>Pour Fabien Galthi\u00e9, ce choix est quelque peu forc\u00e9. Derri\u00e8re Gr\u00e9gory Alldritt, le technicien estime qu\u2019il existe un grand vide en France\u00a0: \u00ab\u00a0Je ne sais pas si vous avez vu, mais il n\u2019y a quasiment pas de n\u00b08 en France, \u00e0 part Greg Alldritt. Nous essayons de d\u00e9velopper des potentiels \u00e0 ce poste-l\u00e0. \u00a0On cherche des solutions. Il y a tr\u00e8s peu de n\u00b08. Micka en est une. Il s\u2019en est bien sorti en Angleterre, on lui redonne sa chance\u00a0\u00bb.<\/p>\n<p>Derri\u00e8re le Rochelais, v\u00e9ritable taulier du XV de France depuis le d\u00e9but du mandat de Galthi\u00e9, les solutions manquent. Alexandre Roumat et Anthony Jelonch peuvent \u00eatre utilis\u00e9s \u00e0 ce poste mais ne sont pas disponibles pour cette tourn\u00e9e. L\u2019\u00e9quation aurait d\u00fb \u00eatre r\u00e9solue par la pr\u00e9sence de Marko Gazzotti, mais le Bordelais n\u2019a finalement pas pu rejoindre le groupe apr\u00e8s avoir subi une commotion en finale du Top 14.<\/p>\n<p>\u00a0<\/p>\n<p>Partagez cette info avec vos amis et vos proches en cliquant ici<br \/>Pour r\u00e9sumer<\/p>\n<p>Fabien Galthi\u00e9 a alert\u00e9 sur le manque de profondeur dans le r\u00e9servoir fran\u00e7ais \u00e0 un poste bien pr\u00e9cis. Le s\u00e9lectionneur des Bleus va devoir replacer Micka\u00ebl Guillard, plut\u00f4t utilis\u00e9 en deuxi\u00e8me-ligne, en tant que num\u00e9ro 8.<\/p>\n<p> <img decoding=\"async\" width=\"76\" height=\"76\" loading=\"lazy\" src=\"https:\/\/www.europesays.com\/fr\/wp-content\/uploads\/2025\/04\/avatar-quinze.png\" alt=\"Arnaud D\u00e9chelotte\"\/><\/p>\n","protected":false},"excerpt":{"rendered":"Le constat dress\u00e9 par Fabien Galthi\u00e9 a de quoi inqui\u00e9ter. Ce samedi matin, le XV de France dispute&hellip;\n","protected":false},"author":2,"featured_media":228309,"comment_status":"","ping_status":"","sticky":false,"template":"","format":"standard","meta":{"footnotes":""},"categories":[1416],"tags":[1011,27,479,1468,60],"class_list":{"0":"post-228308","1":"post","2":"type-post","3":"status-publish","4":"format-standard","5":"has-post-thumbnail","7":"category-rugby","8":"tag-fr","9":"tag-france","10":"tag-rugby","11":"tag-rugby-football","12":"tag-sports"},"share_on_mastodon":{"url":"https:\/\/pubeurope.com\/@fr\/114801110175808568","error":""},"_links":{"self":[{"href":"https:\/\/www.europesays.com\/fr\/wp-json\/wp\/v2\/posts\/228308","targetHints":{"allow":["GET"]}}],"collection":[{"href":"https:\/\/www.europesays.com\/fr\/wp-json\/wp\/v2\/posts"}],"about":[{"href":"https:\/\/www.europesays.com\/fr\/wp-json\/wp\/v2\/types\/post"}],"author":[{"embeddable":true,"href":"https:\/\/www.europesays.com\/fr\/wp-json\/wp\/v2\/users\/2"}],"replies":[{"embeddable":true,"href":"https:\/\/www.europesays.com\/fr\/wp-json\/wp\/v2\/comments?post=228308"}],"version-history":[{"count":0,"href":"https:\/\/www.europesays.com\/fr\/wp-json\/wp\/v2\/posts\/228308\/revisions"}],"wp:featuredmedia":[{"embeddable":true,"href":"https:\/\/www.europesays.com\/fr\/wp-json\/wp\/v2\/media\/228309"}],"wp:attachment":[{"href":"https:\/\/www.europesays.com\/fr\/wp-json\/wp\/v2\/media?parent=228308"}],"wp:term":[{"taxonomy":"category","embeddable":true,"href":"https:\/\/www.europesays.com\/fr\/wp-json\/wp\/v2\/categories?post=228308"},{"taxonomy":"post_tag","embeddable":true,"href":"https:\/\/www.europesays.com\/fr\/wp-json\/wp\/v2\/tags?post=228308"}],"curies":[{"name":"wp","href":"https:\/\/api.w.org\/{rel}","templated":true}]}}