{"id":228314,"date":"2025-07-05T14:35:12","date_gmt":"2025-07-05T14:35:12","guid":{"rendered":"https:\/\/www.europesays.com\/fr\/228314\/"},"modified":"2025-07-05T14:35:12","modified_gmt":"2025-07-05T14:35:12","slug":"marion-rousse-nhabite-pas-en-france-sa-vie-paisible-avec-julian-alaphilippe-et-leur-fils-nino-dans-une-ville-a-1300-metres-daltitude","status":"publish","type":"post","link":"https:\/\/www.europesays.com\/fr\/228314\/","title":{"rendered":"Marion Rousse n&rsquo;habite pas en France : sa vie paisible avec Julian Alaphilippe et leur fils Nino dans une ville \u00e0 1300 m\u00e8tres d\u2019altitude"},"content":{"rendered":"<p>            <img loading=\"lazy\" decoding=\"async\" src=\"https:\/\/www.europesays.com\/fr\/wp-content\/uploads\/2025\/04\/145-6602e1ce8ddc4-35x35-1.jpg\" class=\"author-article-picture\" width=\"35\" height=\"35\"\/><\/p>\n<p>                Par<br \/>\n                                    <a class=\"author-article-bio-link\" href=\"https:\/\/www.purepeople.com\/auteur\/lucie-gosselin_a145\" target=\"_blank\" rel=\"noopener\">Lucie Gosselin<\/a><br \/>\n                                                    | R\u00e9dactrice<\/p>\n<p>\n                Journaliste passionn\u00e9e, depuis plus de 10 ans, je r\u00e9alise des enqu\u00eates, des portraits, des reportages ou des interviews.\n            <\/p>\n<p>\n    Julian Alaphilippe et Marion Rousse filent le parfait amour\u2026 \u00e0 1300 m\u00e8tres d\u2019altitude. Install\u00e9s depuis 5 ans dans une maison perch\u00e9e au c\u0153ur de l\u2019Andorre, le coureur cycliste et l&rsquo;ancienne championne de France devenue consultante pour France T\u00e9l\u00e9visions y ont construit un cocon paisible avec leur fils Nino. \u00c0 l\u2019heure du d\u00e9part du Tour de France, le couple va devoir quitter temporairement ce havre de s\u00e9r\u00e9nit\u00e9 pour retrouver l\u2019agitation de la Grande Boucle.\n<\/p>\n<p>                            <img loading=\"lazy\" decoding=\"async\" class=\"player-thumbnail\" src=\"https:\/\/www.europesays.com\/fr\/wp-content\/uploads\/2025\/07\/1e89f76833b067e2-580x326-2.jpg\" width=\"580\" height=\"326\"\/><\/p>\n<p>                    Marion Rousse n&rsquo;habite pas en France : sa vie paisible avec Julian Alaphilippe et leur fils Nino dans une ville \u00e0 1300 m\u00e8tres d\u2019altitude<\/p>\n<p>La suite apr\u00e8s la publicit\u00e9<\/p>\n<p><strong>C\u2019est reparti pour un tour !<\/strong> Ce samedi 5 juillet 2025 d\u00e9marre \u00e0 Lille la <strong>112e \u00e9dition de la Grande Boucle<\/strong> ! Un \u00e9v\u00e9nement majeur qui attire chaque ann\u00e9e pr\u00e8s de <strong>3,5 milliards de t\u00e9l\u00e9spectateurs dans le monde<\/strong>, ce qui en fait la troisi\u00e8me comp\u00e9tition sportive la plus regard\u00e9e au monde derri\u00e8re les JO et la Coupe du monde de football. Cette ann\u00e9e encore, derri\u00e8re leur t\u00e9l\u00e9viseur ou au bord des routes, les supporters fran\u00e7ais vont r\u00eaver qu\u2019un coureur tricolore remporte l\u2019\u00e9preuve. Cela fait en effet 40 ans que <a href=\"https:\/\/www.purepeople.com\/article\/bernard-hinault-grand-pere-un-papy-heureux-et-une-vie-de-reve_a150670\/1\" target=\"_blank\" rel=\"noopener\">Bernard Hinault, devenu un papy heureux, a gagn\u00e9 le Tour de France<\/a>. Il est le dernier cycliste portant les couleurs nationales \u00e0 avoir fini avec le maillot jaune \u00e0 Paris. Une \u00e9ternit\u00e9\u2026<\/p>\n<p>Malgr\u00e9 la glorieuse incertitude du sport, pour reprendre l\u2019expression de Camus, il y a peu de chance pour que la mal\u00e9diction soit rompue. Une nouvelle fois, le duel au sommet qui se dessine entre l\u2019ogre slov\u00e8ne <strong>Tadej Pogacar<\/strong>, vainqueur l\u2019an pass\u00e9, et le Danois <strong>Jonas Vingegaard<\/strong>, <a href=\"https:\/\/www.purepeople.com\/article\/pogacar-roglic-bardet-gaudu-a-quoi-ressemblent-les-compagnes-et-les-femmes-des-stars-du-tour-de-france-photos_a524605\/1\" target=\"_blank\" rel=\"noopener\">tous deux soutenus par leurs ravissantes compagnes<\/a>, ne devrait laisser que quelques miettes aux autres participants\u2026<\/p>\n<p>Parmi eux, le Fran\u00e7ais <strong>Julian Alaphilippe<\/strong> ! Absent l\u2019ann\u00e9e derni\u00e8re, le double champion du monde retrouve cette ann\u00e9e le public sous son maillot noir de l\u2019\u00e9quipe Tudor. Malgr\u00e9 son palmar\u00e8s flatteur,<strong> cet ancien porteur du maillot jaune<\/strong>, sacr\u00e9 meilleur grimpeur de la comp\u00e9tition en 2018, et qui a d\u00e9j\u00e0 remport\u00e9 six \u00e9tapes du plus prestigieux des grands tours, ne devrait pas pouvoir rivaliser avec les deux cadors. Il sera pourtant, lui aussi, soutenu de tout c\u0153ur par la femme de sa vie.<\/p>\n<p>\u00a0<\/p>\n<p>Marion Rousse est all\u00e9e se confiner avec Julian Alaphilippe en Andorre<\/p>\n<p>\u00a0<\/p>\n<p>Depuis cinq ans, le champion partage la vie d\u2019une ancienne coureuse : <a href=\"https:\/\/www.purepeople.com\/people\/marion-rousse_p552751\" target=\"_blank\" rel=\"noopener\">Marion Rousse<\/a>. Mais en d\u00e9pit des sentiments qui animent cette derni\u00e8re, <strong>la jeune femme \u00e2g\u00e9e de 33 ans<\/strong> devra garder son objectivit\u00e9. Fid\u00e8le au rendez-vous depuis 2017, l\u2019ancienne cycliste, sacr\u00e9e championne de France en 2012, retrouvera en effet cette ann\u00e9e encore son r\u00f4le de consultante sur France T\u00e9l\u00e9visions, aux c\u00f4t\u00e9s de <a href=\"https:\/\/www.purepeople.com\/people\/laurent-jalabert_p194941\" target=\"_blank\" rel=\"noopener\">Laurent Jalabert<\/a> et Alexandre Pasteur.<\/p>\n<p>L\u2019un sur les routes, l\u2019autre dans sa cabine de commentatrice, <a href=\"https:\/\/www.purepeople.com\/article\/marion-rousse-en-larmes-devant-le-triomphe-de-julian-alaphilippe-leur-fils-nino-temoin-elle-n-oublie-pas-de-lancer-une-pique_a523156\/1\" target=\"_blank\" rel=\"noopener\">depuis laquelle elle ne m\u00e2che parfois pas ses mots<\/a>, tous deux vont donc devoir quitter pendant trois semaines le pr\u00e9cieux refuge qui h\u00e9berge leur amour.<a href=\"https:\/\/www.purepeople.com\/article\/marion-rousse-et-julian-alaphilippe-installes-a-andorre-leur-fils-nino-immortalise-dans-la-neige-les-internautes-fondent_a500587\/1\" target=\"_blank\" rel=\"noopener\"> Un havre de paix nich\u00e9 au c\u0153ur des Pyr\u00e9n\u00e9es<\/a>\u2026<\/p>\n<p>L\u2019Andorre. C\u2019est dans cette principaut\u00e9 ind\u00e9pendante perch\u00e9e entre France et Espagne que <strong>Julian a choisi d\u2019habiter apr\u00e8s l\u2019\u00e9dition 2018 du Tour de France<\/strong>. Le champion a pos\u00e9 ses v\u00e9los et ses cuissards dans une maison <strong>sur les hauteurs de La Massana, petite station de ski situ\u00e9e au nord d\u2019Andorre-la-Vieille<\/strong>. Il avait expliqu\u00e9 \u00e0 l\u2019\u00e9poque avoir suivi les conseils du directeur de son ancienne \u00e9quipe, Patrick Lefevere, <a href=\"https:\/\/www.purepeople.com\/article\/julian-alaphilippe-sa-cherie-marion-rousse-critiquee-par-son-propre-patron-il-sort-de-sa-reserve_a521470\/1\" target=\"_blank\" rel=\"noopener\">qui avait eu des mots tr\u00e8s durs pour le couple qu&rsquo;il forme avec Marion<\/a>, et de son ancien co\u00e9quipier, le Belge <strong>Remco Evenepoel. <\/strong>Tous deux lui avaient expliqu\u00e9 que vivre en d\u2019altitude permettait d\u2019\u00e9viter de faire des stages en hiver. Afin de pr\u00e9parer leurs organismes \u00e0 la saison \u00e9prouvante des comp\u00e9titions, la plupart des coureurs partent en effet entre d\u00e9cembre et f\u00e9vrier rouler sur des sommets \u00e9lev\u00e9s, aux Canaries notamment.<\/p>\n<p>\u00a0<\/p>\n<p>Marion Rousse sortait d&rsquo;une tr\u00e8s longue histoire avec un autre champion de v\u00e9lo<\/p>\n<p>\u00a0<\/p>\n<p>C\u2019est donc dans son repaire andorran que Marion Rousse est venue rejoindre Julian en 2020, apr\u00e8s avoir rompu avec un autre champion de v\u00e9lo, <a href=\"https:\/\/www.purepeople.com\/article\/marion-rousse-et-tony-gallopin-separes-elle-annonce-leur-rupture_a373889\/1\" target=\"_blank\" rel=\"noopener\">Tony Gallopin, avec qui elle \u00e9tait rest\u00e9e en couple plus de dix ans<\/a>. \u00ab\u00a0<strong>Parce que la vie ne se d\u00e9roule pas toujours comme pr\u00e9vu<\/strong>&#8230;\u00a0\u00bb avait-elle comment\u00e9 sur Insta au moment de cette rupture.<\/p>\n<p>\u00a0<\/p>\n<p>Pour celle qui a \u00e9t\u00e9 <strong>nomm\u00e9e directrice du Tour de France f\u00e9minin en 2021,<\/strong> la transition a \u00e9t\u00e9 un peu sp\u00e9ciale. Peu apr\u00e8s qu\u2019elle eut am\u00e9nag\u00e9 chez son nouveau ch\u00e9ri, le coronavirus s\u2019abattait sur le monde. La France se retrouvait confin\u00e9e. C\u2019est donc en Andorre, dans leur magnifique propri\u00e9t\u00e9 perch\u00e9e, <strong>devant un panorama fabuleux visible depuis leur terrasse<\/strong>, que le couple a pass\u00e9 ces mois un peu sp\u00e9ciaux. \u00ab Soyons responsables, restons chez nous ! \u00bb, avait post\u00e9 en mars 2020 la jeune femme sur ses r\u00e9seaux sociaux en l\u00e9gende d\u2019une photo d\u2019elle sur son v\u00e9lo pos\u00e9 sur des rouleaux, les montagnes autour d\u2019elle, la vall\u00e9e \u00e0 ses pieds. <a href=\"https:\/\/www.purepeople.com\/article\/maison-de-stars-julian-alaphilippe-et-marion-rousse-installes-dans-un-paradis-fiscal-des-voisins-connus-dans-les-parages_a510643\/1\" target=\"_blank\" rel=\"noopener\">Un petit paradis, \u00e0 la fois naturel\u2026 mais aussi fiscal<\/a>. En Andorre, la TVA est de 4,5 % et l&rsquo;imp\u00f4t sur le revenu de 10 % maximum. Des avantages qui, selon le journal People, ont attir\u00e9 de nombreux sportifs c\u00e9l\u00e8bres comme le pilote de moto <strong>Fabio Quartararo <\/strong>ou l\u2019ancien joueur de foot <strong>Rui Costa<\/strong>.<\/p>\n<p>\u00a0<\/p>\n<p>\u00ab\u00a0Ce sont des b\u00eatises\u00a0\u00bb, a assur\u00e9 Julian \u00e0 r\u00e9ponse \u00e0 ceux qui voient l&rsquo;Andorre comme un paradis fiscal\u00a0<\/p>\n<p>\u00a0<\/p>\n<p>Interrog\u00e9 sur cette question par Le Parisien en 2021, Julian Alaphilippe s\u2019\u00e9tait ainsi justifi\u00e9 : \u00ab D\u00e9j\u00e0, c&rsquo;est un magnifique endroit. J&rsquo;y ai trouv\u00e9 de l&rsquo;apaisement. Et c&rsquo;est un excellent terrain de jeu. Ce n&rsquo;est pas pour rien que nous sommes autant \u00e0 nous y installer. Il y a beaucoup de cols. [&#8230;] Parler uniquement de paradis fiscal, ce sont des b\u00eatises. \u00bb<\/p>\n<p>Une chose est s\u00fbre : <strong>Nino, le fils de Julian et Marion<\/strong>, n\u00e9 le 14 juin 2021, <a href=\"https:\/\/www.purepeople.com\/article\/photo-marion-rousse-degaine-un-cliche-vintage-la-compagne-de-julian-alaphilippe-est-le-portrait-crache-de-leur-fils-nino_a520604\/1\" target=\"_blank\" rel=\"noopener\">et qui est le portrait crach\u00e9 de sa maman lorsqu&rsquo;elle \u00e9tait enfant<\/a>, semble s\u2019\u00e9panouir pleinement dans ce cadre de vie. Sur leurs r\u00e9seaux sociaux, le couple partage r\u00e9guli\u00e8rement des clich\u00e9s de leur enfant, dans la neige en hiver ou en randonn\u00e9e lorsque la saison le permet. Tr\u00e8s souvent, ces images laissent entrevoir la vue imprenable qu\u2019offre leur propri\u00e9t\u00e9, ainsi que <strong>l\u2019int\u00e9rieur chaleureux de leur maison, o\u00f9 le parquet en bois<\/strong> et l\u2019atmosph\u00e8re apaisante invitent \u00e0 la s\u00e9r\u00e9nit\u00e9\u2026<\/p>\n<p>Ce n\u2019est peut-\u00eatre pas suffisant pour gagner le Tour, mais pour Julian, Marion et Nino, <a href=\"https:\/\/www.purepeople.com\/article\/ma-priorite-avec-nino-cest-marion-rousse-se-confie-sur-leducation-de-son-fils-quelle-a-eu-avec-julian-alaphilippe_a533782\/1\" target=\"_blank\" rel=\"noopener\">\u00e0 qui ils souhaitent offrir une enfance normale<\/a>, <strong>la promesse d\u2019une vie heureuse semble valoir tous les maillots jaunes<\/strong>.<\/p>\n<p>        <img decoding=\"async\" class=\"thumb-img-100 thumb-img\" src=\"https:\/\/www.europesays.com\/fr\/wp-content\/uploads\/2025\/07\/7728762-invitee-de-michel-drucker-dans-vivement-320x180-3.jpg\" alt=\"&quot;\u00c7a a \u00e9t\u00e9 le moment le plus difficile&quot; : Marion Rousse a travers\u00e9 une p\u00e9riode d\u00e9licate avec son compagnon Julian Alaphilippe\" width=\"320\" height=\"180\" loading=\"lazy\" role=\"presentation\"\/><\/p>\n<p>                                            \u00ab\u00a0\u00c7a a \u00e9t\u00e9 le moment le plus difficile\u00a0\u00bb : Marion Rousse a travers\u00e9 une p\u00e9riode d\u00e9licate avec son compagnon Julian Alaphilippe<\/p>\n<p>        <img decoding=\"async\" class=\"thumb-img-100 thumb-img\" src=\"https:\/\/www.europesays.com\/fr\/wp-content\/uploads\/2025\/07\/5542421-marion-rousse-selfie-avec-julian-alaphi-320x180-4.jpg\" alt=\"Marion Rousse : Oubli\u00e9 Tony Gallopin, elle est en couple avec Julian Alaphilippe\" width=\"320\" height=\"180\" loading=\"lazy\" role=\"presentation\"\/><\/p>\n<p>                                            Marion Rousse : Oubli\u00e9 Tony Gallopin, elle est en couple avec Julian Alaphilippe<\/p>\n<p>        <img decoding=\"async\" class=\"thumb-img-100 thumb-img\" src=\"https:\/\/www.europesays.com\/fr\/wp-content\/uploads\/2025\/07\/5544287-marion-rousse-selfie-avec-julian-alaphi-320x180-5.jpg\" alt=\"Marion Rousse en couple avec Julian Alaphilippe : &quot;Je reste la Marion d'avant !&quot;\" width=\"320\" height=\"180\" loading=\"lazy\" role=\"presentation\"\/><\/p>\n<p>                                            Marion Rousse en couple avec Julian Alaphilippe : \u00ab\u00a0Je reste la Marion d&rsquo;avant !\u00a0\u00bb<\/p>\n","protected":false},"excerpt":{"rendered":"Par Lucie Gosselin | R\u00e9dactrice Journaliste passionn\u00e9e, depuis plus de 10 ans, je r\u00e9alise des enqu\u00eates, des portraits,&hellip;\n","protected":false},"author":2,"featured_media":228315,"comment_status":"","ping_status":"","sticky":false,"template":"","format":"standard","meta":{"footnotes":""},"categories":[1411],"tags":[1154,207,1011,27,60],"class_list":{"0":"post-228314","1":"post","2":"type-post","3":"status-publish","4":"format-standard","5":"has-post-thumbnail","7":"category-cyclisme","8":"tag-cycling","9":"tag-cyclisme","10":"tag-fr","11":"tag-france","12":"tag-sports"},"share_on_mastodon":{"url":"https:\/\/pubeurope.com\/@fr\/114801130027559802","error":""},"_links":{"self":[{"href":"https:\/\/www.europesays.com\/fr\/wp-json\/wp\/v2\/posts\/228314","targetHints":{"allow":["GET"]}}],"collection":[{"href":"https:\/\/www.europesays.com\/fr\/wp-json\/wp\/v2\/posts"}],"about":[{"href":"https:\/\/www.europesays.com\/fr\/wp-json\/wp\/v2\/types\/post"}],"author":[{"embeddable":true,"href":"https:\/\/www.europesays.com\/fr\/wp-json\/wp\/v2\/users\/2"}],"replies":[{"embeddable":true,"href":"https:\/\/www.europesays.com\/fr\/wp-json\/wp\/v2\/comments?post=228314"}],"version-history":[{"count":0,"href":"https:\/\/www.europesays.com\/fr\/wp-json\/wp\/v2\/posts\/228314\/revisions"}],"wp:featuredmedia":[{"embeddable":true,"href":"https:\/\/www.europesays.com\/fr\/wp-json\/wp\/v2\/media\/228315"}],"wp:attachment":[{"href":"https:\/\/www.europesays.com\/fr\/wp-json\/wp\/v2\/media?parent=228314"}],"wp:term":[{"taxonomy":"category","embeddable":true,"href":"https:\/\/www.europesays.com\/fr\/wp-json\/wp\/v2\/categories?post=228314"},{"taxonomy":"post_tag","embeddable":true,"href":"https:\/\/www.europesays.com\/fr\/wp-json\/wp\/v2\/tags?post=228314"}],"curies":[{"name":"wp","href":"https:\/\/api.w.org\/{rel}","templated":true}]}}