{"id":228347,"date":"2025-07-05T14:50:10","date_gmt":"2025-07-05T14:50:10","guid":{"rendered":"https:\/\/www.europesays.com\/fr\/228347\/"},"modified":"2025-07-05T14:50:10","modified_gmt":"2025-07-05T14:50:10","slug":"lhistoire-de-lucas-suscite-lemotion","status":"publish","type":"post","link":"https:\/\/www.europesays.com\/fr\/228347\/","title":{"rendered":"l\u2019histoire de Lucas suscite l\u2019\u00e9motion"},"content":{"rendered":"<p><strong>R\u00c9CIT &#8211; <\/strong>Lucas Wafflart avait rachet\u00e9 la ferme de ses grands-parents surendett\u00e9s pour 10.045 euros. Dix jours plus tard, un retrait\u00e9 du Lot-et-Garonne a surench\u00e9ri de 10%.<strong>\u00a0<\/strong><\/p>\n<p class=\"fig-paragraph\">L\u2019affaire \u00e0 tiroirs pourrait \u00eatre un feuilleton. Reste \u00e0 savoir si la chute sera belle. Le 19 juin, Lucas Wafflart, 18 ans, se disait \u00able plus heureux des hommes\u00bb aupr\u00e8s du Dauphin\u00e9. Le Gersois, \u00e9tudiant en deuxi\u00e8me ann\u00e9e d\u2019un bac pro Agroequipement, venait de racheter aux ench\u00e8res la ferme de ses grands-parents \u00e0 la barre du tribunal de commerce d\u2019Agen. Le jeune homme avait appris la liquidation de l\u2019exploitation situ\u00e9e \u00e0 Mauvezin-sur-Gupie en lisant le journal. Son grand-p\u00e8re,\u00a0<a href=\"http:\/\/www.lefigaro.fr\/actualite-france\/je-nourrissais-2500-foyers-mais-n-avais-pas-de-quoi-manger-l-association-solidarite-paysans-au-chevet-des-agriculteurs-en-detresse-20240210\" target=\"_blank\" data-fig-type=\"Article\" rel=\"noopener nofollow\" data-gtm-custom-categorie=\"navigation\" data-gtm-custom-action=\"crossclick\" data-gtm-custom-label=\"Contextuel\" data-gtm-event=\"customEventSPE\" data-fig-domain=\"LEFIGARO\">agriculteur surendett\u00e9 depuis 20 ans<\/a>, n\u2019avait pas os\u00e9 l\u2019en informer.<\/p>\n<p class=\"fig-paragraph\">Faute de fonds personnels, le jeune homme avait fait appel \u00e0 la g\u00e9n\u00e9rosit\u00e9 du tout-venant en ouvrant une\u00a0<a href=\"http:\/\/www.lefigaro.fr\/conjoncture\/gofundme-leetchi-le-pot-commun-le-business-florissant-des-cagnottes-en-ligne-20230704\" target=\"_blank\" data-fig-type=\"Article\" rel=\"noopener nofollow\" data-gtm-custom-categorie=\"navigation\" data-gtm-custom-action=\"crossclick\" data-gtm-custom-label=\"Contextuel\" data-gtm-event=\"customEventSPE\" data-fig-domain=\"LEFIGARO\">cagnotte Leetchi<\/a>\u00a0le 13 juin. Touch\u00e9es par sa d\u00e9termination, la Conf\u00e9d\u00e9ration rurale de l\u2019Aquitaine et la SAFER du m\u00eame d\u00e9partement &#8211; une sorte de gendarme du foncier agricole &#8211; ont \u00e9labor\u00e9 une strat\u00e9gie. \u00c0 l\u2019ouverture des ench\u00e8res, alors que la mise \u00e0 prix de la ferme \u00e9tait de 140.000 euros, personne n\u2019a ench\u00e9ri. Puis au bout de 26 baisses successives\u2026<\/p>\n<p class=\"fig-premium-paywall__infos\">\n        Cet article est r\u00e9serv\u00e9 aux abonn\u00e9s.        Il vous reste 81% \u00e0 d\u00e9couvrir.\n    <\/p>\n<p>                <img  data- alt=\"Le Figaro\" class=\"fig-img--complete fig-img\"\/><\/p>\n<p class=\"fig-premium-paywall__title\">Vous avez envie de lire la suite ?<\/p>\n<p class=\"fig-premium-paywall__subtitle\">D\u00e9bloquez tous les articles imm\u00e9diatement.<\/p>\n<p class=\"fig-premium-paywall__connect\">\n                D\u00e9j\u00e0 abonn\u00e9\u00a0?                <a class=\"fig-premium-paywall__connect-link\" href=\"https:\/\/connect.lefigaro.fr\/login?client=horizon_web&amp;type=main&amp;redirect_uri=https%3A%2F%2Fwww.lefigaro.fr%2Factualite-france%2Fun-jeune-rachete-la-ferme-familiale-aux-encheres-un-retraite-surencherit-l-histoire-de-lucas-suscite-l-emotion-20250705\" data-js-gtm=\"{&quot;customCategorie&quot;: &quot;conversion&quot;, &quot;customAction&quot;: &quot;before_Landing_Connexion_paywall_auto&quot;, &quot;customLabel&quot;: &quot;bGVmaWdhcm8uZnJfXzFmMDU5ODc2LTFlYzAtNjcwMC04ZTJkLWE5MjY3MWNiYWUxYl9fQXJ0aWNsZQ==_Un jeune rach\u00e8te la ferme familiale aux ench\u00e8res, un retrait\u00e9 surench\u00e9rit\u00a0: l\u2019histoire de Lucas suscite l\u2019\u00e9motion_448&quot;, &quot;customIDSPE&quot;: &quot;bGVmaWdhcm8uZnJfXzFmMDU5ODc2LTFlYzAtNjcwMC04ZTJkLWE5MjY3MWNiYWUxYl9fQXJ0aWNsZQ==&quot;, &quot;event&quot;: &quot;customEventSPE&quot;}\" rel=\"nofollow noopener\" target=\"_blank\"><br \/>\n                    Connectez-vous<br \/>\n                <\/a>\n            <\/p>\n","protected":false},"excerpt":{"rendered":"R\u00c9CIT &#8211; Lucas Wafflart avait rachet\u00e9 la ferme de ses grands-parents surendett\u00e9s pour 10.045 euros. Dix jours plus&hellip;\n","protected":false},"author":2,"featured_media":228348,"comment_status":"","ping_status":"","sticky":false,"template":"","format":"standard","meta":{"footnotes":""},"categories":[4],"tags":[11,2572,1011,27,12,25],"class_list":{"0":"post-228347","1":"post","2":"type-post","3":"status-publish","4":"format-standard","5":"has-post-thumbnail","7":"category-france","8":"tag-actualites","9":"tag-agriculteurs","10":"tag-fr","11":"tag-france","12":"tag-news","13":"tag-republique-francaise"},"share_on_mastodon":{"url":"https:\/\/pubeurope.com\/@fr\/114801188901327137","error":""},"_links":{"self":[{"href":"https:\/\/www.europesays.com\/fr\/wp-json\/wp\/v2\/posts\/228347","targetHints":{"allow":["GET"]}}],"collection":[{"href":"https:\/\/www.europesays.com\/fr\/wp-json\/wp\/v2\/posts"}],"about":[{"href":"https:\/\/www.europesays.com\/fr\/wp-json\/wp\/v2\/types\/post"}],"author":[{"embeddable":true,"href":"https:\/\/www.europesays.com\/fr\/wp-json\/wp\/v2\/users\/2"}],"replies":[{"embeddable":true,"href":"https:\/\/www.europesays.com\/fr\/wp-json\/wp\/v2\/comments?post=228347"}],"version-history":[{"count":0,"href":"https:\/\/www.europesays.com\/fr\/wp-json\/wp\/v2\/posts\/228347\/revisions"}],"wp:featuredmedia":[{"embeddable":true,"href":"https:\/\/www.europesays.com\/fr\/wp-json\/wp\/v2\/media\/228348"}],"wp:attachment":[{"href":"https:\/\/www.europesays.com\/fr\/wp-json\/wp\/v2\/media?parent=228347"}],"wp:term":[{"taxonomy":"category","embeddable":true,"href":"https:\/\/www.europesays.com\/fr\/wp-json\/wp\/v2\/categories?post=228347"},{"taxonomy":"post_tag","embeddable":true,"href":"https:\/\/www.europesays.com\/fr\/wp-json\/wp\/v2\/tags?post=228347"}],"curies":[{"name":"wp","href":"https:\/\/api.w.org\/{rel}","templated":true}]}}